{"id":48516,"date":"2026-09-06T07:52:00","date_gmt":"2026-09-06T10:52:00","guid":{"rendered":"http:\/\/eenergetica.com.ar\/?p=48516"},"modified":"2026-09-01T10:54:50","modified_gmt":"2026-09-01T13:54:50","slug":"patagonia-bonaerense","status":"publish","type":"post","link":"https:\/\/eenergetica.com.ar\/index.php\/2026\/09\/06\/patagonia-bonaerense\/","title":{"rendered":"Patagonia Bonaerense"},"content":{"rendered":"\n<h3 class=\"wp-block-heading\"><strong><br>Historia, termas y salina<\/strong><\/h3>\n\n\n\n<hr class=\"wp-block-separator has-alpha-channel-opacity\"\/>\n\n\n\n<p>Un itinerario que invita a descubrir la esencia de la regi\u00f3n, sumergi\u00e9ndose en la rica historia y la identidad patag\u00f3nica bonaerense, con paseos pintorescos y vistas emblem\u00e1ticas. Los d\u00edas se despliegan entre la serenidad de la costa, en la tranquilidad de sus playas, la pesca deportiva y el deleite de la gastronom\u00eda marina. Paisajes insulares, descanso y aventura.&nbsp;<\/p>\n\n\n\n<p>La traves\u00eda contin\u00faa con el descubrimiento de aguas termales, la exploraci\u00f3n de lagunas, parques naturales, playas desiertas,vi\u00f1edos y bodegas.<br>&nbsp;<\/p>\n\n\n\n<hr class=\"wp-block-separator has-alpha-channel-opacity\"\/>\n\n\n\n<p><strong>D\u00cdA 1<\/strong>&nbsp;|&nbsp;<strong>LA CIUDAD M\u00c1S AUSTRAL DE LA PROVINCIA<\/strong><\/p>\n\n\n\n<p>Salida por la ma\u00f1ana hacia Carmen de Patagones para decubrir la ciudad m\u00e1s austral de la provincia de Buenos Aires, donde el r\u00edo Negro y la historia se encuentran. El casco hist\u00f3rico permite disfrutar de vistas a la costanera y conectar con la identidad patag\u00f3nica en un entorno natural \u00fanico.<\/p>\n\n\n\n<p><a href=\"https:\/\/turismo.patagones.gob.ar\/alojamientos-cdp-carmen-de-patagones-hotel-hoteles\/\">+ D\u00f3nde comer<\/a><br><a href=\"https:\/\/turismo.patagones.gob.ar\/alojamientos-cdp-carmen-de-patagones-hotel-hoteles\/\">+ D\u00f3nde alojarse<\/a><\/p>\n\n\n\n<p>La distancia total recorrida entre AMBA y Carmen de Patagones es de&nbsp;&nbsp;909 kil\u00f3metros&nbsp; aproximadamente.<\/p>\n\n\n\n<p><br><strong>Imperdibles en Patagones<\/strong><br>Carmen de Patagones atesora un rico patrimonio hist\u00f3rico que incluye la Antigua Torre del Fuerte del Carmen. Erigida en 1780 fue crucial en la defensa contra los invasores brasile\u00f1os de 1827 y por ello declarada Monumento Hist\u00f3rico Nacional. Tambi\u00e9n destaca la Iglesia Parroquial Nuestra Se\u00f1ora del Carmen y el Mausoleo del Comandante Luis Piedrabuena, Monumento Hist\u00f3rico Nacional desde 2003, donde yacen los restos del comandante. Complementan este legado el Faro Segunda Barranca, parte del Sistema de Faros Centenarios, y el hist\u00f3rico Teatro Espa\u00f1a, un vibrante centro cultural fundado en 1875.<br>&nbsp;<\/p>\n\n\n\n<hr class=\"wp-block-separator has-alpha-channel-opacity\"\/>\n\n\n\n<p><strong>D\u00cdA 2 | BAH\u00cdA SAN BLAS<\/strong><\/p>\n\n\n\n<p>Salida en horario de la ma\u00f1ana para vivir la tranquilidad costera del Pueblo Tur\u00edstico Bah\u00eda San Blas. Playas serenas, pesca deportiva, gastronom\u00eda marina y paisajes insulares ideales para el descanso, la aventura y la contemplaci\u00f3n de la naturaleza. Con pernocte en el lugar.<\/p>\n\n\n\n<p><a href=\"https:\/\/turismo.patagones.gob.ar\/restaurante\/\">+ D\u00f3nde comer: Los Pocitos<\/a><br><a href=\"https:\/\/turismo.patagones.gob.ar\/contactos\/restaurantes\/\">+ D\u00f3nde comer: Bah\u00eda San Blas<\/a><br><a href=\"https:\/\/turismo.patagones.gob.ar\/hoteles-y-apart-bsb\/\">+ D\u00f3nde alojarse: Hoteles<\/a><br><a href=\"https:\/\/turismo.patagones.gob.ar\/cabanas-y-complejos\/\">+ D\u00f3nde alojarse: Caba\u00f1as y complejos<\/a><\/p>\n\n\n\n<p>La distancia total&nbsp; recorrida entre Carmen de Patagones, Bah\u00eda San Bl\u00e1s y Los Pocitos es de&nbsp; 102 kil\u00f3metros aproximadamente.<br>&nbsp;<\/p>\n\n\n\n<hr class=\"wp-block-separator has-alpha-channel-opacity\"\/>\n\n\n\n<p><strong>D\u00cdA 3 | TERMAS, LAGUNAS Y PLAYAS<\/strong><\/p>\n\n\n\n<p>Salida desde Bah\u00eda San Bl\u00e1s a Pedro Luro. Recorrido hacia las Termas de Pedro Luro, luego por R\u00edo Colorado, la Laguna y Parque La Salada, y d\u00eda completo en las desiertas y naturales playas del Balneario La Chiquita, con pernocte en Villarino.<\/p>\n\n\n\n<p><a href=\"https:\/\/turismo.villarino.gob.ar\/donde-comer-en-villarino\/\">+ D\u00f3nde comer<\/a><br><a href=\"https:\/\/turismo.villarino.gob.ar\/alojamiento-en-villarino\/\">+ D\u00f3nde alojarse<\/a><\/p>\n\n\n\n<p>La distancia total recorrida entre Bah\u00eda San Bl\u00e1s, Pedro Luro y Balneario La Chiquita es de 19,5 kil\u00f3metros aproximadamente.<\/p>\n\n\n\n<p><br><strong>Planes en Villarino<\/strong><br>En Pedro Luro, el Complejo Fort\u00edn Mercedes, con su santuario a Mar\u00eda Auxiliadora y un cuadro bendecido por Don Bosco ofrece restaurante, cafeter\u00eda, santer\u00eda y camping. Dentro, el Museo Regional y Misionero exhibe m\u00e1s de 6.000 piezas sobre historia natural y la presencia salesiana. Muy cerca, en Nicol\u00e1s Levalle, las Salinas Chicas son la mayor depresi\u00f3n de Buenos Aires, a 42 metros bajo el nivel del mar. All\u00ed se cosechan 300.000 toneladas de sal al a\u00f1o y se ofrecen visitas guiadas desde el monumento al obrero salinero.<br>&nbsp;<\/p>\n\n\n\n<hr class=\"wp-block-separator has-alpha-channel-opacity\"\/>\n\n\n\n<p><strong>D\u00cdA 4 | HACIA LOS&nbsp; VI\u00d1EDOS Y BODEGAS DE M\u00c9DANOS<\/strong><\/p>\n\n\n\n<p>Por la ma\u00f1ana temprano,<strong>&nbsp;<\/strong>salida hacia M\u00e9danos, para disfrutar de playas, termas, lagunas y reservas naturales. Recorridos por vi\u00f1edos y Bodega Al Este. Pernocte en Villarino<\/p>\n\n\n\n<p><a href=\"https:\/\/turismo.villarino.gob.ar\/donde-comer-en-villarino\/\">+ D\u00f3nde comer<\/a><br><a href=\"https:\/\/turismo.villarino.gob.ar\/alojamiento-en-villarino\/\">+ D\u00f3nde alojarse<\/a><\/p>\n\n\n\n<p>La distancia total recorrida entre Pedro Luro y M\u00e9danos es de 86,5 kil\u00f3metros aproximadamente.<br>&nbsp;<\/p>\n\n\n\n<hr class=\"wp-block-separator has-alpha-channel-opacity\"\/>\n\n\n\n<p><br>D\u00cdA 5 | REGRESO POR LA MA\u00d1ANA A AMBA<\/p>\n","protected":false},"excerpt":{"rendered":"<p>Historia, termas y salina Un itinerario que invita a descubrir la esencia de la regi\u00f3n, sumergi\u00e9ndose en la rica historia y la identidad patag\u00f3nica bonaerense, con paseos pintorescos y vistas&hellip; <\/p>\n","protected":false},"author":2,"featured_media":48517,"comment_status":"closed","ping_status":"closed","sticky":false,"template":"","format":"standard","meta":{"footnotes":""},"categories":[27],"tags":[],"class_list":["post-48516","post","type-post","status-publish","format-standard","has-post-thumbnail","hentry","category-turismo"],"_links":{"self":[{"href":"https:\/\/eenergetica.com.ar\/index.php\/wp-json\/wp\/v2\/posts\/48516","targetHints":{"allow":["GET"]}}],"collection":[{"href":"https:\/\/eenergetica.com.ar\/index.php\/wp-json\/wp\/v2\/posts"}],"about":[{"href":"https:\/\/eenergetica.com.ar\/index.php\/wp-json\/wp\/v2\/types\/post"}],"author":[{"embeddable":true,"href":"https:\/\/eenergetica.com.ar\/index.php\/wp-json\/wp\/v2\/users\/2"}],"replies":[{"embeddable":true,"href":"https:\/\/eenergetica.com.ar\/index.php\/wp-json\/wp\/v2\/comments?post=48516"}],"version-history":[{"count":1,"href":"https:\/\/eenergetica.com.ar\/index.php\/wp-json\/wp\/v2\/posts\/48516\/revisions"}],"predecessor-version":[{"id":48518,"href":"https:\/\/eenergetica.com.ar\/index.php\/wp-json\/wp\/v2\/posts\/48516\/revisions\/48518"}],"wp:featuredmedia":[{"embeddable":true,"href":"https:\/\/eenergetica.com.ar\/index.php\/wp-json\/wp\/v2\/media\/48517"}],"wp:attachment":[{"href":"https:\/\/eenergetica.com.ar\/index.php\/wp-json\/wp\/v2\/media?parent=48516"}],"wp:term":[{"taxonomy":"category","embeddable":true,"href":"https:\/\/eenergetica.com.ar\/index.php\/wp-json\/wp\/v2\/categories?post=48516"},{"taxonomy":"post_tag","embeddable":true,"href":"https:\/\/eenergetica.com.ar\/index.php\/wp-json\/wp\/v2\/tags?post=48516"}],"curies":[{"name":"wp","href":"https:\/\/api.w.org\/{rel}","templated":true}]}}