{"id":48507,"date":"2026-09-03T07:24:00","date_gmt":"2026-09-03T10:24:00","guid":{"rendered":"http:\/\/eenergetica.com.ar\/?p=48507"},"modified":"2026-09-01T10:27:43","modified_gmt":"2026-09-01T13:27:43","slug":"retiro-voluntario-para-empleados-de-anses-a-quienes-alcanza-y-de-cuanto-es-el-tope-para-cobrarlo-en-cuotas","status":"publish","type":"post","link":"https:\/\/eenergetica.com.ar\/index.php\/2026\/09\/03\/retiro-voluntario-para-empleados-de-anses-a-quienes-alcanza-y-de-cuanto-es-el-tope-para-cobrarlo-en-cuotas\/","title":{"rendered":"Retiro voluntario para empleados de ANSES: a qui\u00e9nes alcanza y de cu\u00e1nto es el tope para cobrarlo en cuotas"},"content":{"rendered":"\n<p>La&nbsp;<a href=\"https:\/\/noticiasargentinas.com\/economia\/anses--fechas-de-cobro-para-la-auh-en-septiembre--listado-completo-por-numero-de-dni_a6a915cb875869a11853cbe43?srsltid=AfmBOooemii9KrHJlmgzlowEKC1AfLMTyDRAPtTBwmOxv3r4MR6VAjCl\"><strong>Administraci\u00f3n Nacional de la Seguridad Social<\/strong><\/a><strong>&nbsp;(ANSES)<\/strong>&nbsp;oficializ\u00f3 la&nbsp;<strong>Etapa 2 del Plan de Retiros de Voluntad Rec\u00edproca (RVR)<\/strong>, un r\u00e9gimen destinado al personal de planta permanente que desee finalizar su relaci\u00f3n laboral por mutuo acuerdo con el organismo. La medida fue publicada este martes en el&nbsp;<strong>Bolet\u00edn Oficial<\/strong>&nbsp;mediante la Resoluci\u00f3n 261\/2026.<\/p>\n\n\n\n<p>Seg\u00fan accedi\u00f3 la<strong>&nbsp;Agencia Noticias Argentinas<\/strong>, el nuevo esquema forma parte del proceso de reforma y modernizaci\u00f3n del Estado impulsado por el Gobierno y llega luego de que la primera etapa del programa registrara una &#8220;favorable convocatoria&#8221;, seg\u00fan los fundamentos de la resoluci\u00f3n.<\/p>\n\n\n\n<p>La adhesi\u00f3n al plan ser\u00e1&nbsp;<strong>voluntaria<\/strong>, pero no autom\u00e1tica. Cada solicitud deber\u00e1 ser evaluada y aprobada por ANSES, que podr\u00e1 rechazarla por razones operativas, de servicio o presupuestarias. Adem\u00e1s, quienes acepten el retiro no podr\u00e1n volver a trabajar en el Sector P\u00fablico Nacional durante&nbsp;<strong>cinco a\u00f1os<\/strong>.<\/p>\n\n\n\n<h3 class=\"wp-block-heading\">\u00bfQui\u00e9nes pueden acceder al retiro voluntario de ANSES?<\/h3>\n\n\n\n<p>El programa est\u00e1 dirigido al&nbsp;<strong>personal de planta permanente<\/strong>&nbsp;de ANSES comprendido en el Convenio Colectivo de Trabajo N.\u00ba 305\/98 &#8220;E&#8221;. La adhesi\u00f3n permanecer\u00e1 abierta&nbsp;<strong>hasta el 30 de septiembre de 2026<\/strong>.<\/p>\n\n\n\n<p>Podr\u00e1n adherirse quienes cumplan alguno de estos requisitos:<\/p>\n\n\n\n<ul class=\"wp-block-list\">\n<li>Haber ingresado a ANSES antes del 1\u00b0 de enero de 2024.<\/li>\n\n\n\n<li>Tener entre 60 y 64 a\u00f1os de edad; o<\/li>\n\n\n\n<li>Tener entre 65 y 69 a\u00f1os y contar con menos de 30 a\u00f1os de aportes previsionales.<\/li>\n<\/ul>\n\n\n\n<p>Quedan excluidos, entre otros, los trabajadores que:<\/p>\n\n\n\n<ul class=\"wp-block-list\">\n<li>Est\u00e9n procesados por delitos contra la Administraci\u00f3n P\u00fablica.<\/li>\n\n\n\n<li>Se encuentren sometidos a un procedimiento disciplinario que pueda derivar en despido.<\/li>\n\n\n\n<li>Hayan iniciado su tr\u00e1mite jubilatorio.<\/li>\n\n\n\n<li>Ya hayan presentado la renuncia.<\/li>\n\n\n\n<li>Mantengan reclamos administrativos o judiciales de car\u00e1cter laboral o salarial, salvo que desistan de ellos.<\/li>\n<\/ul>\n\n\n\n<h3 class=\"wp-block-heading\">\u00bfCu\u00e1nto se cobra por el retiro voluntario?<\/h3>\n\n\n\n<p>El personal que adhiera al plan recibir\u00e1 una&nbsp;<strong>gratificaci\u00f3n extraordinaria \u00fanica<\/strong>, equivalente al&nbsp;<strong>90% de la remuneraci\u00f3n por cada a\u00f1o de antig\u00fcedad efectiva en ANSES<\/strong>, o fracci\u00f3n mayor a tres meses.<\/p>\n","protected":false},"excerpt":{"rendered":"<p>La&nbsp;Administraci\u00f3n Nacional de la Seguridad Social&nbsp;(ANSES)&nbsp;oficializ\u00f3 la&nbsp;Etapa 2 del Plan de Retiros de Voluntad Rec\u00edproca (RVR), un r\u00e9gimen destinado al personal de planta permanente que desee finalizar su relaci\u00f3n laboral&hellip; <\/p>\n","protected":false},"author":2,"featured_media":48508,"comment_status":"closed","ping_status":"closed","sticky":false,"template":"","format":"standard","meta":{"footnotes":""},"categories":[20],"tags":[],"class_list":["post-48507","post","type-post","status-publish","format-standard","has-post-thumbnail","hentry","category-politica"],"_links":{"self":[{"href":"https:\/\/eenergetica.com.ar\/index.php\/wp-json\/wp\/v2\/posts\/48507","targetHints":{"allow":["GET"]}}],"collection":[{"href":"https:\/\/eenergetica.com.ar\/index.php\/wp-json\/wp\/v2\/posts"}],"about":[{"href":"https:\/\/eenergetica.com.ar\/index.php\/wp-json\/wp\/v2\/types\/post"}],"author":[{"embeddable":true,"href":"https:\/\/eenergetica.com.ar\/index.php\/wp-json\/wp\/v2\/users\/2"}],"replies":[{"embeddable":true,"href":"https:\/\/eenergetica.com.ar\/index.php\/wp-json\/wp\/v2\/comments?post=48507"}],"version-history":[{"count":1,"href":"https:\/\/eenergetica.com.ar\/index.php\/wp-json\/wp\/v2\/posts\/48507\/revisions"}],"predecessor-version":[{"id":48509,"href":"https:\/\/eenergetica.com.ar\/index.php\/wp-json\/wp\/v2\/posts\/48507\/revisions\/48509"}],"wp:featuredmedia":[{"embeddable":true,"href":"https:\/\/eenergetica.com.ar\/index.php\/wp-json\/wp\/v2\/media\/48508"}],"wp:attachment":[{"href":"https:\/\/eenergetica.com.ar\/index.php\/wp-json\/wp\/v2\/media?parent=48507"}],"wp:term":[{"taxonomy":"category","embeddable":true,"href":"https:\/\/eenergetica.com.ar\/index.php\/wp-json\/wp\/v2\/categories?post=48507"},{"taxonomy":"post_tag","embeddable":true,"href":"https:\/\/eenergetica.com.ar\/index.php\/wp-json\/wp\/v2\/tags?post=48507"}],"curies":[{"name":"wp","href":"https:\/\/api.w.org\/{rel}","templated":true}]}}