{"id":48498,"date":"2026-09-05T09:20:57","date_gmt":"2026-09-05T12:20:57","guid":{"rendered":"http:\/\/eenergetica.com.ar\/?p=48498"},"modified":"2026-09-01T09:26:17","modified_gmt":"2026-09-01T12:26:17","slug":"morosidad-la-rioja-lanza-un-plan-de-alivio-financiero-con-baja-de-tasas-a-traves-del-banco-provincial","status":"publish","type":"post","link":"https:\/\/eenergetica.com.ar\/index.php\/2026\/09\/05\/morosidad-la-rioja-lanza-un-plan-de-alivio-financiero-con-baja-de-tasas-a-traves-del-banco-provincial\/","title":{"rendered":"Morosidad: La Rioja lanza un plan de alivio financiero con baja de tasas a trav\u00e9s del banco provincial"},"content":{"rendered":"\n<p>El gobernador de La Rioja,&nbsp;<a href=\"https:\/\/noticiasargentinas.com\/ricardo-quintela_t655550e76c78023663e6ae65\">Ricardo Quintela<\/a>, anunci\u00f3 la puesta en marcha de&nbsp;<strong>un paquete de medidas financieras a trav\u00e9s del banco provincial<\/strong>, destinadas a&nbsp;<mark>contener el endeudamiento de las familias riojanas.<\/mark><\/p>\n\n\n\n<p>La iniciativa, que se presenta bajo el marco de una emergencia crediticia por 180 d\u00edas contra los denominados &#8220;abusos financieros&#8221;, busca dar respuesta a la progresiva erosi\u00f3n en la capacidad de pago de los hogares.<\/p>\n\n\n\n<p>Al respecto, Quintela expres\u00f3 que \u201cen un contexto econ\u00f3mico nacional que&nbsp;<strong>viene deteriorando la capacidad de pago de los hogares y llevando a muchas familias a recurrir al cr\u00e9dito<\/strong>&nbsp;para afrontar gastos cotidianos o cubrir compromisos anteriores, continuamos acompa\u00f1ando con medidas concretas\u201d.<\/p>\n\n\n\n<p>Ante este escenario, la administraci\u00f3n riojana ha optado por intervenir de manera directa para aliviar la carga que pesa sobre las familias, mediante un&nbsp;<mark>programa de asistencia del Banco Rioja<\/mark>, que se compone de tres herramientas concretas.<\/p>\n\n\n\n<p>Por un lado, el banco provincial dispondr\u00e1&nbsp;<strong>una baja de 20 puntos en la tasa de inter\u00e9s de sus pr\u00e9stamos personales<\/strong>. El beneficio alcanzar\u00e1 tanto a la solicitud de nuevos cr\u00e9ditos como a las refinanciaciones de pasivos de aquellos clientes que se encuentren al d\u00eda.<\/p>\n\n\n\n<p>En paralelo, se establecer\u00e1n&nbsp;<strong>condiciones especiales de regularizaci\u00f3n<\/strong>&nbsp;dirigidas de manera espec\u00edfica a las personas que acumulen un&nbsp;<mark>atraso de 90 d\u00edas o m\u00e1s en el cumplimiento de sus obligaciones financieras.<\/mark><\/p>\n\n\n\n<p>Adem\u00e1s, se implementar\u00e1 un plan de reestructuraci\u00f3n para saldos de la tarjeta de cr\u00e9dito Mastercard del Banco Rioja que permitir\u00e1&nbsp;<strong>financiar las deudas en hasta 36 cuotas mensuales con tasas fijas.<\/strong><\/p>\n\n\n\n<p>Al fundamentar el lanzamiento del paquete de medidas, Quintela contrapuso el accionar de la banca p\u00fablica frente a las alternativas del sector privado, se\u00f1alando que \u201cfrente a las especulaciones y las tasas desmedidas del mercado privado y las billeteras virtuales, defendemos a las familias con herramientas transparentes\u201d.<\/p>\n\n\n\n<p>A pesar del anuncio de las l\u00edneas generales, la comunicaci\u00f3n oficial no detall\u00f3 fechas precisas de vigencia, plazos administrativos ni los canales habilitados para acceder a los beneficios. Tampoco se difundi\u00f3 informaci\u00f3n vinculada con el costo fiscal del programa, la cantidad estimada de beneficiarios o si la reducci\u00f3n de tasas se aplicar\u00e1 autom\u00e1ticamente o requerir\u00e1 una evaluaci\u00f3n previa de cada carpeta crediticia.<\/p>\n\n\n\n<p>Agencia NA<\/p>\n","protected":false},"excerpt":{"rendered":"<p>El gobernador de La Rioja,&nbsp;Ricardo Quintela, anunci\u00f3 la puesta en marcha de&nbsp;un paquete de medidas financieras a trav\u00e9s del banco provincial, destinadas a&nbsp;contener el endeudamiento de las familias riojanas. La&hellip; <\/p>\n","protected":false},"author":2,"featured_media":48499,"comment_status":"closed","ping_status":"closed","sticky":false,"template":"","format":"standard","meta":{"footnotes":""},"categories":[28,24],"tags":[],"class_list":["post-48498","post","type-post","status-publish","format-standard","has-post-thumbnail","hentry","category-destacada","category-provincia"],"_links":{"self":[{"href":"https:\/\/eenergetica.com.ar\/index.php\/wp-json\/wp\/v2\/posts\/48498","targetHints":{"allow":["GET"]}}],"collection":[{"href":"https:\/\/eenergetica.com.ar\/index.php\/wp-json\/wp\/v2\/posts"}],"about":[{"href":"https:\/\/eenergetica.com.ar\/index.php\/wp-json\/wp\/v2\/types\/post"}],"author":[{"embeddable":true,"href":"https:\/\/eenergetica.com.ar\/index.php\/wp-json\/wp\/v2\/users\/2"}],"replies":[{"embeddable":true,"href":"https:\/\/eenergetica.com.ar\/index.php\/wp-json\/wp\/v2\/comments?post=48498"}],"version-history":[{"count":1,"href":"https:\/\/eenergetica.com.ar\/index.php\/wp-json\/wp\/v2\/posts\/48498\/revisions"}],"predecessor-version":[{"id":48500,"href":"https:\/\/eenergetica.com.ar\/index.php\/wp-json\/wp\/v2\/posts\/48498\/revisions\/48500"}],"wp:featuredmedia":[{"embeddable":true,"href":"https:\/\/eenergetica.com.ar\/index.php\/wp-json\/wp\/v2\/media\/48499"}],"wp:attachment":[{"href":"https:\/\/eenergetica.com.ar\/index.php\/wp-json\/wp\/v2\/media?parent=48498"}],"wp:term":[{"taxonomy":"category","embeddable":true,"href":"https:\/\/eenergetica.com.ar\/index.php\/wp-json\/wp\/v2\/categories?post=48498"},{"taxonomy":"post_tag","embeddable":true,"href":"https:\/\/eenergetica.com.ar\/index.php\/wp-json\/wp\/v2\/tags?post=48498"}],"curies":[{"name":"wp","href":"https:\/\/api.w.org\/{rel}","templated":true}]}}