{"id":48486,"date":"2026-09-03T09:01:53","date_gmt":"2026-09-03T12:01:53","guid":{"rendered":"http:\/\/eenergetica.com.ar\/?p=48486"},"modified":"2026-09-01T09:03:49","modified_gmt":"2026-09-01T12:03:49","slug":"subsidios-de-luz-amplian-el-consumo-bonificado-durante-septiembre","status":"publish","type":"post","link":"https:\/\/eenergetica.com.ar\/index.php\/2026\/09\/03\/subsidios-de-luz-amplian-el-consumo-bonificado-durante-septiembre\/","title":{"rendered":"Subsidios de luz: ampl\u00edan el consumo bonificado durante septiembre"},"content":{"rendered":"\n<p>La Secretar\u00eda de Energ\u00eda&nbsp;<strong>elev\u00f3 de 150 a 200 kilovatios hora mensuales el bloque de consumo el\u00e9ctrico alcanzado por los subsidios<\/strong>&nbsp;focalizados durante septiembre.<\/p>\n\n\n\n<p>La modificaci\u00f3n fue establecida mediante la Resoluci\u00f3n 221\/2026 y se aplicar\u00e1 a los usuarios beneficiarios con independencia de la zona bioambiental en la que residan.<\/p>\n\n\n\n<p>La decisi\u00f3n&nbsp;<strong>ampl\u00eda en 50 kWh el consumo mensual sobre el cual podr\u00e1 aplicarse la bonificaci\u00f3n<\/strong>&nbsp;correspondiente al r\u00e9gimen de Subsidios Energ\u00e9ticos Focalizados.<\/p>\n\n\n\n<p>El nuevo bloque de 200 kWh&nbsp;<mark>tambi\u00e9n ser\u00e1 utilizado para calcular la bonificaci\u00f3n extraordinaria del 25%<\/mark>&nbsp;dispuesta por el Gobierno para septiembre.<\/p>\n\n\n\n<p>Los consumos que superen el volumen subsidiado&nbsp;<strong>ser\u00e1n facturados sin ese beneficio<\/strong>, de acuerdo con los precios y cuadros tarifarios vigentes.<\/p>\n\n\n\n<p>La medida tendr\u00e1&nbsp;<mark>car\u00e1cter excepcional para septiembre<\/mark>&nbsp;y deber\u00e1 ser implementada por las distribuidoras en la facturaci\u00f3n correspondiente.<\/p>\n\n\n\n<p>El impacto final depender\u00e1 del consumo de cada hogar, la tarifa de su jurisdicci\u00f3n y los restantes componentes incluidos en la factura.<\/p>\n\n\n\n<p>Agencia NA<\/p>\n","protected":false},"excerpt":{"rendered":"<p>La Secretar\u00eda de Energ\u00eda&nbsp;elev\u00f3 de 150 a 200 kilovatios hora mensuales el bloque de consumo el\u00e9ctrico alcanzado por los subsidios&nbsp;focalizados durante septiembre. La modificaci\u00f3n fue establecida mediante la Resoluci\u00f3n 221\/2026&hellip; <\/p>\n","protected":false},"author":2,"featured_media":48487,"comment_status":"closed","ping_status":"closed","sticky":false,"template":"","format":"standard","meta":{"footnotes":""},"categories":[28,21],"tags":[],"class_list":["post-48486","post","type-post","status-publish","format-standard","has-post-thumbnail","hentry","category-destacada","category-economia"],"_links":{"self":[{"href":"https:\/\/eenergetica.com.ar\/index.php\/wp-json\/wp\/v2\/posts\/48486","targetHints":{"allow":["GET"]}}],"collection":[{"href":"https:\/\/eenergetica.com.ar\/index.php\/wp-json\/wp\/v2\/posts"}],"about":[{"href":"https:\/\/eenergetica.com.ar\/index.php\/wp-json\/wp\/v2\/types\/post"}],"author":[{"embeddable":true,"href":"https:\/\/eenergetica.com.ar\/index.php\/wp-json\/wp\/v2\/users\/2"}],"replies":[{"embeddable":true,"href":"https:\/\/eenergetica.com.ar\/index.php\/wp-json\/wp\/v2\/comments?post=48486"}],"version-history":[{"count":1,"href":"https:\/\/eenergetica.com.ar\/index.php\/wp-json\/wp\/v2\/posts\/48486\/revisions"}],"predecessor-version":[{"id":48488,"href":"https:\/\/eenergetica.com.ar\/index.php\/wp-json\/wp\/v2\/posts\/48486\/revisions\/48488"}],"wp:featuredmedia":[{"embeddable":true,"href":"https:\/\/eenergetica.com.ar\/index.php\/wp-json\/wp\/v2\/media\/48487"}],"wp:attachment":[{"href":"https:\/\/eenergetica.com.ar\/index.php\/wp-json\/wp\/v2\/media?parent=48486"}],"wp:term":[{"taxonomy":"category","embeddable":true,"href":"https:\/\/eenergetica.com.ar\/index.php\/wp-json\/wp\/v2\/categories?post=48486"},{"taxonomy":"post_tag","embeddable":true,"href":"https:\/\/eenergetica.com.ar\/index.php\/wp-json\/wp\/v2\/tags?post=48486"}],"curies":[{"name":"wp","href":"https:\/\/api.w.org\/{rel}","templated":true}]}}