{"id":48471,"date":"2026-09-06T08:50:23","date_gmt":"2026-09-06T11:50:23","guid":{"rendered":"http:\/\/eenergetica.com.ar\/?p=48471"},"modified":"2026-09-01T08:52:14","modified_gmt":"2026-09-01T11:52:14","slug":"violencia-de-genero-se-registraron-176-femicidios-en-lo-que-va-de-2026-y-ya-hay-mas-victimas-que-el-ano-pasado","status":"publish","type":"post","link":"https:\/\/eenergetica.com.ar\/index.php\/2026\/09\/06\/violencia-de-genero-se-registraron-176-femicidios-en-lo-que-va-de-2026-y-ya-hay-mas-victimas-que-el-ano-pasado\/","title":{"rendered":"Violencia de g\u00e9nero: se registraron 176 femicidios en lo que va de 2026 y ya hay m\u00e1s v\u00edctimas que el a\u00f1o pasado"},"content":{"rendered":"\n<p>&nbsp;En lo que va del 2026 se registraron<strong>&nbsp;176 casos de&nbsp;<\/strong><a href=\"https:\/\/noticiasargentinas.com\/sociedad\/a-11-anos-del-femicidio-de-claudia-schaefer--74-lesiones-cortantes-y-la-confesion-de-fernando-farre_a6a883d7e8bdd123bd4eeb6c1\"><strong>femicidios<\/strong><\/a>, cr\u00edmenes cometidos cada&nbsp;<strong>33 horas<\/strong>&nbsp;en la Argentina, y ya&nbsp;<strong>hay m\u00e1s v\u00edctimas que el a\u00f1o pasado.<\/strong><\/p>\n\n\n\n<p>De acuerdo al informe del&nbsp;<strong>Observatorio Mujeres de la Matria Latinoamericana (MuMaL\u00e1)<\/strong>, al que accedi\u00f3 la&nbsp;<em><strong>Agencia Noticias Argentinas<\/strong><\/em>, \u00fanicamente el&nbsp;<strong>11%<\/strong>&nbsp;de las v\u00edctimas se presentaron ante la Justicia para denunciar los hechos, mientras que el&nbsp;<strong>75%<\/strong>&nbsp;de ellas ten\u00eda una&nbsp;<strong>orden de restricci\u00f3n contra el agresor y el 12% bot\u00f3n antip\u00e1nico.<\/strong><\/p>\n\n\n\n<p>Desde el 1\u00b0 de enero hasta el 31 de agosto hubo&nbsp;<strong>127 femicidios directos<\/strong>,&nbsp;<strong>15 vinculados de varones\/ni\u00f1os<\/strong>,&nbsp;<strong>ocho trans\/travesticidios<\/strong>,&nbsp;<strong>17 feminicidios en contexto de narcotr\u00e1fico y crimen organizado<\/strong>&nbsp;y&nbsp;<strong>nueve suicidios feminicidas.<\/strong><\/p>\n\n\n\n<p>Adem\u00e1s, 132 ni\u00f1os y adolescentes se quedaron sin madres, al tiempo que Santiago del Estero (1,7), Santa Fe (1,6) y Catamarca (1,4) son las provincias con tasas m\u00e1s altas de feminicidios en el pa\u00eds.<\/p>\n\n\n\n<p>Las&nbsp;<strong>armas de fuego&nbsp;<\/strong>fueron las m\u00e1s utilizadas para matar<strong>&nbsp;(32%)<\/strong>, seguidas por las&nbsp;<strong>armas blancas<\/strong>&nbsp;<strong>(24%)<\/strong>&nbsp;y otras modalidades como&nbsp;<strong>asfixia (13 %)<\/strong>&nbsp;y<strong>&nbsp;golpes (11 %).<\/strong><\/p>\n\n\n\n<p>La edad promedio de las v\u00edctimas es de 39 a\u00f1os; 16 eran ni\u00f1as y adolescentes y 17 eran adultas mayores, a la vez que el femicida tiene 41 a\u00f1os.<\/p>\n\n\n\n<p>MuMaL\u00e1 critic\u00f3 la falta de prevenci\u00f3n y pol\u00edticas para abordar esta problem\u00e1tica social, por lo que exigi\u00f3&nbsp;<em><strong>&#8220;a nivel nacional la restituci\u00f3n de los presupuestos, las estructuras funcionales y las iniciativas que garantizan el derecho a vivir libres y sin miedo&#8221;.<\/strong><\/em><\/p>\n\n\n\n<p>Agencia NA<\/p>\n","protected":false},"excerpt":{"rendered":"<p>&nbsp;En lo que va del 2026 se registraron&nbsp;176 casos de&nbsp;femicidios, cr\u00edmenes cometidos cada&nbsp;33 horas&nbsp;en la Argentina, y ya&nbsp;hay m\u00e1s v\u00edctimas que el a\u00f1o pasado. De acuerdo al informe del&nbsp;Observatorio Mujeres&hellip; <\/p>\n","protected":false},"author":2,"featured_media":48472,"comment_status":"closed","ping_status":"closed","sticky":false,"template":"","format":"standard","meta":{"footnotes":""},"categories":[22],"tags":[],"class_list":["post-48471","post","type-post","status-publish","format-standard","has-post-thumbnail","hentry","category-sociedad"],"_links":{"self":[{"href":"https:\/\/eenergetica.com.ar\/index.php\/wp-json\/wp\/v2\/posts\/48471","targetHints":{"allow":["GET"]}}],"collection":[{"href":"https:\/\/eenergetica.com.ar\/index.php\/wp-json\/wp\/v2\/posts"}],"about":[{"href":"https:\/\/eenergetica.com.ar\/index.php\/wp-json\/wp\/v2\/types\/post"}],"author":[{"embeddable":true,"href":"https:\/\/eenergetica.com.ar\/index.php\/wp-json\/wp\/v2\/users\/2"}],"replies":[{"embeddable":true,"href":"https:\/\/eenergetica.com.ar\/index.php\/wp-json\/wp\/v2\/comments?post=48471"}],"version-history":[{"count":1,"href":"https:\/\/eenergetica.com.ar\/index.php\/wp-json\/wp\/v2\/posts\/48471\/revisions"}],"predecessor-version":[{"id":48473,"href":"https:\/\/eenergetica.com.ar\/index.php\/wp-json\/wp\/v2\/posts\/48471\/revisions\/48473"}],"wp:featuredmedia":[{"embeddable":true,"href":"https:\/\/eenergetica.com.ar\/index.php\/wp-json\/wp\/v2\/media\/48472"}],"wp:attachment":[{"href":"https:\/\/eenergetica.com.ar\/index.php\/wp-json\/wp\/v2\/media?parent=48471"}],"wp:term":[{"taxonomy":"category","embeddable":true,"href":"https:\/\/eenergetica.com.ar\/index.php\/wp-json\/wp\/v2\/categories?post=48471"},{"taxonomy":"post_tag","embeddable":true,"href":"https:\/\/eenergetica.com.ar\/index.php\/wp-json\/wp\/v2\/tags?post=48471"}],"curies":[{"name":"wp","href":"https:\/\/api.w.org\/{rel}","templated":true}]}}