{"id":48441,"date":"2026-09-01T08:26:42","date_gmt":"2026-09-01T11:26:42","guid":{"rendered":"http:\/\/eenergetica.com.ar\/?p=48441"},"modified":"2026-09-01T08:26:42","modified_gmt":"2026-09-01T11:26:42","slug":"milei-presento-su-declaracion-jurada-su-patrimonio-aumento-un-43-en-su-segundo-ano-de-gestion","status":"publish","type":"post","link":"https:\/\/eenergetica.com.ar\/index.php\/2026\/09\/01\/milei-presento-su-declaracion-jurada-su-patrimonio-aumento-un-43-en-su-segundo-ano-de-gestion\/","title":{"rendered":"Milei present\u00f3 su declaraci\u00f3n jurada: su patrimonio aument\u00f3 un 43% en su segundo a\u00f1o de gesti\u00f3n"},"content":{"rendered":"\n<p><strong>El presidente Javier Milei present\u00f3 su declaraci\u00f3n jurada correspondiente al a\u00f1o 2025&nbsp;<\/strong>ante la Oficina Anticorrupci\u00f3n y los n\u00fameros mostraron&nbsp;<strong>un crecimiento de su patrimonio del 43,3% nominal en su segundo a\u00f1o de gesti\u00f3n.<\/strong><\/p>\n\n\n\n<p>Acorde con el documento,<strong>&nbsp;los bienes, dep\u00f3sitos y dinero del presidente aumentaron de $206.046.375,48 al comienzo de 2025 a $295.182.652,87 al cierre de ese a\u00f1o<\/strong>, es decir, un incremento de $89,1 millones.<\/p>\n\n\n\n<p>Al mismo tiempo,&nbsp;<strong>el jefe de Estado registr\u00f3 una deuda de $586.357 con el Banco Supervielle<\/strong>, mora que no ten\u00eda hace doce meses atr\u00e1s.<\/p>\n\n\n\n<p>Las cifras en la declaraci\u00f3n jurada del mandatario son las siguientes:<strong>&nbsp;$81.806.723,92, integrado por $48.792.217,80 de renta del trabajo personal y $45.083.979,43 de renta de empresas y auxiliares de comercio<\/strong>&nbsp;(previo a las deducciones).&nbsp;<\/p>\n\n\n\n<p>En cuanto a los&nbsp;<strong>gastos personales, subieron a $66.262.044,60.<\/strong><\/p>\n\n\n\n<p>En cuanto a los bienes,<strong>&nbsp;Milei no incorpor\u00f3 bienes nuevos<\/strong>, por lo que present\u00f3 la revaluaci\u00f3n de los mismos activos que ya ten\u00eda.&nbsp;<strong>El inmueble de 100 metros cuadrados ubicado en la ciudad de Buenos Aires pas\u00f3 de una valuaci\u00f3n de $38.419.071,20 a $73.573.546,13.<\/strong><\/p>\n\n\n\n<p>Los dos veh\u00edculos:<strong>&nbsp;una camioneta Mercedes Benz Sprinter y un Peugeot RCZ Coup\u00e9 conservaron su valuaci\u00f3n en $20.173.600 y $16.254.200<\/strong>, respectivamente.<\/p>\n\n\n\n<p>Al mismo tiempo aument\u00f3 el valor en pesos de sus tenencias en d\u00f3lares:&nbsp;<strong>US$65.562 en una caja de ahorro y US$20.000 en efectivo<\/strong>, que pasaron de valuarse a un tipo de cambio de $1029 a uno de $1446 por el cambio del d\u00f3lar entre el principio y el final del a\u00f1o.<\/p>\n\n\n\n<p><strong>EL PATRIMONIO DE KARINA MILEI<\/strong><\/p>\n\n\n\n<p>La hermana del presidente y secretaria de Presidencia,&nbsp;<strong>Karina Milei<\/strong>, tambi\u00e9n present\u00f3 su declaraci\u00f3n jurada y aqu\u00ed se observa<strong>&nbsp;un incremento del patrimonio m\u00e1s pronunciado<\/strong>&nbsp;en t\u00e9rminos porcentuales, pero un monto mucho menor.<\/p>\n\n\n\n<p><strong>Sus bienes, dep\u00f3sitos y dinero aumentaron de $11.401.021,93 a $35.312.784,57<\/strong>, una suba del 210%.<\/p>\n\n\n\n<p><strong>La raz\u00f3n principal de esa alza es la revaluaci\u00f3n de la propiedad de 150 metros cuadrados con cochera&nbsp;<\/strong>que la funcionaria posee en Vicente L\u00f3pez, provincia de Buenos Aires, y que declara como su casa habitaci\u00f3n desde 2011.<\/p>\n\n\n\n<p><strong>La valuaci\u00f3n de ese inmueble pas\u00f3 de $3.992.825,14 a $28.162.492,74<\/strong>, una diferencia de $24,17 millones, que explica la totalidad del incremento patrimonial, debido a que, en los dem\u00e1s bienes (dep\u00f3sitos, efectivo y cr\u00e9ditos impositivos) se registraron variaciones menores y hasta bajas.&nbsp;<\/p>\n\n\n\n<p><strong>Karina Milei declar\u00f3 ingresos netos por $33.124.206,0<\/strong>2 e indic\u00f3 que todos corresponden a la renta del trabajo personal, y<strong>&nbsp;gastos personales por $33.688.374,25.&nbsp;<\/strong><\/p>\n\n\n\n<p><strong>Las deudas de la hermana del mandatario tambi\u00e9n crecieron<\/strong>: la que tiene con el Industrial and Commercial Bank of China pas\u00f3 de $59.220 a $60.374, y la que mantiene con el Banco Santander, de $782.741 a $909.097.&nbsp;<strong>En total, las deudas de la funcionaria aumentaron de $841.961 a $969.471 durante el 2025.&nbsp;<\/strong><\/p>\n\n\n\n<p>Adem\u00e1s, en la declaraci\u00f3n,<strong>&nbsp;Karina Milei sum\u00f3 una cuenta de pago de una billetera virtual por $3.852.216<\/strong>, que no estaba en la presentaci\u00f3n del a\u00f1o anterior.<\/p>\n\n\n\n<p><strong>LA DECLARACI\u00d3N JURADA DE CAPUTO<\/strong><\/p>\n\n\n\n<p>El ministro de Econom\u00eda,&nbsp;<strong>Luis Caputo, present\u00f3 su declaraci\u00f3n jurada e<\/strong><strong>l fin de semana e indic\u00f3 un patrimonio que aument\u00f3 de $11.851 millones a $19.209 millones<\/strong>, una suba del 62% en pesos.&nbsp;<\/p>\n\n\n\n<p>Respecto a&nbsp;<strong>sus dep\u00f3sitos bancarios, la suma declarada es $12.730 millones<\/strong>&nbsp;<strong>y&nbsp;el 97%, $12.422 millones se encuentran en el exterior<\/strong>, mayoritariamente en una \u00fanica cuenta en Estados Unidos en la que hay $11.739 millones. Adem\u00e1s,&nbsp;<strong>Caputo declar\u00f3 gastos personales por $237 millones durante el 2025. Agencia NA<\/strong><\/p>\n","protected":false},"excerpt":{"rendered":"<p>El presidente Javier Milei present\u00f3 su declaraci\u00f3n jurada correspondiente al a\u00f1o 2025&nbsp;ante la Oficina Anticorrupci\u00f3n y los n\u00fameros mostraron&nbsp;un crecimiento de su patrimonio del 43,3% nominal en su segundo a\u00f1o&hellip; <\/p>\n","protected":false},"author":2,"featured_media":48442,"comment_status":"closed","ping_status":"closed","sticky":false,"template":"","format":"standard","meta":{"footnotes":""},"categories":[21],"tags":[],"class_list":["post-48441","post","type-post","status-publish","format-standard","has-post-thumbnail","hentry","category-economia"],"_links":{"self":[{"href":"https:\/\/eenergetica.com.ar\/index.php\/wp-json\/wp\/v2\/posts\/48441","targetHints":{"allow":["GET"]}}],"collection":[{"href":"https:\/\/eenergetica.com.ar\/index.php\/wp-json\/wp\/v2\/posts"}],"about":[{"href":"https:\/\/eenergetica.com.ar\/index.php\/wp-json\/wp\/v2\/types\/post"}],"author":[{"embeddable":true,"href":"https:\/\/eenergetica.com.ar\/index.php\/wp-json\/wp\/v2\/users\/2"}],"replies":[{"embeddable":true,"href":"https:\/\/eenergetica.com.ar\/index.php\/wp-json\/wp\/v2\/comments?post=48441"}],"version-history":[{"count":1,"href":"https:\/\/eenergetica.com.ar\/index.php\/wp-json\/wp\/v2\/posts\/48441\/revisions"}],"predecessor-version":[{"id":48443,"href":"https:\/\/eenergetica.com.ar\/index.php\/wp-json\/wp\/v2\/posts\/48441\/revisions\/48443"}],"wp:featuredmedia":[{"embeddable":true,"href":"https:\/\/eenergetica.com.ar\/index.php\/wp-json\/wp\/v2\/media\/48442"}],"wp:attachment":[{"href":"https:\/\/eenergetica.com.ar\/index.php\/wp-json\/wp\/v2\/media?parent=48441"}],"wp:term":[{"taxonomy":"category","embeddable":true,"href":"https:\/\/eenergetica.com.ar\/index.php\/wp-json\/wp\/v2\/categories?post=48441"},{"taxonomy":"post_tag","embeddable":true,"href":"https:\/\/eenergetica.com.ar\/index.php\/wp-json\/wp\/v2\/tags?post=48441"}],"curies":[{"name":"wp","href":"https:\/\/api.w.org\/{rel}","templated":true}]}}