{"id":48438,"date":"2026-09-01T08:24:29","date_gmt":"2026-09-01T11:24:29","guid":{"rendered":"http:\/\/eenergetica.com.ar\/?p=48438"},"modified":"2026-09-01T08:24:30","modified_gmt":"2026-09-01T11:24:30","slug":"el-futuro-de-la-seleccion-argentina-tras-el-retiro-de-messi","status":"publish","type":"post","link":"https:\/\/eenergetica.com.ar\/index.php\/2026\/09\/01\/el-futuro-de-la-seleccion-argentina-tras-el-retiro-de-messi\/","title":{"rendered":"El futuro de la Selecci\u00f3n argentina tras el retiro de Messi"},"content":{"rendered":"\n<p>La&nbsp;<strong>Selecci\u00f3n argentina<\/strong>&nbsp;sufre&nbsp;<strong>una de las bajas m\u00e1s grandes de su historia deportiva<\/strong>, al tener que comenzar a trazar un futuro en el que no est\u00e9 el astro&nbsp;<strong>Lionel Messi<\/strong>.<\/p>\n\n\n\n<p>Seg\u00fan supo la&nbsp;<strong>Agencia Noticias Argentinas<\/strong>, el hist\u00f3rico delantero campe\u00f3n del mundo en el Mundial de Qatar 2022 tom\u00f3 la decisi\u00f3n de&nbsp;<strong>retirarse del representativo nacional<\/strong>&nbsp;tras&nbsp;<strong>21 a\u00f1os<\/strong>&nbsp;defendiendo sus colores, en lo que describi\u00f3 como una situaci\u00f3n que&nbsp;<strong>le \u201cduele en el alma\u201d.<\/strong><\/p>\n\n\n\n<p>As\u00ed, el seleccionado que dirige el entrenador Lionel Scaloni deber\u00e1 afrontar&nbsp;<strong>entre septiembre y octubre<\/strong>&nbsp;de este a\u00f1o su&nbsp;<strong>primera fecha FIFA desde el retiro del capit\u00e1n<\/strong>, adem\u00e1s de comenzar a planificar sus primeros torneos sin el \u201c10\u201d desde 2006.<\/p>\n\n\n\n<p>La noticia del retiro de&nbsp;<strong>Lionel Messi<\/strong>&nbsp;de la Selecci\u00f3n argentina gener\u00f3 impacto, emoci\u00f3n y tristeza en el mundo del f\u00fatbol a partes iguales, y el representativo nacional no fue ajeno al mismo.<\/p>\n\n\n\n<p>Con un breve mensaje en el que se le&nbsp;<strong>agradece eternamente<\/strong>, se le promete&nbsp;<strong>amor eterno<\/strong>&nbsp;y se lo trata de&nbsp;<strong>\u201cleyenda\u201d<\/strong>&nbsp;en redes sociales, a modo de despedida, comienza uno de los grandes desaf\u00edos de Scaloni: armar una convocatoria sin su l\u00edder principal.<\/p>\n\n\n\n<p>Adem\u00e1s de la necesidad de buscar un&nbsp;<strong>nuevo capit\u00e1n<\/strong>, rol para el que hay m\u00e1s de un jugador capacitado de hacerse cargo al contar con nombres como el arquero&nbsp;<strong>Emiliano \u201cDibu\u201d Mart\u00ednez<\/strong>, el defensor&nbsp;<strong>Cristian \u201cCuti\u201d Romero<\/strong>&nbsp;o los mediocampistas&nbsp;<strong>Leandro Paredes<\/strong>&nbsp;y&nbsp;<strong>Enzo Fern\u00e1ndez<\/strong>, que han portado la cinta en sus respectivos clubes y tienen el car\u00e1cter necesario para hacerlo, el seleccionado deber\u00e1 buscar un&nbsp;<strong>nuevo l\u00edder natural<\/strong>, en lo grupal y lo deportivo.<\/p>\n\n\n\n<p>Su rol dentro de la cancha ha sido claro con el correr de los a\u00f1os. La Selecci\u00f3n argentina siempre dependi\u00f3 de Messi, en sus logros m\u00e1s grandes, que llegaron apilados desde el comienzo de la d\u00e9cada, y en las copas que no logr\u00f3 alzar, ya que, salvo peque\u00f1as excepciones, siempre fue el jugador m\u00e1s destacado desde el inicio de su titularidad.<\/p>\n\n\n\n<p>No hace falta m\u00e1s que ver sus \u00faltimos dos mundiales para notar su trascendencia actual dentro del campo de juego: luego de una Copa del Mundo inolvidable en&nbsp;<strong>Qatar 2022<\/strong>, en la que fue&nbsp;<strong>el mejor jugador del certamen<\/strong>&nbsp;sin ninguna discusi\u00f3n y se qued\u00f3 con el&nbsp;<strong>Bal\u00f3n de Oro<\/strong>, su participaci\u00f3n en la \u00faltima disputa fue heroica, con&nbsp;<strong>ocho goles<\/strong>&nbsp;en los tantos triunfos ag\u00f3nicos del seleccionado.<\/p>\n","protected":false},"excerpt":{"rendered":"<p>La&nbsp;Selecci\u00f3n argentina&nbsp;sufre&nbsp;una de las bajas m\u00e1s grandes de su historia deportiva, al tener que comenzar a trazar un futuro en el que no est\u00e9 el astro&nbsp;Lionel Messi. Seg\u00fan supo la&nbsp;Agencia&hellip; <\/p>\n","protected":false},"author":2,"featured_media":48439,"comment_status":"closed","ping_status":"closed","sticky":false,"template":"","format":"standard","meta":{"footnotes":""},"categories":[22],"tags":[],"class_list":["post-48438","post","type-post","status-publish","format-standard","has-post-thumbnail","hentry","category-sociedad"],"_links":{"self":[{"href":"https:\/\/eenergetica.com.ar\/index.php\/wp-json\/wp\/v2\/posts\/48438","targetHints":{"allow":["GET"]}}],"collection":[{"href":"https:\/\/eenergetica.com.ar\/index.php\/wp-json\/wp\/v2\/posts"}],"about":[{"href":"https:\/\/eenergetica.com.ar\/index.php\/wp-json\/wp\/v2\/types\/post"}],"author":[{"embeddable":true,"href":"https:\/\/eenergetica.com.ar\/index.php\/wp-json\/wp\/v2\/users\/2"}],"replies":[{"embeddable":true,"href":"https:\/\/eenergetica.com.ar\/index.php\/wp-json\/wp\/v2\/comments?post=48438"}],"version-history":[{"count":1,"href":"https:\/\/eenergetica.com.ar\/index.php\/wp-json\/wp\/v2\/posts\/48438\/revisions"}],"predecessor-version":[{"id":48440,"href":"https:\/\/eenergetica.com.ar\/index.php\/wp-json\/wp\/v2\/posts\/48438\/revisions\/48440"}],"wp:featuredmedia":[{"embeddable":true,"href":"https:\/\/eenergetica.com.ar\/index.php\/wp-json\/wp\/v2\/media\/48439"}],"wp:attachment":[{"href":"https:\/\/eenergetica.com.ar\/index.php\/wp-json\/wp\/v2\/media?parent=48438"}],"wp:term":[{"taxonomy":"category","embeddable":true,"href":"https:\/\/eenergetica.com.ar\/index.php\/wp-json\/wp\/v2\/categories?post=48438"},{"taxonomy":"post_tag","embeddable":true,"href":"https:\/\/eenergetica.com.ar\/index.php\/wp-json\/wp\/v2\/tags?post=48438"}],"curies":[{"name":"wp","href":"https:\/\/api.w.org\/{rel}","templated":true}]}}