{"id":48435,"date":"2026-09-01T08:22:26","date_gmt":"2026-09-01T11:22:26","guid":{"rendered":"http:\/\/eenergetica.com.ar\/?p=48435"},"modified":"2026-09-01T08:22:27","modified_gmt":"2026-09-01T11:22:27","slug":"los-aumentos-confirmados-que-llegan-en-septiembre-prepagas-transporte-y-colegios","status":"publish","type":"post","link":"https:\/\/eenergetica.com.ar\/index.php\/2026\/09\/01\/los-aumentos-confirmados-que-llegan-en-septiembre-prepagas-transporte-y-colegios\/","title":{"rendered":"Los aumentos confirmados que llegan en septiembre: prepagas, transporte y colegios"},"content":{"rendered":"\n<p>A partir del mes de septimbre, habr\u00e1 una serie de aumentos<strong>&nbsp;<\/strong>que ajustan por&nbsp;<strong>inflaci\u00f3n&nbsp;<\/strong>y que tendr\u00e1n como referencia la variaci\u00f3n del&nbsp;<a href=\"https:\/\/noticiasargentinas.com\/economia\/ranking-de-inflacion-en-america-latina--que-puesto-ocupa-argentina_a6a676cc9c5b51cb7e4e674cd\"><strong>costo de vida de julio que fue de 2,1%<\/strong><\/a><strong>.<\/strong><\/p>\n\n\n\n<p>A nivel nacional, el ajuste m\u00e1s significativo ser\u00e1 el que aplicar\u00e1n las&nbsp;<strong>empresas de medicina prepaga<\/strong>, dado que por la informaci\u00f3n ya comunicada ser\u00e1 de entre&nbsp;<strong>1,9% y 3,11%<\/strong>.<\/p>\n\n\n\n<p>Por ejemplo,&nbsp;<strong>Swiss Medical<\/strong>&nbsp;ser\u00e1 la de mayor alza con un 3,11% ya informado a la Superintendencia de Salud, en tanto los planes de&nbsp;<strong>Omint&nbsp;<\/strong>subir\u00e1n 2,9% y los de&nbsp;<strong>Osde&nbsp;<\/strong>variar\u00e1n entre 1,9% y 2,3%.&nbsp;<\/p>\n\n\n\n<p>Los de Galeno lo har\u00e1n entre 2,3 y 2,8%. El&nbsp;<strong>Hospital Alem\u00e1n<\/strong>&nbsp;ajustar\u00e1 2,36% y el Italiano 2,1%. En la regi\u00f3n del AMBA tambi\u00e9n golpear\u00e1n los bolsillos las nuevas tarifas del transporte p\u00fablico.<\/p>\n\n\n\n<h3 class=\"wp-block-heading\">El pasaje del subte sube 4% a $ 1.753<\/h3>\n\n\n\n<p>En los colectivos que circulan por la&nbsp;<strong>Ciudad de Buenos Aires el aumento ser\u00e1 de 4,1% y en los de la provincia 4,3%<\/strong><\/p>\n\n\n\n<p><strong>CABA<\/strong><\/p>\n\n\n\n<p>Hasta 3 kil\u00f3metros: $887,99<\/p>\n\n\n\n<p>Entre 3 y 6 kil\u00f3metros:&nbsp;$986,70<\/p>\n\n\n\n<p>Entre 6 y 12 kil\u00f3metros:&nbsp;$1.062,70<\/p>\n\n\n\n<p>M\u00e1s de 12 kil\u00f3metros:&nbsp;$1.138,77<\/p>\n\n\n\n<p><strong>Provincia de Buenos Aires<\/strong><\/p>\n\n\n\n<p>Hasta 3 kil\u00f3metros:&nbsp;<strong>$1.158,97<\/strong><\/p>\n\n\n\n<p>Entre 3 y 6 kil\u00f3metros:&nbsp;<strong>$1.303,83<\/strong><\/p>\n\n\n\n<p>Entre 6 y 12 kil\u00f3metros:&nbsp;<strong>$1.448,71<\/strong><\/p>\n\n\n\n<p>Entre 12 y 27 kil\u00f3metros:&nbsp;<strong>$1.738,45<\/strong><\/p>\n\n\n\n<p>M\u00e1s de 27 kil\u00f3metros:<strong>&nbsp;$2.043,84<\/strong><\/p>\n\n\n\n<h4 class=\"wp-block-heading\"><strong>Trenes regi\u00f3n AMBA<\/strong><\/h4>\n\n\n\n<p>Las l\u00edneas&nbsp;Mitre, Sarmiento, San Mart\u00edn, Urquiza, Roca, Belgrano Norte y Belgrano Sur, tendr\u00e1n un boleto m\u00ednimo de $480.<\/p>\n\n\n\n<h3 class=\"wp-block-heading\"><strong>C\u00f3mo quedan los peajes<\/strong><\/h3>\n\n\n\n<p>Con alza promedio de 4%, los veh\u00edculos livianos (dos ejes) abonar\u00e1n en las autopistas 25 de Mayo y Perito Moreno:<\/p>\n\n\n\n<p>Horario normal: $4.707,81<\/p>\n\n\n\n<p>Hora pico: $6.671,74<\/p>\n\n\n\n<h4 class=\"wp-block-heading\"><strong>Autopistas Illia, Sarmiento y Salguero<\/strong><\/h4>\n\n\n\n<p>Horario normal: $1.961,39<\/p>\n\n\n\n<p>Hora pico: $2.773,69<\/p>\n\n\n\n<h4 class=\"wp-block-heading\"><strong>Peaje de Alberti:<\/strong><\/h4>\n\n\n\n<p>Horario normal: $1.490,92<\/p>\n\n\n\n<p>Hora pico: $1.882,96<\/p>\n\n\n\n<h4 class=\"wp-block-heading\"><strong>Paseo del Bajo (veh\u00edculos livianos):<\/strong><\/h4>\n\n\n\n<p>Tarifa: $10.416,61<\/p>\n","protected":false},"excerpt":{"rendered":"<p>A partir del mes de septimbre, habr\u00e1 una serie de aumentos&nbsp;que ajustan por&nbsp;inflaci\u00f3n&nbsp;y que tendr\u00e1n como referencia la variaci\u00f3n del&nbsp;costo de vida de julio que fue de 2,1%. A nivel&hellip; <\/p>\n","protected":false},"author":2,"featured_media":48436,"comment_status":"closed","ping_status":"closed","sticky":false,"template":"","format":"standard","meta":{"footnotes":""},"categories":[28,21],"tags":[],"class_list":["post-48435","post","type-post","status-publish","format-standard","has-post-thumbnail","hentry","category-destacada","category-economia"],"_links":{"self":[{"href":"https:\/\/eenergetica.com.ar\/index.php\/wp-json\/wp\/v2\/posts\/48435","targetHints":{"allow":["GET"]}}],"collection":[{"href":"https:\/\/eenergetica.com.ar\/index.php\/wp-json\/wp\/v2\/posts"}],"about":[{"href":"https:\/\/eenergetica.com.ar\/index.php\/wp-json\/wp\/v2\/types\/post"}],"author":[{"embeddable":true,"href":"https:\/\/eenergetica.com.ar\/index.php\/wp-json\/wp\/v2\/users\/2"}],"replies":[{"embeddable":true,"href":"https:\/\/eenergetica.com.ar\/index.php\/wp-json\/wp\/v2\/comments?post=48435"}],"version-history":[{"count":1,"href":"https:\/\/eenergetica.com.ar\/index.php\/wp-json\/wp\/v2\/posts\/48435\/revisions"}],"predecessor-version":[{"id":48437,"href":"https:\/\/eenergetica.com.ar\/index.php\/wp-json\/wp\/v2\/posts\/48435\/revisions\/48437"}],"wp:featuredmedia":[{"embeddable":true,"href":"https:\/\/eenergetica.com.ar\/index.php\/wp-json\/wp\/v2\/media\/48436"}],"wp:attachment":[{"href":"https:\/\/eenergetica.com.ar\/index.php\/wp-json\/wp\/v2\/media?parent=48435"}],"wp:term":[{"taxonomy":"category","embeddable":true,"href":"https:\/\/eenergetica.com.ar\/index.php\/wp-json\/wp\/v2\/categories?post=48435"},{"taxonomy":"post_tag","embeddable":true,"href":"https:\/\/eenergetica.com.ar\/index.php\/wp-json\/wp\/v2\/tags?post=48435"}],"curies":[{"name":"wp","href":"https:\/\/api.w.org\/{rel}","templated":true}]}}