{"id":48429,"date":"2026-09-01T08:18:14","date_gmt":"2026-09-01T11:18:14","guid":{"rendered":"http:\/\/eenergetica.com.ar\/?p=48429"},"modified":"2026-09-01T08:18:14","modified_gmt":"2026-09-01T11:18:14","slug":"el-gobierno-retoma-la-discusion-en-torno-a-la-mora-que-se-cuela-en-la-reunion-de-gabinete","status":"publish","type":"post","link":"https:\/\/eenergetica.com.ar\/index.php\/2026\/09\/01\/el-gobierno-retoma-la-discusion-en-torno-a-la-mora-que-se-cuela-en-la-reunion-de-gabinete\/","title":{"rendered":"El Gobierno retoma la discusi\u00f3n en torno a la mora que se cuela en la reuni\u00f3n de Gabinete"},"content":{"rendered":"\n<p>Con el tema en agenda, en el Gobierno descuentan que la problem\u00e1tica por&nbsp;<strong>los niveles de mora<\/strong>&nbsp;se colar\u00e1 en la reuni\u00f3n de Gabinete de este martes, que encabezar\u00e1 el presidente&nbsp;<strong>Javier Milei&nbsp;<\/strong>desde las 10 en Casa Rosada.&nbsp;<\/p>\n\n\n\n<p>En el oficialismo aseguran que los indicadores registran una merma en los n\u00fameros, que hab\u00edan alcanzado su pico, y sostienen que<strong>&nbsp;la tendencia empezar\u00eda a revertirse.<\/strong>&nbsp;<\/p>\n\n\n\n<p>El cambio en la percepci\u00f3n libertaria ratifica la determinaci\u00f3n de no intervenir sobre el mercado y darle libertad a los bancos para que&nbsp;administren y refinancien las deudas de sus clientes.<\/p>\n\n\n\n<p><strong>&#8220;Es posible que sea parte del temario de la reuni\u00f3n de Gabinete&#8221;,&nbsp;<\/strong>precis\u00f3 ante la Agencia Noticias Argentinas uno de sus asistentes.&nbsp;<\/p>\n\n\n\n<p>En la convocatoria del pasado lunes, el Presidente habl\u00f3 del tema, rechaz\u00f3 que los indicadores configuren una situaci\u00f3n de crisis y pidi\u00f3 a sus funcionarios y legisladores que defiendan el programa econ\u00f3mico.&nbsp;<\/p>\n\n\n\n<p><strong>\u201cCada vez que el Estado intervino, termin\u00f3 mal\u201d<\/strong>, sostuvo en la misma l\u00ednea un integrante de la mesa pol\u00edtica, horas despu\u00e9s de que el titular de la Conferencia Episcopal Argentina,&nbsp;<strong>Marcelo Colombo<\/strong>, advirtiera que la problem\u00e1tica impacta en las familias y pidi\u00f3 &#8220;buscar soluciones&#8221;.<\/p>\n\n\n\n<p>Pese a que la consultora 1816 reflej\u00f3 que, en base a los datos del Banco Central (BCRA), la&nbsp;<strong>morosidad total del sector privado no financiero&nbsp;<\/strong>subi\u00f3 de 7,63% en junio a&nbsp;<strong>7,73%&nbsp;<\/strong>el mes pasado, y los atrasos de m\u00e1s de 90 d\u00edas en el segmento de&nbsp;<strong>pr\u00e9stamos a hogares&nbsp;<\/strong>aumentaron de 12,77% a&nbsp;<strong>12,94%, en las filas oficialistas relativizaron el incremento y hablaron de una tendencia a la baja. &#8220;Lo dicen los indicadores&#8221;,<\/strong>&nbsp;expres\u00f3 un funcionario al respecto.&nbsp;<\/p>\n\n\n\n<p>Son varias las fuentes que anticipan que el tema podr\u00eda volver a colarse en la serie de intercambios previstos para este martes que<strong>&nbsp;iniciar\u00e1n con una nueva reuni\u00f3n de equipo completo<\/strong>&nbsp;y continuar\u00e1n con una nueva edici\u00f3n de la mesa pol\u00edtica.&nbsp;<\/p>\n\n\n\n<p>El pasado lunes, en Balcarce 50 evitaban responder a las cr\u00edticas de la Conferencia Episcopal e intensificar la confrontaci\u00f3n. &#8220;No vamos a decir nada, lo hablaremos en reuni\u00f3n&#8221;, sosten\u00edan dado que el sector deb\u00eda asistir a Casa Rosada para coordinar la llegada y la agenda que protagonizar\u00e1 el Papa Le\u00f3n XIV en la Argentina.&nbsp;<\/p>\n\n\n\n<p>Colombo fue parte de la delegaci\u00f3n que fue recibida por los equipos de la Secretar\u00eda General de la Presidencia y los ministerios de Seguridad y Relaciones Exteriores.&nbsp;<\/p>\n\n\n\n<p><strong>Agencia NA<\/strong><\/p>\n","protected":false},"excerpt":{"rendered":"<p>Con el tema en agenda, en el Gobierno descuentan que la problem\u00e1tica por&nbsp;los niveles de mora&nbsp;se colar\u00e1 en la reuni\u00f3n de Gabinete de este martes, que encabezar\u00e1 el presidente&nbsp;Javier Milei&nbsp;desde&hellip; <\/p>\n","protected":false},"author":2,"featured_media":48430,"comment_status":"closed","ping_status":"closed","sticky":false,"template":"","format":"standard","meta":{"footnotes":""},"categories":[28,20],"tags":[],"class_list":["post-48429","post","type-post","status-publish","format-standard","has-post-thumbnail","hentry","category-destacada","category-politica"],"_links":{"self":[{"href":"https:\/\/eenergetica.com.ar\/index.php\/wp-json\/wp\/v2\/posts\/48429","targetHints":{"allow":["GET"]}}],"collection":[{"href":"https:\/\/eenergetica.com.ar\/index.php\/wp-json\/wp\/v2\/posts"}],"about":[{"href":"https:\/\/eenergetica.com.ar\/index.php\/wp-json\/wp\/v2\/types\/post"}],"author":[{"embeddable":true,"href":"https:\/\/eenergetica.com.ar\/index.php\/wp-json\/wp\/v2\/users\/2"}],"replies":[{"embeddable":true,"href":"https:\/\/eenergetica.com.ar\/index.php\/wp-json\/wp\/v2\/comments?post=48429"}],"version-history":[{"count":1,"href":"https:\/\/eenergetica.com.ar\/index.php\/wp-json\/wp\/v2\/posts\/48429\/revisions"}],"predecessor-version":[{"id":48431,"href":"https:\/\/eenergetica.com.ar\/index.php\/wp-json\/wp\/v2\/posts\/48429\/revisions\/48431"}],"wp:featuredmedia":[{"embeddable":true,"href":"https:\/\/eenergetica.com.ar\/index.php\/wp-json\/wp\/v2\/media\/48430"}],"wp:attachment":[{"href":"https:\/\/eenergetica.com.ar\/index.php\/wp-json\/wp\/v2\/media?parent=48429"}],"wp:term":[{"taxonomy":"category","embeddable":true,"href":"https:\/\/eenergetica.com.ar\/index.php\/wp-json\/wp\/v2\/categories?post=48429"},{"taxonomy":"post_tag","embeddable":true,"href":"https:\/\/eenergetica.com.ar\/index.php\/wp-json\/wp\/v2\/tags?post=48429"}],"curies":[{"name":"wp","href":"https:\/\/api.w.org\/{rel}","templated":true}]}}