{"id":48426,"date":"2026-09-01T08:16:41","date_gmt":"2026-09-01T11:16:41","guid":{"rendered":"http:\/\/eenergetica.com.ar\/?p=48426"},"modified":"2026-09-01T08:16:41","modified_gmt":"2026-09-01T11:16:41","slug":"calendario-de-eventos-turisticos-provincia-de-buenos-aires-22","status":"publish","type":"post","link":"https:\/\/eenergetica.com.ar\/index.php\/2026\/09\/01\/calendario-de-eventos-turisticos-provincia-de-buenos-aires-22\/","title":{"rendered":"CALENDARIO DE EVENTOS TUR\u00cdSTICOS PROVINCIA DE BUENOS AIRES"},"content":{"rendered":"\n<p><strong><em>Del jueves 3 al jueves 10 de septiembre de 2026<\/em><\/strong><\/p>\n\n\n\n<p>La provincia de Buenos Aires conmemorar\u00e1 el mes del inmigrante con festividades que ponen en valor la cultura y la gastronom\u00eda de otros pa\u00edses. Tres Arroyos celebrar\u00e1 la 47\u00b0 Fiesta de las Colectividades; Coronel Su\u00e1rez, la Fiesta de las Colectividades y Chacabuco, la 9\u00b0 Fiesta Provincial del Alfajor Artesanal en Rawson.<\/p>\n\n\n\n<p>Por otro lado, Bragado realizar\u00e1 la 33\u00b0 Fiesta Provincial del Agricultor en Irala; General Lavalle, la 4\u00b0 Jornada de Historia de los Pueblos de la Provincia de Buenos Aires; Ca\u00f1uelas, el 1\u00ba Concurso Internacional de Chefs en Ca\u00f1uelas; Bol\u00edvar, la 97\u00b0 Exposici\u00f3n Rural y San Fernando, el 29\u00b0 Encuentro Nacional de Artesanos.<\/p>\n\n\n\n<p>Toda la informaci\u00f3n en <a href=\"http:\/\/buenosaires.tur.ar\/que-hacer\" target=\"_blank\" rel=\"noreferrer noopener\">buenosaires.tur.ar\/que-hacer<\/a><\/p>\n\n\n\n<p><strong>FIESTAS POPULARES<\/strong><\/p>\n\n\n\n<p><strong>CARLOS TEJEDOR (Colonia Ser\u00e9)<\/strong><\/p>\n\n\n\n<p><strong>123\u00b0 Aniversario de Colonia Ser\u00e9<\/strong><\/p>\n\n\n\n<p><strong>ENTRADA GRATUITA<\/strong><\/p>\n\n\n\n<p>Fecha, hora y lugar: S\u00e1bado 5 y domingo 6, desde las 10:00, en distintos espacios de la localidad.<\/p>\n\n\n\n<p>Descripci\u00f3n: S\u00e1bado, a las 10:00, misa y a las 20:00, baile popular. Domingo, a las 10:00, acto protocolar y desfile institucional y tradicionalista; a las 13:00, almuerzo y a las 14:00, apertura del escenario con espect\u00e1culos musicales. Entrada gratuita. Organizan la Comisi\u00f3n de Festejos de Colonia Ser\u00e9 y la Delegaci\u00f3n de Colonia Ser\u00e9 junto a la Direcci\u00f3n de Cultura de la Municipalidad de Carlos Tejedor.<\/p>\n\n\n\n<p>M\u00e1s informaci\u00f3n: <a href=\"https:\/\/www.instagram.com\/cultura.ctejedor\/\" target=\"_blank\" rel=\"noreferrer noopener\">www.instagram.com\/cultura.ctejedor\/<\/a> &#8211; <a href=\"http:\/\/www.instagram.com\/carlostejedormunicipalidad\/\" target=\"_blank\" rel=\"noreferrer noopener\">www.instagram.com\/carlostejedormunicipalidad\/<\/a> &#8211; <a href=\"http:\/\/www.facebook.com\/carlostejedormunicipalidad\" target=\"_blank\" rel=\"noreferrer noopener\">www.facebook.com\/carlostejedormunicipalidad<\/a><\/p>\n\n\n\n<p><strong>MARCOS PAZ<\/strong><\/p>\n\n\n\n<p><strong>473 a\u00f1os de Santiago del Estero<\/strong><\/p>\n\n\n\n<p><strong>ENTRADA GRATUITA<\/strong><\/p>\n\n\n\n<p>Fecha, hora y lugar: S\u00e1bado 5, desde las 16:00 y domingo 6, a las 11:00, en el Espacio Quinta Devoto, Ruta 40, kil\u00f3metro 50.<\/p>\n\n\n\n<p>Descripci\u00f3n: M\u00fasica, danza y tradiciones del norte argentino. Espect\u00e1culos art\u00edsticos de guaracha, folclore y chamam\u00e9, Ronda Leg\u00fcera, gastronom\u00eda con platos t\u00edpicos como lech\u00f3n, asado, cordero, empanadas y tortillas santiague\u00f1as. Entrada gratuita. Organiza la Municipalidad de Marcos Paz.<\/p>\n\n\n\n<p>M\u00e1s informaci\u00f3n: <a href=\"http:\/\/www.instagram.com\/fiestaspopulares.mmp\/\" target=\"_blank\" rel=\"noreferrer noopener\">www.instagram.com\/fiestaspopulares.mmp\/<\/a> &#8211; <a href=\"http:\/\/www.facebook.com\/TurismoMunicipiodeMarcosPaz\" target=\"_blank\" rel=\"noreferrer noopener\">www.facebook.com\/TurismoMunicipiodeMarcosPaz<\/a><\/p>\n\n\n\n<p><strong>TRES ARROYOS<\/strong><\/p>\n\n\n\n<p><strong>47\u00b0 Fiesta de las Colectividades<\/strong><\/p>\n\n\n\n<p><strong>ENTRADA GRATUITA<\/strong><\/p>\n\n\n\n<p>Fecha, hora y lugar: S\u00e1bado 5 y domingo 6, de 8:00 a 21:00, en El Fanal, Pellegrini y Olavarr\u00eda.<\/p>\n\n\n\n<p>Descripci\u00f3n: Comidas t\u00edpicas, m\u00fasica y tradiciones de las colectividades de Espa\u00f1a, Dinamarca, Venezuela, M\u00e9xico, Pa\u00edses Bajos, Francia, Pa\u00eds Vasco, Siria, Italia, Bolivia, L\u00edbano e Israel. Presentaciones en vivo de El Toke Cumbiero, 2xQue y la Academia de Baile El Cald\u00e9n. Organiza la Comisi\u00f3n de Colectividades Extranjeras local con el acompa\u00f1amiento de la Municipalidad de Tres Arroyos.<\/p>\n\n\n\n<p>M\u00e1s informaci\u00f3n: <a href=\"http:\/\/www.instagram.com\/colectividadestsas\/\" target=\"_blank\" rel=\"noreferrer noopener\">www.instagram.com\/colectividadestsas\/<\/a> &#8211; <a href=\"http:\/\/www.facebook.com\/colectividadestsas\" target=\"_blank\" rel=\"noreferrer noopener\">www.facebook.com\/colectividadestsas<\/a> &#8211; <a href=\"https:\/\/turismo.tresarroyos.gov.ar\/eventos\/47-fiesta-de-las-colectividades\/\" target=\"_blank\" rel=\"noreferrer noopener\">turismo.tresarroyos.gov.ar\/eventos\/47-fiesta-de-las-colectividades\/<\/a><\/p>\n\n\n\n<p><strong>VILLARINO (Hilario Ascasubi)<\/strong><\/p>\n\n\n\n<p><strong>114\u00ba Aniversario de Hilario Ascasubi<\/strong><\/p>\n\n\n\n<p><strong>ENTRADA GRATUITA<\/strong><\/p>\n\n\n\n<p>Fecha, hora y lugar: S\u00e1bado 5, a partir de las 15:00, y domingo 6, a las 9:30, en el predio del Ferrocarril Mario Gil.<\/p>\n\n\n\n<p>Descripci\u00f3n: Artesan\u00edas, emprendimientos, puestos gastron\u00f3micos, artistas locales y regionales. Domingo, acto protocolar y a las 16:00, apertura del escenario. Entrada gratuita. Organiza la Municipalidad de Villarino.<\/p>\n\n\n\n<p>M\u00e1s informaci\u00f3n: <a href=\"http:\/\/www.instagram.com\/turismovillarino\" target=\"_blank\" rel=\"noreferrer noopener\">www.instagram.com\/turismovillarino<\/a> &#8211;<\/p>\n\n\n\n<p><a href=\"http:\/\/www.facebook.com\/villarinoturismo\" target=\"_blank\" rel=\"noreferrer noopener\">www.facebook.com\/villarinoturismo<\/a><\/p>\n\n\n\n<p><strong>BRAGADO (Irala)<\/strong><\/p>\n\n\n\n<p><strong>33\u00b0 Fiesta Provincial del Agricultor<\/strong><\/p>\n\n\n\n<p><strong>ENTRADA GRATUITA<\/strong><\/p>\n\n\n\n<p>Fecha, hora y lugar: Domingo 6, a las 11:00, en la Plaza Manuel Dorrego y otros espacios f\u00edsicos del pueblo.<\/p>\n\n\n\n<p>Descripci\u00f3n: En el marco del 121\u00b0 aniversario de Irala, acto de apertura, en la plaza principal y, desde las 14:00, desfile c\u00edvico, institucional, agr\u00edcola y criollo, espect\u00e1culos en vivo con la Pe\u00f1a Ra\u00edces Bailando, Ballet Integrarte, Pe\u00f1a Mart\u00edn Fierro de Bragado, Pe\u00f1a La Donosa de Jun\u00edn, el taller municipal \u201cMientras Bailo\u201d de la localidad de Morse, Clasikeros, Marcos Emanuel y cierre con Lisandro M\u00e1rquez. Entrada gratuita. Organiza la Municipalidad de Bragado.&nbsp;<\/p>\n\n\n\n<p>M\u00e1s informaci\u00f3n: <a href=\"https:\/\/www.instagram.com\/fiesta.del.agricultor.irala\/\" target=\"_blank\" rel=\"noreferrer noopener\">www.instagram.com\/fiesta.del.agricultor.irala\/<\/a> &#8211; <a href=\"http:\/\/www.facebook.com\/profile.php?id=100082726982003\" target=\"_blank\" rel=\"noreferrer noopener\">www.facebook.com\/profile.php?id=100082726982003<\/a><\/p>\n\n\n\n<p><strong>CORONEL SU\u00c1REZ<\/strong><\/p>\n\n\n\n<p><strong>Fiesta de las Colectividades<\/strong><\/p>\n\n\n\n<p><strong>ENTRADA GRATUITA<\/strong><\/p>\n\n\n\n<p>Fecha, hora y lugar: Domingo 6, desde las 11:00, en el Mercado de las Artes.<\/p>\n\n\n\n<p>Descripci\u00f3n: Espect\u00e1culos musicales, danzas t\u00edpicas y cocina en vivo, patio gastron\u00f3mico con platos elaborados por las distintas colectividades y, a las 17:00, acto oficial con la actuaci\u00f3n de la Banda Municipal de M\u00fasica \u201cBartolom\u00e9 Meier\u201d. Entrada gratuita. Organiza la Municipalidad de Coronel Su\u00e1rez.<\/p>\n\n\n\n<p>M\u00e1s informaci\u00f3n: <a href=\"http:\/\/www.instagram.com\/suarezmunicipio\/\" target=\"_blank\" rel=\"noreferrer noopener\">www.instagram.com\/suarezmunicipio\/<\/a> &#8211; <a href=\"http:\/\/www.facebook.com\/suarezmunicipio?locale=es_LA\" target=\"_blank\" rel=\"noreferrer noopener\">www.facebook.com\/suarezmunicipio?locale=es_LA<\/a><\/p>\n\n\n\n<p><strong>CHACABUCO (Rawson)<\/strong><\/p>\n\n\n\n<p><strong>9\u00b0 Fiesta Provincial del Alfajor Artesanal<\/strong><\/p>\n\n\n\n<p><strong>ENTRADA GRATUITA<\/strong><\/p>\n\n\n\n<p>Fecha, hora y lugar: Domingo 6, de 10:00 a 19:00, en la Plaza San Mart\u00edn.<\/p>\n\n\n\n<p>Descripci\u00f3n: Alfajoreros locales y de la regi\u00f3n, m\u00e1ster class de elaboraci\u00f3n y premio al mejor alfajor, desfile criollo, patio gastron\u00f3mico, puestos de artesan\u00edas y artistas en vivo. Entrada gratuita. Organiza la Cooperadora del Centro de Educaci\u00f3n Agraria N\u00ba 29 con el acompa\u00f1amiento de la Municipalidad de Chacabuco.&nbsp;<\/p>\n\n\n\n<p>M\u00e1s informaci\u00f3n: <a href=\"https:\/\/www.instagram.com\/fiesta_provincial_del_alfajor\/\" target=\"_blank\" rel=\"noreferrer noopener\">www.instagram.com\/fiesta_provincial_del_alfajor\/<\/a> &#8211; <a href=\"https:\/\/www.facebook.com\/fiestadelalfajor.rawson\" target=\"_blank\" rel=\"noreferrer noopener\">www.facebook.com\/fiestadelalfajor.rawson<\/a> &#8211; <a href=\"https:\/\/www.instagram.com\/gobiernodechacabuco\/\" target=\"_blank\" rel=\"noreferrer noopener\">www.instagram.com\/gobiernodechacabuco\/<\/a> &#8211; <a href=\"http:\/\/www.facebook.com\/gobiernodechacabuco\" target=\"_blank\" rel=\"noreferrer noopener\">www.facebook.com\/gobiernodechacabuco<\/a><\/p>\n\n\n\n<p><strong>OLAVARR\u00cdA<\/strong><\/p>\n\n\n\n<p><strong>Fiesta del D\u00eda del Inmigrante<\/strong><\/p>\n\n\n\n<p><strong>ENTRADA GRATUITA<\/strong><\/p>\n\n\n\n<p>Fecha, hora y lugar: Domingo 6, a las 12:00, en el Cultural Municipal San Jos\u00e9.<\/p>\n\n\n\n<p>Descripci\u00f3n: Comidas t\u00edpicas, danzas, m\u00fasica en vivo y feria gastron\u00f3mica con las distintas colectividades de Olavarr\u00eda. Entrada gratuita. Organiza la Municipalidad de Olavarr\u00eda junto a la Uni\u00f3n de Colectividades local.<\/p>\n\n\n\n<p>M\u00e1s informaci\u00f3n: <a href=\"http:\/\/www.instagram.com\/olavarria.va\/\" target=\"_blank\" rel=\"noreferrer noopener\">www.instagram.com\/olavarria.va\/<\/a> &#8211; <a href=\"http:\/\/www.facebook.com\/olavarria.va?locale=es_LA\" target=\"_blank\" rel=\"noreferrer noopener\">www.facebook.com\/olavarria.va?locale=es_LA<\/a><\/p>\n\n\n\n<p><strong>RAUCH<\/strong><\/p>\n\n\n\n<p><strong>27\u00b0 Fiesta Nacional del Ave Raza<\/strong><\/p>\n\n\n\n<p>Fecha, hora y lugar: Domingo 6 al domingo 13, desde la ma\u00f1ana, en diferentes espacios de la ciudad.<\/p>\n\n\n\n<p>Descripci\u00f3n: Encendido de la llama votiva frente al Monumento al Avicultor, desfile por las calles de Rauch, almuerzo oficial, espect\u00e1culos con DJs locales, DJ Tao, Cele Arrabal, Mat\u00edas Vald\u00e9s, \u00d1aupa y Callejero Fino, expo av\u00edcola y expo comercial, elecci\u00f3n de la embajadora y patio gastron\u00f3mico. Entrada arancelada, excepto el d\u00eda domingo, que el ingreso ser\u00e1 gratuito. Organiza la Asociaci\u00f3n Civil Fiesta Nacional del Ave Raza, la Sociedad Rural de Rauch y la C\u00e1mara de Comercio local con el apoyo de la Municipalidad de Rauch.<\/p>\n\n\n\n<p>M\u00e1s informaci\u00f3n: <a href=\"http:\/\/www.instagram.com\/avederaza_official\/\" target=\"_blank\" rel=\"noreferrer noopener\">www.instagram.com\/avederaza_official\/<\/a> &#8211; <a href=\"http:\/\/www.facebook.com\/fiestanacionaldelavederaza.oficial\" target=\"_blank\" rel=\"noreferrer noopener\">www.facebook.com\/fiestanacionaldelavederaza.oficial<\/a><\/p>\n\n\n\n<p><strong>EVENTOS GASTRON\u00d3MICOS<\/strong><\/p>\n\n\n\n<p><strong>CA\u00d1UELAS<\/strong><\/p>\n\n\n\n<p><strong>1\u00ba Concurso Internacional de Chefs en Ca\u00f1uelas<\/strong><\/p>\n\n\n\n<p><strong>ENTRADA GRATUITA<\/strong><\/p>\n\n\n\n<p>Fecha, hora y lugar: Viernes 4 al domingo 6, desde las 10:00, en la Estancia Puesto Viejo, Ruta 6 Km. 82.&nbsp;<\/p>\n\n\n\n<p>Descripci\u00f3n: Competencia gastron\u00f3mica en las categor\u00edas Cocina Gourmet, Hamburguesa, Tallado, Pasteler\u00eda, Cocteler\u00eda y Mejor Alfajor, con la evaluaci\u00f3n de un jurado internacional. Chefs invitados, food trucks y stands. Entrada gratuita. Organizan la Municipalidad de Ca\u00f1uelas, la Uni\u00f3n Latinoamericana de Chefs y Tierra de Cocineros.<\/p>\n\n\n\n<p>M\u00e1s informaci\u00f3n: <a href=\"http:\/\/www.instagram.com\/municanuelas\/\" target=\"_blank\" rel=\"noreferrer noopener\">www.instagram.com\/municanuelas\/<\/a> &#8211; <a href=\"http:\/\/www.facebook.com\/MunicipalidadDeCanuelas\" target=\"_blank\" rel=\"noreferrer noopener\">www.facebook.com\/MunicipalidadDeCanuelas<\/a> &#8211; <a href=\"mailto:tierradecocinerosasesoramiento@gmail.com\" target=\"_blank\" rel=\"noreferrer noopener\">tierradecocinerosasesoramiento@gmail.com<\/a><\/p>\n\n\n\n<p><strong>SUIPACHA<\/strong><\/p>\n\n\n\n<p><strong>1\u00ba Fiesta Nacional de la Mermelada<\/strong><\/p>\n\n\n\n<p><strong>ENTRADA GRATUITA<\/strong><\/p>\n\n\n\n<p>Fecha, hora y lugar: S\u00e1bado 5 y domingo 6, de 12:00 a 20:00, en la Plaza Brown.<\/p>\n\n\n\n<p>Descripci\u00f3n: Degustaci\u00f3n y venta de diferentes variedades de mermeladas elaboradas con frutas de estaci\u00f3n y otras combinaciones, productos realizados a base de este dulce, feria de artesan\u00edas, espect\u00e1culos musicales, actividades recreativas y concurso \u201cLa Mejor Mermelada del Pa\u00eds\u201d. Entrada gratuita. Organiza la Municipalidad de Suipacha.<\/p>\n\n\n\n<p>M\u00e1s informaci\u00f3n: <a href=\"http:\/\/www.instagram.com\/municipalidad_de_suipacha\/\" target=\"_blank\" rel=\"noreferrer noopener\">www.instagram.com\/municipalidad_de_suipacha\/<\/a> &#8211; <a href=\"http:\/\/www.facebook.com\/MunicipalidadSuipacha\" target=\"_blank\" rel=\"noreferrer noopener\">www.facebook.com\/MunicipalidadSuipacha<\/a> &#8211; <a href=\"http:\/\/www.instagram.com\/fiestanacionaldelamermelada.ok\/\" target=\"_blank\" rel=\"noreferrer noopener\">www.instagram.com\/fiestanacionaldelamermelada.ok\/<\/a><\/p>\n\n\n\n<p><strong>EVENTOS CULTURALES<\/strong><\/p>\n\n\n\n<p><strong>CARLOS TEJEDOR<\/strong><\/p>\n\n\n\n<p><strong>Encuentro de Colectividades en Carlos Tejedor<\/strong><\/p>\n\n\n\n<p><strong>ENTRADA GRATUITA<\/strong><\/p>\n\n\n\n<p>Fecha, hora y lugar: S\u00e1bado 5, a las 14:00, en la plaza principal.&nbsp;<\/p>\n\n\n\n<p>Descripci\u00f3n: Feria de artesanos y emprendedores, danzas, canto, poes\u00edas y stands de instituciones. Entrada gratuita. Organiza la Asociaci\u00f3n Italiana de Socorros Mutuos local y la Municipalidad de Carlos Tejedor.<\/p>\n\n\n\n<p>M\u00e1s informaci\u00f3n: <a href=\"http:\/\/www.instagram.com\/carlostejedormunicipalidad\/\" target=\"_blank\" rel=\"noreferrer noopener\">www.instagram.com\/carlostejedormunicipalidad\/<\/a> &#8211; <a href=\"http:\/\/www.facebook.com\/carlostejedormunicipalidad\" target=\"_blank\" rel=\"noreferrer noopener\">www.facebook.com\/carlostejedormunicipalidad<\/a><\/p>\n\n\n\n<p><strong>JOS\u00c9 C. PAZ<\/strong><\/p>\n\n\n\n<p><strong>12\u00b0 Certamen Nacional de Danzas Folkl\u00f3ricas Pachamama 2026<\/strong><\/p>\n\n\n\n<p>Fecha, hora y lugar: S\u00e1bado 5, a las 8:00, en el Club El Porvenir, Hip\u00f3lito Irigoyen 1643.<\/p>\n\n\n\n<p>Descripci\u00f3n: Certamen de danzas folcl\u00f3ricas con la participaci\u00f3n de academias, conjuntos, escuelas y ballets del orden p\u00fablico o privado de todo el pa\u00eds. Entrada arancelada. Organiza el Ballet Folkl\u00f3rico \u201cPachamama\u201d del Club Atl\u00e9tico El Porvenir de Jos\u00e9 C. Paz.<\/p>\n\n\n\n<p>M\u00e1s informaci\u00f3n: <a href=\"http:\/\/www.instagram.com\/balletpachamama.jcp\/\" target=\"_blank\" rel=\"noreferrer noopener\">www.instagram.com\/balletpachamama.jcp\/<\/a> &#8211; <a href=\"http:\/\/www.facebook.com\/ballet.pachamama\" target=\"_blank\" rel=\"noreferrer noopener\">www.facebook.com\/ballet.pachamama<\/a><\/p>\n\n\n\n<p><strong>LA PLATA<\/strong><\/p>\n\n\n\n<p><strong>2\u00b0 Expo Luther\u00eda La Plata<\/strong><\/p>\n\n\n\n<p><strong>ENTRADA GRATUITA<\/strong><\/p>\n\n\n\n<p>Fecha, hora y lugar: S\u00e1bado 5 y domingo 6, de 14:00 a 20:00, en el Centro Cultural Islas Malvinas, av. 19 y 51.<\/p>\n\n\n\n<p>Descripci\u00f3n: Constructores de distintos puntos del pa\u00eds, muestra de instrumentos de autor elaborados artesanalmente, sala para la prueba de los instrumentos, charlas, cl\u00ednicas y conciertos. Entrada gratuita. Organiza la Asociaci\u00f3n Argentina de Luthiers con el auspicio de la Municipalidad de La Plata.<\/p>\n\n\n\n<p>M\u00e1s informaci\u00f3n: <a href=\"http:\/\/www.instagram.com\/expolutheriaenlaplata\" target=\"_blank\" rel=\"noreferrer noopener\">www.instagram.com\/expolutheriaenlaplata<\/a> &#8211;&nbsp;<\/p>\n\n\n\n<p><a href=\"http:\/\/www.facebook.com\/profile.php?id=61579194969436\" target=\"_blank\" rel=\"noreferrer noopener\">www.facebook.com\/profile.php?id=61579194969436<\/a><\/p>\n\n\n\n<p><strong>GENERAL LAVALLE<\/strong><\/p>\n\n\n\n<p><strong>4\u00b0 Jornada de Historia de los Pueblos de la Provincia de Buenos Aires<\/strong><\/p>\n\n\n\n<p><strong>ENTRADA GRATUITA<\/strong><\/p>\n\n\n\n<p>Fecha, hora y lugar: S\u00e1bado 5, a las 9:30, en la Casa de la Cultura.<\/p>\n\n\n\n<p>Descripci\u00f3n: Encuentro sobre la historia de los pueblos bonaerenses a trav\u00e9s de hechos, personajes, \u00e1mbitos geogr\u00e1ficos, instituciones, fiestas populares y arquitectura. Inscripci\u00f3n gratuita. Organiza la Junta de Estudios Hist\u00f3ricos de General Lavalle con el acompa\u00f1amiento de la Municipalidad de General Lavalle.<\/p>\n\n\n\n<p>M\u00e1s informaci\u00f3n: <a href=\"http:\/\/www.instagram.com\/turismolavalle\" target=\"_blank\" rel=\"noreferrer noopener\">www.instagram.com\/turismolavalle<\/a> &#8211;&nbsp; <a href=\"http:\/\/www.facebook.com\/turismo.general.lavalle\" target=\"_blank\" rel=\"noreferrer noopener\">www.facebook.com\/turismo.general.lavalle<\/a> &#8211; (2257) 665301\/(2252) 514060 &#8211; <a href=\"mailto:juntahistoricagenerallavalle@gmail.com\" target=\"_blank\" rel=\"noreferrer noopener\">juntahistoricagenerallavalle@gmail.com<\/a><\/p>\n\n\n\n<p><strong>EVENTOS DEPORTIVOS<\/strong><\/p>\n\n\n\n<p><strong>TORNQUIST (Sierra de la Ventana)}<\/strong><\/p>\n\n\n\n<p><strong>4\u00b0 Caminata sobre el Ramal 111<\/strong><strong><\/strong><\/p>\n\n\n\n<p>Fecha, hora y lugar: S\u00e1bado 5, a las 7:30, en el puesto de Vialidad, Ruta 72, KM 4,6.<\/p>\n\n\n\n<p>Descripci\u00f3n: Trekking de 14 kil\u00f3metros que recorre la antigua traza ferroviaria de la hist\u00f3rica Trochita uniendo el antiguo puesto de Vialidad, en cercan\u00edas de Sierra de la Ventana, con las ruinas del emblem\u00e1tico Ex Club Hotel de la Ventana, en Villa Ventana. Actividad arancelada. Organizan la Asociaci\u00f3n Trochita Sierra de la Ventana -Club Hotel y el Club Atl\u00e9tico Ventana.&nbsp;<\/p>\n\n\n\n<p>M\u00e1s informaci\u00f3n: <a href=\"http:\/\/www.instagram.com\/clubatleticoventana\/\" target=\"_blank\" rel=\"noreferrer noopener\">www.instagram.com\/clubatleticoventana\/<\/a> &#8211; <a href=\"http:\/\/sierrasdelaventana.tur.ar\/\" target=\"_blank\" rel=\"noreferrer noopener\">sierrasdelaventana.tur.ar\/<\/a><\/p>\n\n\n\n<p><strong>TRENQUE LAUQUEN<\/strong><\/p>\n\n\n\n<p><strong>3\u00ba Campeonato de Duatlones 2026<\/strong><\/p>\n\n\n\n<p>Fecha, hora y lugar: S\u00e1bado 5, a las 16:00, en el Polideportivo Municipal.<\/p>\n\n\n\n<p>Descripci\u00f3n: Segunda fecha de la edici\u00f3n 2026 en las distancias de 3 kil\u00f3metros pedestrismo, 20 de ciclismo y 3 m\u00e1s de pedestrismo. Costo de inscripci\u00f3n: $20.000 por persona. Organizan la Direcci\u00f3n de Deporte del Municipio de Trenque Lauquen y el Instituto Superior de Formaci\u00f3n Docente y T\u00e9cnica n\u00ba 144.<\/p>\n\n\n\n<p>M\u00e1s informaci\u00f3n: <a href=\"http:\/\/www.instagram.com\/trenquelauquen\/\" target=\"_blank\" rel=\"noreferrer noopener\">www.instagram.com\/trenquelauquen\/<\/a> &#8211; <a href=\"http:\/\/www.facebook.com\/municipio.trenquelauquen\" target=\"_blank\" rel=\"noreferrer noopener\">www.facebook.com\/municipio.trenquelauquen<\/a><\/p>\n\n\n\n<p><strong>CHASCOM\u00daS<\/strong><\/p>\n\n\n\n<p><strong>21K Chascom\u00fas<\/strong><\/p>\n\n\n\n<p>Fecha, hora y lugar: Domingo 6, a las 7:30, en calle Mitre y Cr\u00e1mer.<\/p>\n\n\n\n<p>Descripci\u00f3n: Carrera de calle de 5, 10 y 21 kil\u00f3metros, con premiaci\u00f3n para los tres primeros puestos de la clasificaci\u00f3n general, de cada categor\u00eda convencional; de cada categor\u00eda PCD (personas con discapacidad), y para&nbsp; las tres primeras personas trasplantadas, todos en femenino y masculino. Inscripciones en <a href=\"http:\/\/apps.chascomus.gob.ar\/deportes\/21k\/inscripcion.php\" target=\"_blank\" rel=\"noreferrer noopener\">apps.chascomus.gob.ar\/deportes\/21k\/inscripcion.php<\/a>. Actividad arancelada. Organiza la Municipalidad de Chascom\u00fas.<\/p>\n\n\n\n<p>M\u00e1s informaci\u00f3n: <a href=\"http:\/\/www.instagram.com\/chascomusdeportesok\/\" target=\"_blank\" rel=\"noreferrer noopener\">www.instagram.com\/chascomusdeportesok\/<\/a> <a href=\"http:\/\/21k.chascomus.gob.ar\/\" target=\"_blank\" rel=\"noreferrer noopener\">21k.chascomus.gob.ar\/<\/a>&nbsp;<\/p>\n\n\n\n<p><strong>BERISSO<\/strong><\/p>\n\n\n\n<p><strong>44\u00ba Carrera del Inmigrante: Un Nuevo Desaf\u00edo<\/strong><\/p>\n\n\n\n<p>Fecha, hora y lugar: Domingo 6, a las 8:00, en el Parque C\u00edvico, av. Montevideo y calle 11.<\/p>\n\n\n\n<p>Descripci\u00f3n: En el marco de la 49\u00b0Fiesta Provincial del Inmigrante, la competencia recorre cuatro distancias: 5 kil\u00f3metros participativa, y 10, 15 y 30 competitivas con distintos niveles de exigencia. Actividad arancelada. Inscripci\u00f3n: acortar.link\/2XUKjQ Organizan la Municipalidad de Berisso, C\u00edrculo de Atletas Veteranos Platense y la Asociaci\u00f3n de Entidades Extranjeras.<\/p>\n\n\n\n<p>M\u00e1s informaci\u00f3n: <a href=\"http:\/\/www.instagram.com\/municipiodeberisso\" target=\"_blank\" rel=\"noreferrer noopener\">www.instagram.com\/municipiodeberisso<\/a> &#8211; <a href=\"http:\/\/www.facebook.com\/municipiodeberisso\" target=\"_blank\" rel=\"noreferrer noopener\">www.facebook.com\/municipiodeberisso<\/a> &#8211; <a href=\"http:\/\/www.instagram.com\/cavplatense\/\" target=\"_blank\" rel=\"noreferrer noopener\">www.instagram.com\/cavplatense\/<\/a> &#8211; <a href=\"http:\/\/www.facebook.com\/profile.php?id=100063056028993\" target=\"_blank\" rel=\"noreferrer noopener\">www.facebook.com\/profile.php?id=100063056028993<\/a><\/p>\n\n\n\n<p><strong>GENERAL LAVALLE<\/strong><\/p>\n\n\n\n<p><strong>3\u00b0 10K General Lavalle<\/strong><\/p>\n\n\n\n<p>Fecha, hora y lugar: Domingo 6, a las 10:00, en la Municipalidad de General Lavalle.<\/p>\n\n\n\n<p>Descripci\u00f3n: En las distancias de 10 kil\u00f3metros competitivo y 3 participativo, con medallas finisher. Inscripci\u00f3n: acortar.link\/SWeJ7Z. Actividad arancelada. Organiza el Centro de Educaci\u00f3n F\u00edsica n\u00ba 116 de General Lavalle con el acompa\u00f1amiento de la Municipalidad de General Lavalle.<\/p>\n\n\n\n<p>M\u00e1s informaci\u00f3n: <a href=\"http:\/\/www.instagram.com\/cef116generallavalle\/\" target=\"_blank\" rel=\"noreferrer noopener\">www.instagram.com\/cef116generallavalle\/<\/a> &#8211; <a href=\"http:\/\/www.facebook.com\/ceflavalle.lavalle\" target=\"_blank\" rel=\"noreferrer noopener\">www.facebook.com\/ceflavalle.lavalle<\/a><\/p>\n\n\n\n<p><strong>FERIAS Y EXPOSICIONES<\/strong><\/p>\n\n\n\n<p><strong>CORONEL DORREGO<\/strong><\/p>\n\n\n\n<p><strong>61\u00ba Expo Rural<\/strong><\/p>\n\n\n\n<p><strong>ENTRADA GRATUITA<\/strong><\/p>\n\n\n\n<p>Fecha,hora y lugar: Jueves 3 al domingo 6, en diferentes horarios, en la Sociedad Rural de Coronel Dorrego.<\/p>\n\n\n\n<p>Descripci\u00f3n: Exposici\u00f3n ganadera e industrial con caba\u00f1as de Dorrego y de la regi\u00f3n, espect\u00e1culos en vivo con la presentaci\u00f3n del grupo Kumara, Tachame La Doble, espect\u00e1culo infantil con La Caracola, y paseo de artesanos y emprendedores, stands comerciales, desfile de mascotas, patio gastron\u00f3mico con costillares y comidas t\u00edpicas, charlas t\u00e9cnicas y remates especiales para el sector. Entrada gratuita. Organiza la Sociedad Rural de Coronel Dorrego.<\/p>\n\n\n\n<p>M\u00e1s informaci\u00f3n: <a href=\"http:\/\/www.instagram.com\/sociedadruralcneldorrego\" target=\"_blank\" rel=\"noreferrer noopener\">www.instagram.com\/sociedadruralcneldorrego<\/a> &#8211; <a href=\"http:\/\/www.facebook.com\/SociedadRuralDeCoronelDorrego\" target=\"_blank\" rel=\"noreferrer noopener\">www.facebook.com\/SociedadRuralDeCoronelDorrego<\/a><\/p>\n\n\n\n<p><strong>ESCOBAR (Gar\u00edn)<\/strong><\/p>\n\n\n\n<p><strong>Sabores del Mundo Especial D\u00eda del Inmigrante<\/strong><\/p>\n\n\n\n<p><strong>ENTRADA GRATUITA<\/strong><\/p>\n\n\n\n<p>Fecha, hora y lugar: Viernes 4 al domingo 6, de 10:30 a 23:30, en boulevard Presidente Per\u00f3n y Sarmiento.&nbsp;<\/p>\n\n\n\n<p>Descripci\u00f3n: Comidas t\u00edpicas de colectividades, artesan\u00edas, espect\u00e1culos, juegos infantiles y kerm\u00e9s. Entrada gratuita. Organiza Sabores del Mundo y la Municipalidad de Escobar.<\/p>\n\n\n\n<p>M\u00e1s informaci\u00f3n: <a href=\"http:\/\/www.instagram.com\/saboresdelmundoferia\/\" target=\"_blank\" rel=\"noreferrer noopener\">www.instagram.com\/saboresdelmundoferia\/<\/a> &#8211; <a href=\"http:\/\/www.facebook.com\/feriasaboresdelmundo\" target=\"_blank\" rel=\"noreferrer noopener\">www.facebook.com\/feriasaboresdelmundo<\/a><\/p>\n\n\n\n<p><strong>MAGDALENA<\/strong><\/p>\n\n\n\n<p><strong>Expo Magdalena Produce<\/strong><\/p>\n\n\n\n<p><strong>ENTRADA GRATUITA<\/strong><\/p>\n\n\n\n<p>Fecha, hora y lugar: Viernes 4 al domingo 6, desde las 10:00, en la Sociedad Rural de Magdalena.<\/p>\n\n\n\n<p>Descripci\u00f3n: Encuentros, charlas, emprendimientos, empresas, propuestas del sector agropecuario y actividades recreativas. Entrada gratuita. Organiza la Municipalidad de Magdalena.<\/p>\n\n\n\n<p>M\u00e1s informaci\u00f3n: <a href=\"http:\/\/www.instagram.com\/municipalidad_de_magdalena\/\" target=\"_blank\" rel=\"noreferrer noopener\">www.instagram.com\/municipalidad_de_magdalena\/<\/a> &#8211; <a href=\"http:\/\/www.facebook.com\/MunicipalidaddeMagdalena\" target=\"_blank\" rel=\"noreferrer noopener\">www.facebook.com\/MunicipalidaddeMagdalena<\/a><\/p>\n\n\n\n<p><strong>AZUL<\/strong><\/p>\n\n\n\n<p><strong>Expo Auto<\/strong><\/p>\n\n\n\n<p><strong>ENTRADA GRATUITA<\/strong><\/p>\n\n\n\n<p>Fecha, hora y lugar: S\u00e1bado 5, de 11:00 a 18:00, en el Aut\u00f3dromo Oscar Mauricio Franco.<\/p>\n\n\n\n<p>Descripci\u00f3n: Exposici\u00f3n de autos de competici\u00f3n y veh\u00edculos cl\u00e1sicos, desfile de autom\u00f3viles, paseo de emprendedores locales, patio de comidas, m\u00fasica en vivo, sector de juegos infantiles y actividades recreativas. Entrada gratuita. Organizan la Direcci\u00f3n de Deportes de Azul y el Auto Moto Club Azul.<\/p>\n\n\n\n<p>M\u00e1s informaci\u00f3n: <a href=\"https:\/\/www.instagram.com\/municipiodeazul\/\" target=\"_blank\" rel=\"noreferrer noopener\">www.instagram.com\/municipiodeazul\/<\/a> &#8211; <a href=\"https:\/\/www.facebook.com\/municipiodeazul\" target=\"_blank\" rel=\"noreferrer noopener\">www.facebook.com\/municipiodeazul<\/a>&nbsp;<\/p>\n\n\n\n<p><strong>BOL\u00cdVAR<\/strong><\/p>\n\n\n\n<p><strong>97\u00ba Exposici\u00f3n Rural Bol\u00edvar<\/strong><\/p>\n\n\n\n<p>Fecha, hora y lugar: S\u00e1bado 5 al domingo 13, desde la ma\u00f1ana, en la Sociedad Rural de Bol\u00edvar, av. Mariano Unzu\u00e9 y Pedro Vignau.<\/p>\n\n\n\n<p>Descripci\u00f3n: Conferencias, remates, patio de comidas, cena show, jineteada, tradici\u00f3n y desfiles, tecnolog\u00eda y comercio. Entrada arancelada. Organiza la Sociedad Rural de Bol\u00edvar y la C\u00e1mara Comercial local.<\/p>\n\n\n\n<p>M\u00e1s informaci\u00f3n: <a href=\"http:\/\/www.instagram.com\/sociedadruraldebolivar\/\" target=\"_blank\" rel=\"noreferrer noopener\">www.instagram.com\/sociedadruraldebolivar\/<\/a> &#8211; <a href=\"https:\/\/www.facebook.com\/ruralbolivar\" target=\"_blank\" rel=\"noreferrer noopener\">www.facebook.com\/ruralbolivar<\/a><\/p>\n\n\n\n<p><strong>SAN FERNANDO<\/strong><\/p>\n\n\n\n<p><strong>29\u00ba Encuentro Nacional de Artesanos<\/strong><\/p>\n\n\n\n<p><strong>ENTRADA GRATUITA<\/strong><\/p>\n\n\n\n<p>Fecha, hora y lugar: Mi\u00e9rcoles 9 al domingo 13, de 10:00 a 20:00, en la Plaza Mitre, Constituci\u00f3n al 900.<\/p>\n\n\n\n<p>Descripci\u00f3n: Con m\u00e1s de 150 artesanos y artesanas de todo el pa\u00eds, talleres, espacio gastron\u00f3mico, el domingo cierra la muestra el d\u00fao folkl\u00f3rico Cuti y Roberto Carabajal. Entrada gratuita. Organizan los artesanos de San Fernando con el apoyo de la Municipalidad de San Fernando.<\/p>\n\n\n\n<p>M\u00e1s informaci\u00f3n: <a href=\"http:\/\/www.instagram.com\/feriasanfernando\/\" target=\"_blank\" rel=\"noreferrer noopener\">www.instagram.com\/feriasanfernando\/<\/a> &#8211; <a href=\"https:\/\/www.facebook.com\/artesanos.desanfernando\" target=\"_blank\" rel=\"noreferrer noopener\">www.facebook.com\/artesanos.desanfernando<\/a><\/p>\n\n\n\n<p><strong>Eventos sujetos a modificaciones por el organizador y\/o Municipio.<\/strong><\/p>\n","protected":false},"excerpt":{"rendered":"<p>Del jueves 3 al jueves 10 de septiembre de 2026 La provincia de Buenos Aires conmemorar\u00e1 el mes del inmigrante con festividades que ponen en valor la cultura y la&hellip; <\/p>\n","protected":false},"author":2,"featured_media":48427,"comment_status":"closed","ping_status":"closed","sticky":false,"template":"","format":"standard","meta":{"footnotes":""},"categories":[27],"tags":[],"class_list":["post-48426","post","type-post","status-publish","format-standard","has-post-thumbnail","hentry","category-turismo"],"_links":{"self":[{"href":"https:\/\/eenergetica.com.ar\/index.php\/wp-json\/wp\/v2\/posts\/48426","targetHints":{"allow":["GET"]}}],"collection":[{"href":"https:\/\/eenergetica.com.ar\/index.php\/wp-json\/wp\/v2\/posts"}],"about":[{"href":"https:\/\/eenergetica.com.ar\/index.php\/wp-json\/wp\/v2\/types\/post"}],"author":[{"embeddable":true,"href":"https:\/\/eenergetica.com.ar\/index.php\/wp-json\/wp\/v2\/users\/2"}],"replies":[{"embeddable":true,"href":"https:\/\/eenergetica.com.ar\/index.php\/wp-json\/wp\/v2\/comments?post=48426"}],"version-history":[{"count":1,"href":"https:\/\/eenergetica.com.ar\/index.php\/wp-json\/wp\/v2\/posts\/48426\/revisions"}],"predecessor-version":[{"id":48428,"href":"https:\/\/eenergetica.com.ar\/index.php\/wp-json\/wp\/v2\/posts\/48426\/revisions\/48428"}],"wp:featuredmedia":[{"embeddable":true,"href":"https:\/\/eenergetica.com.ar\/index.php\/wp-json\/wp\/v2\/media\/48427"}],"wp:attachment":[{"href":"https:\/\/eenergetica.com.ar\/index.php\/wp-json\/wp\/v2\/media?parent=48426"}],"wp:term":[{"taxonomy":"category","embeddable":true,"href":"https:\/\/eenergetica.com.ar\/index.php\/wp-json\/wp\/v2\/categories?post=48426"},{"taxonomy":"post_tag","embeddable":true,"href":"https:\/\/eenergetica.com.ar\/index.php\/wp-json\/wp\/v2\/tags?post=48426"}],"curies":[{"name":"wp","href":"https:\/\/api.w.org\/{rel}","templated":true}]}}