{"id":48406,"date":"2026-09-01T07:56:59","date_gmt":"2026-09-01T10:56:59","guid":{"rendered":"http:\/\/eenergetica.com.ar\/?p=48406"},"modified":"2026-09-01T07:56:59","modified_gmt":"2026-09-01T10:56:59","slug":"el-cerela-cumple-50-anos-de-excelencia-cientifica-y-de-impulsar-desarrollos-y-tecnologias-con-significativo-alcance-productivo-y-social","status":"publish","type":"post","link":"https:\/\/eenergetica.com.ar\/index.php\/2026\/09\/01\/el-cerela-cumple-50-anos-de-excelencia-cientifica-y-de-impulsar-desarrollos-y-tecnologias-con-significativo-alcance-productivo-y-social\/","title":{"rendered":"El CERELA cumple 50 a\u00f1os de excelencia cient\u00edfica y de impulsar desarrollos y tecnolog\u00edas con significativo alcance productivo y social"},"content":{"rendered":"\n<p>En un acto celebrado en la Honorable Legislatura de Tucum\u00e1n (HLT), el Centro de Referencia para Lactobacilos (CERELA, CONICET-FML-FECIC), instituto de referencia cient\u00edfica en la regi\u00f3n, conmemor\u00f3 50 a\u00f1os de vida institucional. Junto a las autoridades del instituto, del CCTCONICET NOA Sur, de la provincia de Tucum\u00e1n y referentes locales de ciencia, academia y producci\u00f3n, la comunidad de investigadores, t\u00e9cnicos, becarios y administrativos del CERELA, celebr\u00f3 la trayectoria de medio siglo de investigaciones en bacterias l\u00e1cticas, orientadas a promover su aplicaci\u00f3n biotecnol\u00f3gica en \u00e1reas como alimentos, agroindustria, medicina y veterinaria. El evento cont\u00f3 con la presencia del gerente de Vinculaci\u00f3n Tecnol\u00f3gica del CONICET, Gustavo Sch\u00f6tz, y del director ejecutivo de la INNOVA-T, Juan Skrbec.<\/p>\n\n\n\n<p>El director del CERELA, Jean Guy LeBlanc, destac\u00f3 el significado de alcanzar los 50 a\u00f1os de trayectoria y valor\u00f3 el reconocimiento institucional de la Legislatura. Tambi\u00e9n explic\u00f3 c\u00f3mo el trabajo que desarrollan tiene una presencia concreta en la vida cotidiana de las personas en el territorio. \u201cCERELA est\u00e1 en la vida de los tucumanos, por ejemplo, a trav\u00e9s del programa Yogurito Escolar que cuenta con la colaboraci\u00f3n del Ministerio de Salud. Gracias a \u00e9l, todas las escuelas p\u00fablicas de la provincia reciben un yogur al que se le incorpor\u00f3 una bacteria que fue aislada y estudiada en nuestro instituto\u201d, se\u00f1al\u00f3. Este alimento \u2013as\u00ed como otros desarrollos que promueven- ayuda a reforzar las defensas naturales de ni\u00f1os en etapa escolar inicial, disminuyendo la incidencia de infecciones respiratorias e intestinales. Su potencial ya fue demostrado en distintos ensayos cl\u00ednicos.<\/p>\n\n\n\n<p>LeBlanc subray\u00f3 a su vez la proyecci\u00f3n internacional de la instituci\u00f3n y el reconocimiento que tienen sus investigadores en el campo de las bacterias l\u00e1cticas. \u201cEn esta \u00e1rea somos reconocidos en el mundo, as\u00ed que debemos estar orgullosos\u201d, remarc\u00f3.<\/p>\n\n\n\n<p>Por su parte, Sch\u00f6tz dijo que \u201cconsolidar y hacer crecer un instituto de estas caracter\u00edsticas y con tantos logros lo primero que me genera es agradecimiento\u201d. Y agreg\u00f3: \u201cquiero expresar mi admiraci\u00f3n: personas con visi\u00f3n, pasi\u00f3n, compromiso y calidad cient\u00edfica hicieron posible llegar hoy a este momento y, los que a\u00fan contin\u00faan, est\u00e1n para sostener ese legado\u201d. En este sentido, el gerente de Vinculaci\u00f3n Tecnol\u00f3gica del Consejo reflexion\u00f3 que \u201cse da aqu\u00ed el caso de las personas que crecen junto con las instituciones que las cobijan; y a la vez todo el trabajo hecho construye y consolida esas instituciones, produci\u00e9ndose una simbiosis de beneficio mutuo\u201d.<\/p>\n\n\n\n<p>Seguidamente, el director del CCT NOA Sur, Augusto Bellomio, remarc\u00f3 los aportes del CERELA y de la comunidad cient\u00edfica de Tucum\u00e1n y de la regi\u00f3n al desarrollo productivo y sanitario. En su discurso, Bellomio valor\u00f3 el apoyo de la Legislatura y del vicegobernador al sistema cient\u00edfico provincial, y remarc\u00f3 la importancia de la ciencia para el desarrollo del pa\u00eds.<\/p>\n\n\n\n<p>El vicegobernador de Tucum\u00e1n y presidente de la HLT, Miguel Acevedo destac\u00f3 a su turno la decisi\u00f3n de acompa\u00f1ar y reconocer el trabajo de la ciencia local, especialmente en un contexto en el que considera necesario poner en valor el desarrollo cient\u00edfico y tecnol\u00f3gico. Asimismo, sostuvo que \u201cel impacto que tiene la investigaci\u00f3n cient\u00edfica en distintas \u00e1reas de la vida cotidiana y en el desarrollo productivo de Tucum\u00e1n es m\u00e1s que relevante\u201d, y en ese sentido apuesta a que desde el CERELA se siga trabajando e investigando en pos de mejorar la calidad de vida de la sociedad.<\/p>\n\n\n\n<p>Participaron del evento, el ministro de salud provincial, Luis Medina Ruiz, autoridades provinciales y referentes locales de la ciencia, del sector productivo y de la academia.<\/p>\n\n\n\n<p>Tambi\u00e9n, se entregaron distinciones a investigadores que dejaron su huella en el CERELA, como es el caso de la ex directora del instituto, Graciela Font, y se proyect\u00f3 un video institucional de la DRI -Direcci\u00f3n de Relaciones Institucionales- del CONICET que resume parte del trabajo y la historia de este centro cient\u00edfico del NOA.<\/p>\n\n\n\n<p><strong>M\u00e1s sobre el CERELA<\/strong><\/p>\n","protected":false},"excerpt":{"rendered":"<p>En un acto celebrado en la Honorable Legislatura de Tucum\u00e1n (HLT), el Centro de Referencia para Lactobacilos (CERELA, CONICET-FML-FECIC), instituto de referencia cient\u00edfica en la regi\u00f3n, conmemor\u00f3 50 a\u00f1os de&hellip; <\/p>\n","protected":false},"author":2,"featured_media":48407,"comment_status":"closed","ping_status":"closed","sticky":false,"template":"","format":"standard","meta":{"footnotes":""},"categories":[21],"tags":[],"class_list":["post-48406","post","type-post","status-publish","format-standard","has-post-thumbnail","hentry","category-economia"],"_links":{"self":[{"href":"https:\/\/eenergetica.com.ar\/index.php\/wp-json\/wp\/v2\/posts\/48406","targetHints":{"allow":["GET"]}}],"collection":[{"href":"https:\/\/eenergetica.com.ar\/index.php\/wp-json\/wp\/v2\/posts"}],"about":[{"href":"https:\/\/eenergetica.com.ar\/index.php\/wp-json\/wp\/v2\/types\/post"}],"author":[{"embeddable":true,"href":"https:\/\/eenergetica.com.ar\/index.php\/wp-json\/wp\/v2\/users\/2"}],"replies":[{"embeddable":true,"href":"https:\/\/eenergetica.com.ar\/index.php\/wp-json\/wp\/v2\/comments?post=48406"}],"version-history":[{"count":1,"href":"https:\/\/eenergetica.com.ar\/index.php\/wp-json\/wp\/v2\/posts\/48406\/revisions"}],"predecessor-version":[{"id":48408,"href":"https:\/\/eenergetica.com.ar\/index.php\/wp-json\/wp\/v2\/posts\/48406\/revisions\/48408"}],"wp:featuredmedia":[{"embeddable":true,"href":"https:\/\/eenergetica.com.ar\/index.php\/wp-json\/wp\/v2\/media\/48407"}],"wp:attachment":[{"href":"https:\/\/eenergetica.com.ar\/index.php\/wp-json\/wp\/v2\/media?parent=48406"}],"wp:term":[{"taxonomy":"category","embeddable":true,"href":"https:\/\/eenergetica.com.ar\/index.php\/wp-json\/wp\/v2\/categories?post=48406"},{"taxonomy":"post_tag","embeddable":true,"href":"https:\/\/eenergetica.com.ar\/index.php\/wp-json\/wp\/v2\/tags?post=48406"}],"curies":[{"name":"wp","href":"https:\/\/api.w.org\/{rel}","templated":true}]}}