{"id":48394,"date":"2026-09-01T07:46:32","date_gmt":"2026-09-01T10:46:32","guid":{"rendered":"http:\/\/eenergetica.com.ar\/?p=48394"},"modified":"2026-09-01T07:46:32","modified_gmt":"2026-09-01T10:46:32","slug":"el-nino-la-provincia-fortalecio-la-gestion-del-riesgo-climatico-en-berisso","status":"publish","type":"post","link":"https:\/\/eenergetica.com.ar\/index.php\/2026\/09\/01\/el-nino-la-provincia-fortalecio-la-gestion-del-riesgo-climatico-en-berisso\/","title":{"rendered":"El Ni\u00f1o: la Provincia fortaleci\u00f3 la gesti\u00f3n del riesgo clim\u00e1tico en Berisso"},"content":{"rendered":"\n<p>El Gobierno de la Provincia de Buenos Aires fortaleci\u00f3 las capacidades de Berisso para la prevenci\u00f3n y respuesta frente a emergencias clim\u00e1ticas, a trav\u00e9s de la entrega de nuevo equipamiento y la implementaci\u00f3n de herramientas destinadas a la gesti\u00f3n integral del riesgo.<\/p>\n\n\n\n<p>La actividad fue encabezada por el gobernador Axel Kicillof y la ministra de Ambiente, Daniela Vilar, junto al intendente de Berisso, Fabi\u00e1n Cagliardi, en el marco de las pol\u00edticas provinciales de adaptaci\u00f3n y respuesta ante fen\u00f3menos clim\u00e1ticos extremos.<\/p>\n\n\n\n<p>Durante la jornada se entreg\u00f3 equipamiento espec\u00edfico para la \u201cGesti\u00f3n del Riesgo y la Emergencia Clim\u00e1tica\u201d, que incluye un gom\u00f3n, un generador el\u00e9ctrico, una motobomba, herramientas para tareas de prevenci\u00f3n, despeje y limpieza de desag\u00fces pluviales, adem\u00e1s de indumentaria y elementos de seguridad.<\/p>\n\n\n\n<p>A trav\u00e9s del programa \u201cAnticipando la Crecida\u201d, tambi\u00e9n se entregaron pluvi\u00f3metros que permitir\u00e1n medir y monitorear los patrones de lluvia, generando informaci\u00f3n para fortalecer la prevenci\u00f3n y anticipar posibles situaciones de riesgo.<\/p>\n\n\n\n<p>La estrategia contempla adem\u00e1s la elaboraci\u00f3n conjunta de un \u201cMapa Municipal de Riesgo\u201d, que permitir\u00e1 identificar las zonas m\u00e1s vulnerables y planificar las respuestas necesarias junto a la comunidad. En materia de ordenamiento ambiental, se avanzar\u00e1 en la elaboraci\u00f3n de un c\u00f3digo orientado a desalentar la ocupaci\u00f3n de \u00e1reas que podr\u00edan verse afectadas por crecidas.<\/p>\n\n\n\n<p>Las acciones incluyen tambi\u00e9n el fortalecimiento del v\u00ednculo con la **Red Provincial de Alerta Temprana**, el diagn\u00f3stico territorial y el trabajo de difusi\u00f3n, articulaci\u00f3n y organizaci\u00f3n con las vecinas y los vecinos.<\/p>\n\n\n\n<p><strong>Gesti\u00f3n de residuos como herramienta de adaptaci\u00f3n<\/strong><\/p>\n\n\n\n<p>En el marco de la jornada, la Provincia tambi\u00e9n entreg\u00f3 equipamiento para fortalecer la Gesti\u00f3n Integral de Residuos S\u00f3lidos Urbanos, una pol\u00edtica que contribuye a reducir los impactos asociados a las tormentas y mejorar las condiciones ambientales del territorio.<\/p>\n\n\n\n<p>Se incorporaron 15 carros para el traslado de materiales reciclables, 200 bolsones big bag y 80 juegos de indumentaria para las y los trabajadores vinculados a estas tareas.<\/p>\n\n\n\n<p>En una ciudad atravesada por su relaci\u00f3n con el r\u00edo, la prevenci\u00f3n y la planificaci\u00f3n resultan fundamentales. Con estas acciones, la Provincia contin\u00faa fortaleciendo el trabajo articulado con los municipios y las comunidades para \u201canticiparse a los riesgos, mejorar la capacidad de respuesta y construir territorios m\u00e1s preparados y resilientes frente al cambio clim\u00e1tico\u201d.<\/p>\n","protected":false},"excerpt":{"rendered":"<p>El Gobierno de la Provincia de Buenos Aires fortaleci\u00f3 las capacidades de Berisso para la prevenci\u00f3n y respuesta frente a emergencias clim\u00e1ticas, a trav\u00e9s de la entrega de nuevo equipamiento&hellip; <\/p>\n","protected":false},"author":2,"featured_media":48395,"comment_status":"closed","ping_status":"closed","sticky":false,"template":"","format":"standard","meta":{"footnotes":""},"categories":[22],"tags":[],"class_list":["post-48394","post","type-post","status-publish","format-standard","has-post-thumbnail","hentry","category-sociedad"],"_links":{"self":[{"href":"https:\/\/eenergetica.com.ar\/index.php\/wp-json\/wp\/v2\/posts\/48394","targetHints":{"allow":["GET"]}}],"collection":[{"href":"https:\/\/eenergetica.com.ar\/index.php\/wp-json\/wp\/v2\/posts"}],"about":[{"href":"https:\/\/eenergetica.com.ar\/index.php\/wp-json\/wp\/v2\/types\/post"}],"author":[{"embeddable":true,"href":"https:\/\/eenergetica.com.ar\/index.php\/wp-json\/wp\/v2\/users\/2"}],"replies":[{"embeddable":true,"href":"https:\/\/eenergetica.com.ar\/index.php\/wp-json\/wp\/v2\/comments?post=48394"}],"version-history":[{"count":1,"href":"https:\/\/eenergetica.com.ar\/index.php\/wp-json\/wp\/v2\/posts\/48394\/revisions"}],"predecessor-version":[{"id":48396,"href":"https:\/\/eenergetica.com.ar\/index.php\/wp-json\/wp\/v2\/posts\/48394\/revisions\/48396"}],"wp:featuredmedia":[{"embeddable":true,"href":"https:\/\/eenergetica.com.ar\/index.php\/wp-json\/wp\/v2\/media\/48395"}],"wp:attachment":[{"href":"https:\/\/eenergetica.com.ar\/index.php\/wp-json\/wp\/v2\/media?parent=48394"}],"wp:term":[{"taxonomy":"category","embeddable":true,"href":"https:\/\/eenergetica.com.ar\/index.php\/wp-json\/wp\/v2\/categories?post=48394"},{"taxonomy":"post_tag","embeddable":true,"href":"https:\/\/eenergetica.com.ar\/index.php\/wp-json\/wp\/v2\/tags?post=48394"}],"curies":[{"name":"wp","href":"https:\/\/api.w.org\/{rel}","templated":true}]}}