{"id":48391,"date":"2026-09-01T07:44:50","date_gmt":"2026-09-01T10:44:50","guid":{"rendered":"http:\/\/eenergetica.com.ar\/?p=48391"},"modified":"2026-09-01T07:44:50","modified_gmt":"2026-09-01T10:44:50","slug":"tras-las-criticas-de-andres-rodriguez-aguiar-lo-desafio-a-fijar-una-fecha-de-paro-conjunto-en-la-administracion-publica-y-asi-romper-el-techo-salarial","status":"publish","type":"post","link":"https:\/\/eenergetica.com.ar\/index.php\/2026\/09\/01\/tras-las-criticas-de-andres-rodriguez-aguiar-lo-desafio-a-fijar-una-fecha-de-paro-conjunto-en-la-administracion-publica-y-asi-romper-el-techo-salarial\/","title":{"rendered":"Tras las cr\u00edticas de Andr\u00e9s Rodr\u00edguez, Aguiar lo desafi\u00f3 a fijar una fecha de paro conjunto en la administraci\u00f3n p\u00fablica y as\u00ed \u201cromper el techo salarial\u201d"},"content":{"rendered":"\n<p>El Secretario General de ATE Nacional, Rodolfo Aguiar, respondi\u00f3 a los cuestionamientos del l\u00edder de UPCN, Andr\u00e9s Rodr\u00edguez y se\u00f1al\u00f3: \u201cLe pedimos que reflexione y se sume a la pelea. Si eso sucede, tal vez los resultados que se obtengan sean bastante distintos\u201d.<\/p>\n\n\n\n<p>El dirigente de UPCN hab\u00eda cuestionado a Aguiar en declaraciones radiales por &#8220;hacerse el combativo y no obtener mejoras salariales&#8221;. Ante esa situaci\u00f3n, el dirigente de ATE respondi\u00f3: \u201cSi convocamos juntos a una huelga en el Estado Nacional, en las provincias y municipios, entonces podremos saber si son los trabajadores los que no est\u00e1n dispuestos a luchar como dice Rodr\u00edguez o si, en realidad, es UPCN la funcional al Gobierno por aceptar recurrentemente sus migajas\u201d.<\/p>\n\n\n\n<p>En esta l\u00ednea, Aguiar afirm\u00f3: \u201cLa respuesta de un dirigente que reconoce que todos los sectores est\u00e1n perdiendo poder adquisitivo en las paritarias no puede tener como respuesta quedarse durmiendo la siesta en su casa\u201d.<\/p>\n\n\n\n<p>\u201cEn el fondo, Rodr\u00edguez muestra resignaci\u00f3n y tiene miedo de perder todos sus privilegios. Fue oficialista con todos los gobiernos, pero sabe que con Milei es distinto porque, cuando caiga Milei, \u00e9l tambi\u00e9n va a caer y ser\u00e1 su derrumbe definitivo\u201d, dijo, y agreg\u00f3: \u201cDesde ATE, nuestros delegados tienen que responder con m\u00e1s afiliaciones. Esta reacci\u00f3n destemplada solo puede entenderse de alguien que est\u00e1 cerca de perder su representaci\u00f3n mayoritaria\u201d.<\/p>\n\n\n\n<p>En este contexto, el dirigente gremial dijo: \u201cSi de verdad Rodr\u00edguez est\u00e1 preocupado por el deterioro de los ingresos del sector p\u00fablico, otro buen paso ser\u00eda que dejen de extorsionar y empobrecer a los trabajadores cobrando coseguros ilegales en la obra social\u201c.<\/p>\n\n\n\n<p>\u201cTodos recordamos que Menem les regal\u00f3 una obra social que era de todos los trabajadores y hoy nos damos cuenta que no tienen la capacidad y no est\u00e1n preparados para administrar. Si siguen as\u00ed, la van a chocar\u201d, afirm\u00f3.<\/p>\n\n\n\n<p>En este contexto, Aguiar concluy\u00f3: \u201cOjal\u00e1 se decidan por la unidad en acci\u00f3n. Hoy m\u00e1s que nunca enfrentamos una lucha de clases. Hay que poner todo, cuerpo y alma. La historia nos vuelve a dividir entre los que luchan y los que se entregan, y la unidad tiene que ser con aquellos con los que est\u00e1n dispuestos a dar pelea\u201d.<\/p>\n\n\n\n<p>Cabe destacar que en la \u00faltima paritaria, el Gobierno ofreci\u00f3 un 1,9% en septiembre, 1,8% en octubre, 1,6% en noviembre y 1,5% en diciembre, adem\u00e1s de una suma fija de $80.000 no remunerativa por \u00fanica vez para el \u00faltimo mes del a\u00f1o.<\/p>\n\n\n\n<p>Adem\u00e1s, desde que asumi\u00f3 Javier Milei, el poder de compra de los estatales cay\u00f3 m\u00e1s de un 44% en todo el pa\u00eds, producto de las sistem\u00e1ticas paritarias aceptadas por UPCN y rechazadas por ATE.<\/p>\n\n\n\n<p>En este marco, ATE realiz\u00f3 decenas, movilizaciones y jornadas nacionales de lucha en todos los ministerios y organismos p\u00fablicos durante la gesti\u00f3n del gobierno libertario para exigir mejoras en rechazo a los despidos, por mejoras en las condiciones laborales y aumentos salariales.<\/p>\n","protected":false},"excerpt":{"rendered":"<p>El Secretario General de ATE Nacional, Rodolfo Aguiar, respondi\u00f3 a los cuestionamientos del l\u00edder de UPCN, Andr\u00e9s Rodr\u00edguez y se\u00f1al\u00f3: \u201cLe pedimos que reflexione y se sume a la pelea.&hellip; <\/p>\n","protected":false},"author":2,"featured_media":48392,"comment_status":"closed","ping_status":"closed","sticky":false,"template":"","format":"standard","meta":{"footnotes":""},"categories":[20],"tags":[],"class_list":["post-48391","post","type-post","status-publish","format-standard","has-post-thumbnail","hentry","category-politica"],"_links":{"self":[{"href":"https:\/\/eenergetica.com.ar\/index.php\/wp-json\/wp\/v2\/posts\/48391","targetHints":{"allow":["GET"]}}],"collection":[{"href":"https:\/\/eenergetica.com.ar\/index.php\/wp-json\/wp\/v2\/posts"}],"about":[{"href":"https:\/\/eenergetica.com.ar\/index.php\/wp-json\/wp\/v2\/types\/post"}],"author":[{"embeddable":true,"href":"https:\/\/eenergetica.com.ar\/index.php\/wp-json\/wp\/v2\/users\/2"}],"replies":[{"embeddable":true,"href":"https:\/\/eenergetica.com.ar\/index.php\/wp-json\/wp\/v2\/comments?post=48391"}],"version-history":[{"count":1,"href":"https:\/\/eenergetica.com.ar\/index.php\/wp-json\/wp\/v2\/posts\/48391\/revisions"}],"predecessor-version":[{"id":48393,"href":"https:\/\/eenergetica.com.ar\/index.php\/wp-json\/wp\/v2\/posts\/48391\/revisions\/48393"}],"wp:featuredmedia":[{"embeddable":true,"href":"https:\/\/eenergetica.com.ar\/index.php\/wp-json\/wp\/v2\/media\/48392"}],"wp:attachment":[{"href":"https:\/\/eenergetica.com.ar\/index.php\/wp-json\/wp\/v2\/media?parent=48391"}],"wp:term":[{"taxonomy":"category","embeddable":true,"href":"https:\/\/eenergetica.com.ar\/index.php\/wp-json\/wp\/v2\/categories?post=48391"},{"taxonomy":"post_tag","embeddable":true,"href":"https:\/\/eenergetica.com.ar\/index.php\/wp-json\/wp\/v2\/tags?post=48391"}],"curies":[{"name":"wp","href":"https:\/\/api.w.org\/{rel}","templated":true}]}}