{"id":48385,"date":"2026-09-01T07:41:02","date_gmt":"2026-09-01T10:41:02","guid":{"rendered":"http:\/\/eenergetica.com.ar\/?p=48385"},"modified":"2026-09-01T07:41:02","modified_gmt":"2026-09-01T10:41:02","slug":"carlos-balor-vamos-a-mantener-vivo-el-proyecto-de-juan-jose-mussi-y-continuar-el-desarrollo-de-berazategui","status":"publish","type":"post","link":"https:\/\/eenergetica.com.ar\/index.php\/2026\/09\/01\/carlos-balor-vamos-a-mantener-vivo-el-proyecto-de-juan-jose-mussi-y-continuar-el-desarrollo-de-berazategui\/","title":{"rendered":"Carlos Balor: \u201cVamos a mantener vivo el proyecto de Juan Jos\u00e9 Mussi y continuar el desarrollo de Berazategui\u201d"},"content":{"rendered":"\n<p><strong>El intendente Carlos Balor comparti\u00f3 un c\u00e1lido encuentro con los vecinos y vecinas de la Sociedad de Fomento Barrio Jacarand\u00e1 (calle 160 e\/ 23 y 24), una de las instituciones pioneras del distrito, que particip\u00f3 en la Comisi\u00f3n Pro Autonom\u00eda de Berazategui. All\u00ed, dialog\u00f3 con integrantes de la Comisi\u00f3n Directiva y representantes de instituciones y organizaciones de la zona, sobre los proyectos e inquietudes de la comunidad local.<\/strong><br>\u00a0<br>\u201cQuer\u00eda tener un mano a mano con mis vecinas y vecinos. Vamos a transitar el mismo camino que ven\u00eda haciendo el Dr. Juan Jos\u00e9 Mussi, con el mismo trabajo. El camino es ese y no lo vamos a desviar. Hoy estamos ac\u00e1 para darles una mano en lo que necesiten; vamos a trabajar juntos por el barrio. Le agradecemos a las docentes, a los chicos de la Cooperativa y a toda la comunidad de Jacarand\u00e1, por estar en esta reuni\u00f3n. Vamos a defender el legado de Mussi, para mantener vivo su proyecto y continuar el desarrollo de Berazategui. Sigan confiando en nosotros; no les vamos a fallar&#8221;, afirm\u00f3 el intendente Carlos Balor.<br>\u00a0<br>A su vez, el presidente de la Sociedad de Fomento Barrio Jacarand\u00e1, Daniel Di Meglio, afirm\u00f3: \u201cAgradezco a los vecinos y vecinas que hoy estuvieron presentes. El intendente Carlos Balor nos visit\u00f3, pudimos conversar con \u00e9l y compartir unos mates. Estamos muy agradecidos. Siempre acompa\u00f1amos a Juan Jos\u00e9 Mussi; y hoy Carlos Balor sigue con el mismo proyecto y apoyamos su gesti\u00f3n\u201d.<br>\u00a0<br>Del encuentro tambi\u00e9n participaron integrantes del Gabinete municipal.<br>\u00a0<\/p>\n","protected":false},"excerpt":{"rendered":"<p>El intendente Carlos Balor comparti\u00f3 un c\u00e1lido encuentro con los vecinos y vecinas de la Sociedad de Fomento Barrio Jacarand\u00e1 (calle 160 e\/ 23 y 24), una de las instituciones&hellip; <\/p>\n","protected":false},"author":2,"featured_media":48386,"comment_status":"closed","ping_status":"closed","sticky":false,"template":"","format":"standard","meta":{"footnotes":""},"categories":[22],"tags":[],"class_list":["post-48385","post","type-post","status-publish","format-standard","has-post-thumbnail","hentry","category-sociedad"],"_links":{"self":[{"href":"https:\/\/eenergetica.com.ar\/index.php\/wp-json\/wp\/v2\/posts\/48385","targetHints":{"allow":["GET"]}}],"collection":[{"href":"https:\/\/eenergetica.com.ar\/index.php\/wp-json\/wp\/v2\/posts"}],"about":[{"href":"https:\/\/eenergetica.com.ar\/index.php\/wp-json\/wp\/v2\/types\/post"}],"author":[{"embeddable":true,"href":"https:\/\/eenergetica.com.ar\/index.php\/wp-json\/wp\/v2\/users\/2"}],"replies":[{"embeddable":true,"href":"https:\/\/eenergetica.com.ar\/index.php\/wp-json\/wp\/v2\/comments?post=48385"}],"version-history":[{"count":1,"href":"https:\/\/eenergetica.com.ar\/index.php\/wp-json\/wp\/v2\/posts\/48385\/revisions"}],"predecessor-version":[{"id":48387,"href":"https:\/\/eenergetica.com.ar\/index.php\/wp-json\/wp\/v2\/posts\/48385\/revisions\/48387"}],"wp:featuredmedia":[{"embeddable":true,"href":"https:\/\/eenergetica.com.ar\/index.php\/wp-json\/wp\/v2\/media\/48386"}],"wp:attachment":[{"href":"https:\/\/eenergetica.com.ar\/index.php\/wp-json\/wp\/v2\/media?parent=48385"}],"wp:term":[{"taxonomy":"category","embeddable":true,"href":"https:\/\/eenergetica.com.ar\/index.php\/wp-json\/wp\/v2\/categories?post=48385"},{"taxonomy":"post_tag","embeddable":true,"href":"https:\/\/eenergetica.com.ar\/index.php\/wp-json\/wp\/v2\/tags?post=48385"}],"curies":[{"name":"wp","href":"https:\/\/api.w.org\/{rel}","templated":true}]}}