{"id":48379,"date":"2026-08-31T08:37:42","date_gmt":"2026-08-31T11:37:42","guid":{"rendered":"http:\/\/eenergetica.com.ar\/?p=48379"},"modified":"2026-08-31T08:37:42","modified_gmt":"2026-08-31T11:37:42","slug":"el-gobierno-oficializo-aumentos-para-estatales-y-un-pago-extraordinario-de-80-000","status":"publish","type":"post","link":"https:\/\/eenergetica.com.ar\/index.php\/2026\/08\/31\/el-gobierno-oficializo-aumentos-para-estatales-y-un-pago-extraordinario-de-80-000\/","title":{"rendered":"El Gobierno oficializ\u00f3 aumentos para estatales y un pago extraordinario de $80.000"},"content":{"rendered":"\n<p><strong>El Gobierno nacional oficializ\u00f3 cuatro&nbsp;<\/strong><a href=\"https:\/\/noticiasargentinas.com\/politica\/lo-que-dejo-la-negociacion-paritaria-estatal--con-posiciones-cruzadas-en-los-gremios_a6a8f68365473f9bb71b27c3f\"><strong>aumentos salariales<\/strong><\/a><strong>&nbsp;para los trabajadores de la Administraci\u00f3n P\u00fablica Nacional y el pago extraordinario de una suma fija de $80.000 en diciembre.<\/strong><\/p>\n\n\n\n<p>La medida qued\u00f3 establecida mediante el Decreto 832\/2026, publicado este lunes en el Bolet\u00edn Oficial, que homolog\u00f3 el acuerdo alcanzado en la comisi\u00f3n negociadora del Convenio Colectivo de Trabajo General para la Administraci\u00f3n P\u00fablica Nacional.<\/p>\n\n\n\n<p>El esquema contempla&nbsp;<strong>incrementos acumulativos del 1,9% desde septiembre, 1,8% desde octubre, 1,6% desde noviembre y 1,5% desde diciembre.<\/strong>&nbsp;Cada porcentaje se calcular\u00e1 sobre las remuneraciones vigentes durante el mes anterior.<\/p>\n\n\n\n<p>Adem\u00e1s, los agentes recibir\u00e1n en<strong>&nbsp;diciembre una suma fija de $80.000<\/strong>, de car\u00e1cter remunerativo y no bonificable, que ser\u00e1 abonada por \u00fanica vez y por persona.<\/p>\n\n\n\n<p>El pago extraordinario alcanzar\u00e1 al&nbsp;<strong>personal permanente y no permanente<\/strong>&nbsp;comprendido en el convenio general de la Administraci\u00f3n P\u00fablica Nacional.<\/p>\n\n\n\n<p>La norma tambi\u00e9n<strong>&nbsp;prorrog\u00f3 hasta el 31 de diciembre de 2026 el Premio Est\u00edmulo a la Asistencia,<\/strong>&nbsp;un adicional vinculado al presentismo de los empleados estatales.<\/p>\n\n\n\n<p>El decreto lleva las firmas del presidente Javier Milei, el jefe de Gabinete y los ministros nacionales correspondientes.<\/p>\n\n\n\n<p>Agencia NA&nbsp;<\/p>\n","protected":false},"excerpt":{"rendered":"<p>El Gobierno nacional oficializ\u00f3 cuatro&nbsp;aumentos salariales&nbsp;para los trabajadores de la Administraci\u00f3n P\u00fablica Nacional y el pago extraordinario de una suma fija de $80.000 en diciembre. La medida qued\u00f3 establecida mediante&hellip; <\/p>\n","protected":false},"author":2,"featured_media":48380,"comment_status":"closed","ping_status":"closed","sticky":false,"template":"","format":"standard","meta":{"footnotes":""},"categories":[28,21],"tags":[],"class_list":["post-48379","post","type-post","status-publish","format-standard","has-post-thumbnail","hentry","category-destacada","category-economia"],"_links":{"self":[{"href":"https:\/\/eenergetica.com.ar\/index.php\/wp-json\/wp\/v2\/posts\/48379","targetHints":{"allow":["GET"]}}],"collection":[{"href":"https:\/\/eenergetica.com.ar\/index.php\/wp-json\/wp\/v2\/posts"}],"about":[{"href":"https:\/\/eenergetica.com.ar\/index.php\/wp-json\/wp\/v2\/types\/post"}],"author":[{"embeddable":true,"href":"https:\/\/eenergetica.com.ar\/index.php\/wp-json\/wp\/v2\/users\/2"}],"replies":[{"embeddable":true,"href":"https:\/\/eenergetica.com.ar\/index.php\/wp-json\/wp\/v2\/comments?post=48379"}],"version-history":[{"count":1,"href":"https:\/\/eenergetica.com.ar\/index.php\/wp-json\/wp\/v2\/posts\/48379\/revisions"}],"predecessor-version":[{"id":48381,"href":"https:\/\/eenergetica.com.ar\/index.php\/wp-json\/wp\/v2\/posts\/48379\/revisions\/48381"}],"wp:featuredmedia":[{"embeddable":true,"href":"https:\/\/eenergetica.com.ar\/index.php\/wp-json\/wp\/v2\/media\/48380"}],"wp:attachment":[{"href":"https:\/\/eenergetica.com.ar\/index.php\/wp-json\/wp\/v2\/media?parent=48379"}],"wp:term":[{"taxonomy":"category","embeddable":true,"href":"https:\/\/eenergetica.com.ar\/index.php\/wp-json\/wp\/v2\/categories?post=48379"},{"taxonomy":"post_tag","embeddable":true,"href":"https:\/\/eenergetica.com.ar\/index.php\/wp-json\/wp\/v2\/tags?post=48379"}],"curies":[{"name":"wp","href":"https:\/\/api.w.org\/{rel}","templated":true}]}}