{"id":48373,"date":"2026-08-31T08:33:38","date_gmt":"2026-08-31T11:33:38","guid":{"rendered":"http:\/\/eenergetica.com.ar\/?p=48373"},"modified":"2026-08-31T08:33:38","modified_gmt":"2026-08-31T11:33:38","slug":"red-de-grooming-y-abusos-en-la-provincia-de-cordoba-renuncio-el-legislador-canito-flores","status":"publish","type":"post","link":"https:\/\/eenergetica.com.ar\/index.php\/2026\/08\/31\/red-de-grooming-y-abusos-en-la-provincia-de-cordoba-renuncio-el-legislador-canito-flores\/","title":{"rendered":"Red de grooming y abusos en la provincia de C\u00f3rdoba: renunci\u00f3 el legislador \u201cCa\u00f1ito\u201d Flores"},"content":{"rendered":"\n<p><strong>Ernesto Ram\u00f3n \u201cCa\u00f1ito\u201d Flores<\/strong>&nbsp;present\u00f3 en las \u00faltimas horas su&nbsp;<strong>renuncia indeclinable como legislador provincial<\/strong>&nbsp;del bloque Hacemos Unidos por C\u00f3rdoba, en medio de la investigaci\u00f3n por la&nbsp;<a href=\"https:\/\/noticiasargentinas.com\/sociedad\/grooming-y-abusos-contra-menores-en-la-provincia-de-cordoba--echaron-a-la-cupula-policial-de-rio-seco_a6a8f049f5473f9bb71a28e65\">presunta red de grooming y abusos contra menores en la ciudad de R\u00edo Seco.<\/a><\/p>\n\n\n\n<p>En medio del ruido pol\u00edtico y social de la causa, Flores expuso en su escrito que fue&nbsp;<strong>objeto de una<\/strong>&nbsp;\u201c<strong>campa\u00f1a de difamaci\u00f3n y de descalificaci\u00f3n personal<\/strong>\u201d y que su se\u00f1alamiento est\u00e1 vinculado a intereses pol\u00edticos.<\/p>\n\n\n\n<p>\u201c<strong>Quien formule una acusaci\u00f3n deber\u00e1 asumir la responsabilidad de sostenerla y demostrarla con pruebas<\/strong>, por las v\u00edas que correspondan y ante la Justicia\u201d, sum\u00f3 en la carta, de acuerdo con lo indicado por el medio&nbsp;<em>El Doce TV<\/em>.<\/p>\n\n\n\n<p>\u201cEsta decisi\u00f3n&nbsp;<strong>no significa reconocer ninguna de las acusaciones que se han formulado en mi contra<\/strong>, sino todo lo contrario\u201d, aclar\u00f3 respecto de que su renuncia fue dictada para&nbsp;<strong>preservar su tranquilidad, su dignidad personal y el respeto por las instituciones.<\/strong><\/p>\n\n\n\n<p>Flores afirm\u00f3 tambi\u00e9n tener \u201c<strong>la conciencia absolutamente tranquila<\/strong>\u201d y que no tiene&nbsp;<strong>\u201cnada que ocultar\u201d.<\/strong><\/p>\n\n\n\n<p>En el cierre, manifest\u00f3: \u201c<strong>Me retiro con la frente en alto<\/strong>, con la tranquilidad de mi conciencia y con la certeza de que la verdad no necesita campa\u00f1as: necesita simplemente la oportunidad de ser conocida\u201d.<\/p>\n\n\n\n<p>La semana pasada&nbsp;<strong>la Legislatura hab\u00eda aprobado la licencia solicitada por el dirigente<\/strong>, pero d\u00edas despu\u00e9s se conoci\u00f3 su renuncia, medida que la oposici\u00f3n ped\u00eda desde que se conoci\u00f3 su vinculaci\u00f3n con uno de los detenidos.<\/p>\n","protected":false},"excerpt":{"rendered":"<p>Ernesto Ram\u00f3n \u201cCa\u00f1ito\u201d Flores&nbsp;present\u00f3 en las \u00faltimas horas su&nbsp;renuncia indeclinable como legislador provincial&nbsp;del bloque Hacemos Unidos por C\u00f3rdoba, en medio de la investigaci\u00f3n por la&nbsp;presunta red de grooming y abusos&hellip; <\/p>\n","protected":false},"author":2,"featured_media":48374,"comment_status":"closed","ping_status":"closed","sticky":false,"template":"","format":"standard","meta":{"footnotes":""},"categories":[22],"tags":[],"class_list":["post-48373","post","type-post","status-publish","format-standard","has-post-thumbnail","hentry","category-sociedad"],"_links":{"self":[{"href":"https:\/\/eenergetica.com.ar\/index.php\/wp-json\/wp\/v2\/posts\/48373","targetHints":{"allow":["GET"]}}],"collection":[{"href":"https:\/\/eenergetica.com.ar\/index.php\/wp-json\/wp\/v2\/posts"}],"about":[{"href":"https:\/\/eenergetica.com.ar\/index.php\/wp-json\/wp\/v2\/types\/post"}],"author":[{"embeddable":true,"href":"https:\/\/eenergetica.com.ar\/index.php\/wp-json\/wp\/v2\/users\/2"}],"replies":[{"embeddable":true,"href":"https:\/\/eenergetica.com.ar\/index.php\/wp-json\/wp\/v2\/comments?post=48373"}],"version-history":[{"count":1,"href":"https:\/\/eenergetica.com.ar\/index.php\/wp-json\/wp\/v2\/posts\/48373\/revisions"}],"predecessor-version":[{"id":48375,"href":"https:\/\/eenergetica.com.ar\/index.php\/wp-json\/wp\/v2\/posts\/48373\/revisions\/48375"}],"wp:featuredmedia":[{"embeddable":true,"href":"https:\/\/eenergetica.com.ar\/index.php\/wp-json\/wp\/v2\/media\/48374"}],"wp:attachment":[{"href":"https:\/\/eenergetica.com.ar\/index.php\/wp-json\/wp\/v2\/media?parent=48373"}],"wp:term":[{"taxonomy":"category","embeddable":true,"href":"https:\/\/eenergetica.com.ar\/index.php\/wp-json\/wp\/v2\/categories?post=48373"},{"taxonomy":"post_tag","embeddable":true,"href":"https:\/\/eenergetica.com.ar\/index.php\/wp-json\/wp\/v2\/tags?post=48373"}],"curies":[{"name":"wp","href":"https:\/\/api.w.org\/{rel}","templated":true}]}}