{"id":48367,"date":"2026-08-31T08:28:04","date_gmt":"2026-08-31T11:28:04","guid":{"rendered":"https:\/\/eenergetica.com.ar\/?p=48367"},"modified":"2026-08-31T08:28:05","modified_gmt":"2026-08-31T11:28:05","slug":"el-frente-de-sindicatos-unidos-se-reune-con-empresarios-pymes-para-impulsar-el-trabajo-y-la-produccion-nacional","status":"publish","type":"post","link":"https:\/\/eenergetica.com.ar\/index.php\/2026\/08\/31\/el-frente-de-sindicatos-unidos-se-reune-con-empresarios-pymes-para-impulsar-el-trabajo-y-la-produccion-nacional\/","title":{"rendered":"El Frente de Sindicatos Unidos se re\u00fane con empresarios pymes \u201cpara impulsar el trabajo y la producci\u00f3n nacional&#8221;"},"content":{"rendered":"\n<p>El&nbsp;<strong>Frente de Sindicatos Unidos<\/strong>&nbsp;(<strong>FreSU<\/strong>) se reunir\u00e1 este lunes a las 11 hs. en la localidad de San Mart\u00edn,&nbsp;<strong>con empresarios pymes<\/strong>&nbsp;&#8220;<strong>para impulsar el trabajo y la producci\u00f3n nacional&#8221;<\/strong>; previamente mantendr\u00e1n&nbsp;<strong>un encuentro con el intendente<\/strong>,&nbsp;<strong>Fernando Moreira<\/strong>, para dialogar y&nbsp;<strong>promover el desarrollo productivo<\/strong>.<\/p>\n\n\n\n<p>Seg\u00fan supo la&nbsp;<strong>Agencia Noticias Argentinas<\/strong>&nbsp;en di\u00e1logo con el&nbsp;<strong>FreSU<\/strong>, esta reuni\u00f3n se llevar\u00e1 a cabo debido a que consideran que el&nbsp;<strong>Gobierno Nacional<\/strong>&nbsp;&#8220;<strong>destruye los salarios&#8221;<\/strong>, que &#8220;<strong>aplica aumentos&#8221;<\/strong>&nbsp;en las tarifas de transporte y servicios p\u00fablicos, &#8220;<strong>desfinancia la educaci\u00f3n p\u00fablica y la salud&#8221;<\/strong>&nbsp;y habilita la importaci\u00f3n &#8220;<strong>indiscriminada&#8221;<\/strong>.<\/p>\n\n\n\n<p>De acuerdo a lo pactado,&nbsp;<strong>la primera reuni\u00f3n ser\u00e1 en el Palacio Municipal de la localidad bonaerense<\/strong>&nbsp;y luego se llevar\u00e1 adelante&nbsp;<strong>el encuentro de dirigentes del FreSU con los empresarios pymes e industriales<\/strong>&nbsp;en la sede de la&nbsp;<strong>Asociaci\u00f3n de Trabajadores del Estado<\/strong>&nbsp;(<strong>ATE<\/strong>) de&nbsp;<strong>San Mart\u00edn<\/strong>&nbsp;(Rodr\u00edguez Pe\u00f1a 2265).<\/p>\n\n\n\n<p>&#8220;Desde su conformaci\u00f3n,&nbsp;<strong>este Frente viene reclamando la implementaci\u00f3n de un Salario M\u00ednimo, Vital y M\u00f3vil como lo establece la Constituci\u00f3n Nacional y la Ley de Contrato de Trabajo<\/strong>, que para julio pasado&nbsp;<strong>se ubic\u00f3 en $3.065.161<\/strong>. Ese monto permitir\u00eda cubrir las nueve necesidades vitales definidas en la legislaci\u00f3n nacional&#8221;, aseguraron.&nbsp;<\/p>\n\n\n\n<p>Por otra parte, manifestaron que&nbsp;<strong>el programa aprobado por el gremio durante su Primer Plenario<\/strong>&nbsp;defini\u00f3 &#8220;<strong>rechazar la regresiva reforma laboral&#8221;<\/strong>&nbsp;del&nbsp;<strong>presidente Javier Milei<\/strong>&nbsp;e impulsar \u201cun proyecto de ley que&nbsp;<strong>reforme la legislaci\u00f3n laboral reconociendo mayor protecci\u00f3n<\/strong>, m\u00e1s derechos, incluyendo la prevenci\u00f3n y&nbsp;<strong>reparaci\u00f3n de los da\u00f1os en el trabajo<\/strong>\u201d.<\/p>\n","protected":false},"excerpt":{"rendered":"<p>El&nbsp;Frente de Sindicatos Unidos&nbsp;(FreSU) se reunir\u00e1 este lunes a las 11 hs. en la localidad de San Mart\u00edn,&nbsp;con empresarios pymes&nbsp;&#8220;para impulsar el trabajo y la producci\u00f3n nacional&#8221;; previamente mantendr\u00e1n&nbsp;un encuentro&hellip; <\/p>\n","protected":false},"author":2,"featured_media":48368,"comment_status":"closed","ping_status":"closed","sticky":false,"template":"","format":"standard","meta":{"footnotes":""},"categories":[21],"tags":[],"class_list":["post-48367","post","type-post","status-publish","format-standard","has-post-thumbnail","hentry","category-economia"],"_links":{"self":[{"href":"https:\/\/eenergetica.com.ar\/index.php\/wp-json\/wp\/v2\/posts\/48367","targetHints":{"allow":["GET"]}}],"collection":[{"href":"https:\/\/eenergetica.com.ar\/index.php\/wp-json\/wp\/v2\/posts"}],"about":[{"href":"https:\/\/eenergetica.com.ar\/index.php\/wp-json\/wp\/v2\/types\/post"}],"author":[{"embeddable":true,"href":"https:\/\/eenergetica.com.ar\/index.php\/wp-json\/wp\/v2\/users\/2"}],"replies":[{"embeddable":true,"href":"https:\/\/eenergetica.com.ar\/index.php\/wp-json\/wp\/v2\/comments?post=48367"}],"version-history":[{"count":1,"href":"https:\/\/eenergetica.com.ar\/index.php\/wp-json\/wp\/v2\/posts\/48367\/revisions"}],"predecessor-version":[{"id":48369,"href":"https:\/\/eenergetica.com.ar\/index.php\/wp-json\/wp\/v2\/posts\/48367\/revisions\/48369"}],"wp:featuredmedia":[{"embeddable":true,"href":"https:\/\/eenergetica.com.ar\/index.php\/wp-json\/wp\/v2\/media\/48368"}],"wp:attachment":[{"href":"https:\/\/eenergetica.com.ar\/index.php\/wp-json\/wp\/v2\/media?parent=48367"}],"wp:term":[{"taxonomy":"category","embeddable":true,"href":"https:\/\/eenergetica.com.ar\/index.php\/wp-json\/wp\/v2\/categories?post=48367"},{"taxonomy":"post_tag","embeddable":true,"href":"https:\/\/eenergetica.com.ar\/index.php\/wp-json\/wp\/v2\/tags?post=48367"}],"curies":[{"name":"wp","href":"https:\/\/api.w.org\/{rel}","templated":true}]}}