{"id":48364,"date":"2026-08-31T08:26:29","date_gmt":"2026-08-31T11:26:29","guid":{"rendered":"https:\/\/eenergetica.com.ar\/?p=48364"},"modified":"2026-08-31T08:26:29","modified_gmt":"2026-08-31T11:26:29","slug":"el-gobierno-destina-mas-de-50-000-millones-mensuales-a-la-recomposicion-salarial-de-las-fuerzas-de-seguridad-y-las-fuerzas-armadas","status":"publish","type":"post","link":"https:\/\/eenergetica.com.ar\/index.php\/2026\/08\/31\/el-gobierno-destina-mas-de-50-000-millones-mensuales-a-la-recomposicion-salarial-de-las-fuerzas-de-seguridad-y-las-fuerzas-armadas\/","title":{"rendered":"El Gobierno destina m\u00e1s de $50.000 millones mensuales a la recomposici\u00f3n salarial de las Fuerzas de Seguridad y las Fuerzas Armadas"},"content":{"rendered":"\n<p>El Gobierno nacional avanza con una recomposici\u00f3n salarial para las<strong>&nbsp;Fuerzas Federales de Seguridad<\/strong>&nbsp;y las&nbsp;<strong>Fuerzas Armadas<\/strong>, que demandar\u00e1 m\u00e1s de&nbsp;<a href=\"https:\/\/noticiasargentinas.com\/politica\/el-gobierno-otorgo-un-bono-para-las-fuerzas-armadas---cual-es-el-monto-_a6a706647709c40d8a28cd885\"><strong>$50.000 millones mensuales<\/strong><\/a>&nbsp;y apunta a mejorar los haberes y reconocer las particularidades de cada cartera.<\/p>\n\n\n\n<p>Las Fuerzas Armadas tendr\u00e1n un incremento acumulado del&nbsp;<strong>12,22%<\/strong>&nbsp;sobre el haber entre septiembre y diciembre de 2026, seg\u00fan la informaci\u00f3n a la que accedi\u00f3 la Agencia Noticias Argentinas.<\/p>\n\n\n\n<p>El primer aumento ser\u00e1 del 6,9% desde el 1\u00b0 de septiembre y alcanzar\u00e1 a todo el personal de las Fuerzas Armadas, sin distinci\u00f3n de grado ni jerarqu\u00eda, as\u00ed como a los suplementos calculados sobre esa base.<\/p>\n\n\n\n<p><strong>El incremento alcanzar\u00e1 tambi\u00e9n a los retirados y se sumar\u00e1 al 17,62% acumulado entre enero y agosto, por lo que el haber militar proyecta una suba cercana al 32% de cara a diciembre de 2026<\/strong>.<\/p>\n\n\n\n<p>Estos aumentos se agregar\u00e1n al Suplemento por T\u00edtulo implementado recientemente, que establece adicionales del 10%, 15% y 25% sobre el sueldo correspondiente al grado, seg\u00fan el nivel educativo alcanzado.<\/p>\n\n\n\n<p>Por su parte, para las Fuerzas Federales de Seguridad, el Ministerio de Seguridad Nacional implement\u00f3 un aumento transversal del haber b\u00e1sico desde septiembre, junto con la creaci\u00f3n, modificaci\u00f3n y actualizaci\u00f3n de suplementos y compensaciones.<\/p>\n","protected":false},"excerpt":{"rendered":"<p>El Gobierno nacional avanza con una recomposici\u00f3n salarial para las&nbsp;Fuerzas Federales de Seguridad&nbsp;y las&nbsp;Fuerzas Armadas, que demandar\u00e1 m\u00e1s de&nbsp;$50.000 millones mensuales&nbsp;y apunta a mejorar los haberes y reconocer las particularidades&hellip; <\/p>\n","protected":false},"author":2,"featured_media":48365,"comment_status":"closed","ping_status":"closed","sticky":false,"template":"","format":"standard","meta":{"footnotes":""},"categories":[21],"tags":[],"class_list":["post-48364","post","type-post","status-publish","format-standard","has-post-thumbnail","hentry","category-economia"],"_links":{"self":[{"href":"https:\/\/eenergetica.com.ar\/index.php\/wp-json\/wp\/v2\/posts\/48364","targetHints":{"allow":["GET"]}}],"collection":[{"href":"https:\/\/eenergetica.com.ar\/index.php\/wp-json\/wp\/v2\/posts"}],"about":[{"href":"https:\/\/eenergetica.com.ar\/index.php\/wp-json\/wp\/v2\/types\/post"}],"author":[{"embeddable":true,"href":"https:\/\/eenergetica.com.ar\/index.php\/wp-json\/wp\/v2\/users\/2"}],"replies":[{"embeddable":true,"href":"https:\/\/eenergetica.com.ar\/index.php\/wp-json\/wp\/v2\/comments?post=48364"}],"version-history":[{"count":1,"href":"https:\/\/eenergetica.com.ar\/index.php\/wp-json\/wp\/v2\/posts\/48364\/revisions"}],"predecessor-version":[{"id":48366,"href":"https:\/\/eenergetica.com.ar\/index.php\/wp-json\/wp\/v2\/posts\/48364\/revisions\/48366"}],"wp:featuredmedia":[{"embeddable":true,"href":"https:\/\/eenergetica.com.ar\/index.php\/wp-json\/wp\/v2\/media\/48365"}],"wp:attachment":[{"href":"https:\/\/eenergetica.com.ar\/index.php\/wp-json\/wp\/v2\/media?parent=48364"}],"wp:term":[{"taxonomy":"category","embeddable":true,"href":"https:\/\/eenergetica.com.ar\/index.php\/wp-json\/wp\/v2\/categories?post=48364"},{"taxonomy":"post_tag","embeddable":true,"href":"https:\/\/eenergetica.com.ar\/index.php\/wp-json\/wp\/v2\/tags?post=48364"}],"curies":[{"name":"wp","href":"https:\/\/api.w.org\/{rel}","templated":true}]}}