{"id":48361,"date":"2026-08-31T08:24:34","date_gmt":"2026-08-31T11:24:34","guid":{"rendered":"https:\/\/eenergetica.com.ar\/?p=48361"},"modified":"2026-08-31T08:24:35","modified_gmt":"2026-08-31T11:24:35","slug":"milei-acepto-las-renuncias-de-una-fiscal-federal-y-un-defensor-publico","status":"publish","type":"post","link":"https:\/\/eenergetica.com.ar\/index.php\/2026\/08\/31\/milei-acepto-las-renuncias-de-una-fiscal-federal-y-un-defensor-publico\/","title":{"rendered":"Milei acept\u00f3 las renuncias de una fiscal federal y un defensor p\u00fablico"},"content":{"rendered":"\n<p>El presidente&nbsp;<strong>Javier Milei<\/strong>&nbsp;acept\u00f3 las renuncias de una fiscal federal de&nbsp;<strong>Neuqu\u00e9n<\/strong>&nbsp;y un defensor p\u00fablico oficial de la Justicia Nacional en lo Criminal y Correccional de la Ciudad de Buenos Aires.<\/p>\n\n\n\n<p>Las decisiones fueron formalizadas mediante los decretos 830 y 831\/2026, publicados este lunes en el Bolet\u00edn Oficial. El mandatario acept\u00f3, a partir del 1\u00b0 de septiembre, la dimisi\u00f3n de&nbsp;<strong>Mar\u00eda<\/strong>&nbsp;<strong>Cristina Beute<\/strong>&nbsp;como fiscal federal de la Unidad Fiscal Neuqu\u00e9n.<\/p>\n\n\n\n<p>Tambi\u00e9n admiti\u00f3 la renuncia de&nbsp;<strong>Ricardo Alberto De Lorenzo<\/strong>&nbsp;al cargo de defensor p\u00fablico oficial ante los juzgados nacionales en lo Criminal y Correccional y la C\u00e1mara Nacional de Apelaciones en lo Criminal y Correccional porte\u00f1a.<\/p>\n\n\n\n<p>De Lorenzo se desempe\u00f1aba al frente de la Defensor\u00eda P\u00fablica Oficial n\u00famero 2 de ese fuero. Las decisiones generar\u00e1n dos nuevas vacantes dentro del Ministerio P\u00fablico Fiscal y el Ministerio P\u00fablico de la Defensa.<\/p>\n\n\n\n<p>Los decretos no informaron los motivos de las renuncias ni anunciaron qui\u00e9nes ocupar\u00e1n temporal o definitivamente los cargos.<\/p>\n\n\n\n<p>Agencia NA<\/p>\n","protected":false},"excerpt":{"rendered":"<p>El presidente&nbsp;Javier Milei&nbsp;acept\u00f3 las renuncias de una fiscal federal de&nbsp;Neuqu\u00e9n&nbsp;y un defensor p\u00fablico oficial de la Justicia Nacional en lo Criminal y Correccional de la Ciudad de Buenos Aires. Las&hellip; <\/p>\n","protected":false},"author":2,"featured_media":48362,"comment_status":"closed","ping_status":"closed","sticky":false,"template":"","format":"standard","meta":{"footnotes":""},"categories":[20],"tags":[],"class_list":["post-48361","post","type-post","status-publish","format-standard","has-post-thumbnail","hentry","category-politica"],"_links":{"self":[{"href":"https:\/\/eenergetica.com.ar\/index.php\/wp-json\/wp\/v2\/posts\/48361","targetHints":{"allow":["GET"]}}],"collection":[{"href":"https:\/\/eenergetica.com.ar\/index.php\/wp-json\/wp\/v2\/posts"}],"about":[{"href":"https:\/\/eenergetica.com.ar\/index.php\/wp-json\/wp\/v2\/types\/post"}],"author":[{"embeddable":true,"href":"https:\/\/eenergetica.com.ar\/index.php\/wp-json\/wp\/v2\/users\/2"}],"replies":[{"embeddable":true,"href":"https:\/\/eenergetica.com.ar\/index.php\/wp-json\/wp\/v2\/comments?post=48361"}],"version-history":[{"count":1,"href":"https:\/\/eenergetica.com.ar\/index.php\/wp-json\/wp\/v2\/posts\/48361\/revisions"}],"predecessor-version":[{"id":48363,"href":"https:\/\/eenergetica.com.ar\/index.php\/wp-json\/wp\/v2\/posts\/48361\/revisions\/48363"}],"wp:featuredmedia":[{"embeddable":true,"href":"https:\/\/eenergetica.com.ar\/index.php\/wp-json\/wp\/v2\/media\/48362"}],"wp:attachment":[{"href":"https:\/\/eenergetica.com.ar\/index.php\/wp-json\/wp\/v2\/media?parent=48361"}],"wp:term":[{"taxonomy":"category","embeddable":true,"href":"https:\/\/eenergetica.com.ar\/index.php\/wp-json\/wp\/v2\/categories?post=48361"},{"taxonomy":"post_tag","embeddable":true,"href":"https:\/\/eenergetica.com.ar\/index.php\/wp-json\/wp\/v2\/tags?post=48361"}],"curies":[{"name":"wp","href":"https:\/\/api.w.org\/{rel}","templated":true}]}}