{"id":48354,"date":"2026-08-31T08:18:45","date_gmt":"2026-08-31T11:18:45","guid":{"rendered":"https:\/\/eenergetica.com.ar\/?p=48354"},"modified":"2026-08-31T08:18:45","modified_gmt":"2026-08-31T11:18:45","slug":"tras-los-cuestionamientos-milei-se-mantiene-en-escena-retoma-la-agenda-local-e-internacional","status":"publish","type":"post","link":"https:\/\/eenergetica.com.ar\/index.php\/2026\/08\/31\/tras-los-cuestionamientos-milei-se-mantiene-en-escena-retoma-la-agenda-local-e-internacional\/","title":{"rendered":"Tras los cuestionamientos, Milei se mantiene en escena: retoma la agenda local e internacional"},"content":{"rendered":"\n<p>El presidente&nbsp;<strong>Javier Milei<\/strong>&nbsp;protagoniza a partir de este lunes una&nbsp;<strong>intensa agenda de actividades<\/strong>, luego de algunos d\u00edas recluido en la Quinta de Olivos, con audiencias privadas.<\/p>\n\n\n\n<p>Seg\u00fan supo la&nbsp;<em><strong>Agencia Noticias Argentinas<\/strong><\/em>, se trata de una determinaci\u00f3n pol\u00edtica para contrastar los cuestionamientos de la prensa a ra\u00edz de la pasividad que marcaron las jornadas tras su regreso de Colombia.<\/p>\n\n\n\n<p>Sin embargo, algunos interlocutores de la Casa Rosada le quitaron dramatismo a la situaci\u00f3n y aseguraron que se trat\u00f3 de una sola semana con actividad reducida.&nbsp;<strong>&#8220;Le meten IVA a todo&#8221;<\/strong>, sentenci\u00f3 un alfil violeta.<\/p>\n\n\n\n<p>En estricta reserva, otros aseguran que el libertario recept\u00f3 la l\u00ednea de los medios de comunicaci\u00f3n, a los que apunta con intensidad desde sus redes sociales, y actu\u00f3 en consecuencia.<\/p>\n\n\n\n<p>Este lunes, el mandatario inaugurar\u00e1 el Congreso Americano de la Federaci\u00f3n Internacional del Autom\u00f3vil (FIA), que se celebra en la sede del&nbsp;<strong>Autom\u00f3vil Club Argentino (ACA)<\/strong>&nbsp;y que se da en medio de las negociaciones del oficialismo por la vuelta de la&nbsp;<strong>F\u00f3rmula 1<\/strong>&nbsp;al pa\u00eds.<\/p>\n\n\n\n<p>Asimismo, el martes volver\u00e1 a reunir al Gabinete, casi una semana despu\u00e9s del \u00faltimo intercambio en que defendi\u00f3 el programa econ\u00f3mico, y luego har\u00e1 lo propio la&nbsp;<strong>mesa pol\u00edtica<\/strong>&nbsp;que deber\u00e1 discutir el futuro de la reforma electoral. Si bien la senadora Patricia Bullrich sostuvo que la iniciativa se retomar\u00e1 en los pr\u00f3ximos d\u00edas, en el reducido c\u00edrculo&nbsp;<strong>a\u00fan hay dudas respecto a los tiempos.<\/strong><\/p>\n\n\n\n<p><strong>&#8220;Todav\u00eda no lo discutimos. Habr\u00e1 que ver&#8221;,<\/strong>&nbsp;expres\u00f3 un integrante de la mesa, con dudas respecto a los apoyos.<\/p>\n\n\n\n<p>Para el mi\u00e9rcoles, el mandatario tiene en agenda la asistencia al encuentro \u201cVientos de Cambio: Avanza la Libertad en Argentina y las Am\u00e9ricas\u201d, que organiza la&nbsp;<strong>Fundaci\u00f3n Libertad y Progreso<\/strong>&nbsp;en el Hotel Sheraton del barrio porte\u00f1o de Retiro.<\/p>\n\n\n\n<p>Sobre el cierre de la semana, el libertario retomar\u00e1 el frente internacional y viajar\u00e1 de manera expr\u00e9s a Santiago de Chile. Lo har\u00e1 con motivo del&nbsp;<strong>Foro Madrid<\/strong>, organizado por la Fundaci\u00f3n Disenso, en el Centro de Eventos San Carlos de Apoquindo.<\/p>\n\n\n\n<p>No obstante, aprovechar\u00e1 la visita para reunirse a las 10.15 con la subsecretaria de Estado para la Diplomacia P\u00fablica de Estados Unidos,&nbsp;<strong>Sarah Rogers<\/strong>, y luego con su par de Chile,&nbsp;<strong>Jos\u00e9 Antonio Kast<\/strong>, en el Palacio de La Moneda.<\/p>\n\n\n\n<p>Detr\u00e1s de estos movimientos est\u00e1 el deseo de Milei de&nbsp;<strong>transformarse en el referente de la derecha en la regi\u00f3n<\/strong>&nbsp;y el principal interlocutor con Donald Trump.<\/p>\n\n\n\n<p>Ya de regreso al pa\u00eds, el presidente visitar\u00e1 la provincia de&nbsp;<strong>Misiones<\/strong>, donde estar\u00e1 en Puerto Iguaz\u00fa para dar asistencia a la Convenci\u00f3n Anual del Instituto Argentino de Ejecutivos de Finanzas (IAEF).<\/p>\n\n\n\n<p>El armado de La Libertad Avanza a\u00fan no defini\u00f3 los acuerdos que cerrar\u00e1 rumbo a 2027, pero se muestra dispuesto a fortalecer el sello local. A trav\u00e9s de su cuenta de X, el titular del espacio misionero,&nbsp;<strong>Adri\u00e1n N\u00fa\u00f1ez<\/strong>, anunci\u00f3 una aplicaci\u00f3n para monitorear el presupuesto provincial. &#8220;Son tus impuestos, ten\u00e9s derecho a saber a d\u00f3nde van&#8221;, fustig\u00f3.<\/p>\n\n\n\n<p><strong>Agencia NA<\/strong><\/p>\n","protected":false},"excerpt":{"rendered":"<p>El presidente&nbsp;Javier Milei&nbsp;protagoniza a partir de este lunes una&nbsp;intensa agenda de actividades, luego de algunos d\u00edas recluido en la Quinta de Olivos, con audiencias privadas. Seg\u00fan supo la&nbsp;Agencia Noticias Argentinas,&hellip; <\/p>\n","protected":false},"author":2,"featured_media":48355,"comment_status":"closed","ping_status":"closed","sticky":false,"template":"","format":"standard","meta":{"footnotes":""},"categories":[28,20],"tags":[],"class_list":["post-48354","post","type-post","status-publish","format-standard","has-post-thumbnail","hentry","category-destacada","category-politica"],"_links":{"self":[{"href":"https:\/\/eenergetica.com.ar\/index.php\/wp-json\/wp\/v2\/posts\/48354","targetHints":{"allow":["GET"]}}],"collection":[{"href":"https:\/\/eenergetica.com.ar\/index.php\/wp-json\/wp\/v2\/posts"}],"about":[{"href":"https:\/\/eenergetica.com.ar\/index.php\/wp-json\/wp\/v2\/types\/post"}],"author":[{"embeddable":true,"href":"https:\/\/eenergetica.com.ar\/index.php\/wp-json\/wp\/v2\/users\/2"}],"replies":[{"embeddable":true,"href":"https:\/\/eenergetica.com.ar\/index.php\/wp-json\/wp\/v2\/comments?post=48354"}],"version-history":[{"count":1,"href":"https:\/\/eenergetica.com.ar\/index.php\/wp-json\/wp\/v2\/posts\/48354\/revisions"}],"predecessor-version":[{"id":48356,"href":"https:\/\/eenergetica.com.ar\/index.php\/wp-json\/wp\/v2\/posts\/48354\/revisions\/48356"}],"wp:featuredmedia":[{"embeddable":true,"href":"https:\/\/eenergetica.com.ar\/index.php\/wp-json\/wp\/v2\/media\/48355"}],"wp:attachment":[{"href":"https:\/\/eenergetica.com.ar\/index.php\/wp-json\/wp\/v2\/media?parent=48354"}],"wp:term":[{"taxonomy":"category","embeddable":true,"href":"https:\/\/eenergetica.com.ar\/index.php\/wp-json\/wp\/v2\/categories?post=48354"},{"taxonomy":"post_tag","embeddable":true,"href":"https:\/\/eenergetica.com.ar\/index.php\/wp-json\/wp\/v2\/tags?post=48354"}],"curies":[{"name":"wp","href":"https:\/\/api.w.org\/{rel}","templated":true}]}}