{"id":48244,"date":"2026-08-30T12:13:49","date_gmt":"2026-08-30T15:13:49","guid":{"rendered":"https:\/\/eenergetica.com.ar\/?p=48244"},"modified":"2026-08-28T12:18:26","modified_gmt":"2026-08-28T15:18:26","slug":"canos-rotos-y-agua-perdida-anatuya-lanzo-un-ultimatum-al-gobierno-de-elias-suarez","status":"publish","type":"post","link":"https:\/\/eenergetica.com.ar\/index.php\/2026\/08\/30\/canos-rotos-y-agua-perdida-anatuya-lanzo-un-ultimatum-al-gobierno-de-elias-suarez\/","title":{"rendered":"Ca\u00f1os rotos y agua perdida: A\u00f1atuya lanz\u00f3 un ultim\u00e1tum al gobierno de El\u00edas Su\u00e1rez"},"content":{"rendered":"\n<p>Vecinos y comerciantes de A\u00f1atuya lanzaron el 26 de agosto un ultim\u00e1tum ante las roturas reiteradas de ca\u00f1er\u00edas que mantienen calles del centro y de distintos barrios cubiertas por agua potable, y advirtieron que trasladar\u00e1n el reclamo a la v\u00eda p\u00fablica si no reciben una respuesta concreta.&nbsp;<\/p>\n\n\n\n<p>La protesta expone al gobierno de&nbsp;<strong>El\u00edas Su\u00e1rez<\/strong>&nbsp;porque la inspecci\u00f3n solicitada por el Municipio qued\u00f3 condicionada a una autorizaci\u00f3n del Ente Regulador de los Servicios de Agua y Cloacas (ERSAC) que no se hab\u00eda hecho p\u00fablica al vencer el horario propuesto para el operativo.<\/p>\n\n\n\n<p>Seg\u00fan supo la&nbsp;<strong>Agencia Noticias Argentinas<\/strong>, el reclamo alcanz\u00f3 a arterias como Gobernador Barraza, Pueyrred\u00f3n, Pasaje Quinteros, Chacabuco y Gottau, con especial impacto en el barrio Platense Oeste. Los frentistas afirmaron que el l\u00edquido que permanece sobre las calzadas proviene de la red de agua potable y no de pozos ciegos, mientras trabajadores municipales realizan tareas de escurrimiento que no detienen las p\u00e9rdidas.<\/p>\n\n\n\n<p>El conflicto ya hab\u00eda llegado a los despachos oficiales. El intendente de A\u00f1atuya, Julio Castro, pidi\u00f3 el 10 de agosto a Aguas de Santiago un corte programado de 24 horas para efectuar un relevamiento t\u00e9cnico integral. La empresa respondi\u00f3 ese mismo d\u00eda mediante la&nbsp;<strong>Nota GT 189-26<\/strong>&nbsp;que no pod\u00eda disponer unilateralmente la interrupci\u00f3n y que cualquier maniobra requer\u00eda la aprobaci\u00f3n previa del ERSAC. Tambi\u00e9n cuestion\u00f3 la metodolog\u00eda planteada y propuso postergar el procedimiento.<\/p>\n\n\n\n<p>Castro elev\u00f3 entonces el pedido al presidente del organismo regulador, Juan Domingo Roitman. En la nota del 20 de agosto solicit\u00f3 autorizaci\u00f3n para suspender temporalmente el suministro desde las 22 del lunes 24 hasta las 18 del martes 25, con el objetivo de localizar las fallas. El 26, cuando vecinos y comerciantes hicieron p\u00fablica su advertencia,&nbsp;<strong>no se conoc\u00eda una respuesta concreta del ente ni un cronograma de reparaci\u00f3n<\/strong>&nbsp;para los puntos denunciados.<\/p>\n\n\n\n<p>Aguas de Santiago es una sociedad de capital privado que tiene desde octubre de 1997 una concesi\u00f3n por 30 a\u00f1os para prestar servicios de agua y cloacas en once localidades, entre ellas A\u00f1atuya. El 90 por ciento de sus acciones pertenece a Sagua y el 10 por ciento restante a trabajadores de la firma. Esa estructura coloca la operaci\u00f3n cotidiana en manos de la concesionaria, pero no elimina la responsabilidad de control del Estado provincial sobre un servicio p\u00fablico esencial.<\/p>\n\n\n\n<p>La propia Provincia exhibi\u00f3 en 2024 su intervenci\u00f3n en la pol\u00edtica h\u00eddrica de la ciudad cuando el Ministerio de Obras P\u00fablicas y Agua, la Secretar\u00eda del Agua y el ERSAC firmaron con el Municipio un convenio para ampliar la red del barrio Campo Rosso.&nbsp;<\/p>\n\n\n\n<p>Aquella obra fue financiada \u00edntegramente por el gobierno santiague\u00f1o y se present\u00f3 como parte de una expansi\u00f3n posterior al acueducto Simbolar-A\u00f1atuya. El antecedente vuelve dif\u00edcil reducir la crisis actual a una disputa exclusiva entre una empresa y una intendencia.<\/p>\n\n\n\n<p>El costo pol\u00edtico para Su\u00e1rez surge del atasco regulatorio: la concesionaria invoc\u00f3 al ERSAC para no autorizar el corte solicitado, el intendente acudi\u00f3 al ente y el plazo operativo propuesto transcurri\u00f3 sin una soluci\u00f3n comunicada a los afectados.&nbsp;<\/p>\n\n\n\n<p><strong>No est\u00e1 probado que el gobernador haya causado las roturas ni que la empresa haya incumplido deliberadamente una orden<\/strong>, pero s\u00ed existe una demanda ciudadana actual frente a un servicio concesionado y fiscalizado por la Provincia.<\/p>\n\n\n\n<p>Agencia NA<\/p>\n","protected":false},"excerpt":{"rendered":"<p>Vecinos y comerciantes de A\u00f1atuya lanzaron el 26 de agosto un ultim\u00e1tum ante las roturas reiteradas de ca\u00f1er\u00edas que mantienen calles del centro y de distintos barrios cubiertas por agua&hellip; <\/p>\n","protected":false},"author":2,"featured_media":48245,"comment_status":"closed","ping_status":"closed","sticky":false,"template":"","format":"standard","meta":{"footnotes":""},"categories":[28,24],"tags":[],"class_list":["post-48244","post","type-post","status-publish","format-standard","has-post-thumbnail","hentry","category-destacada","category-provincia"],"_links":{"self":[{"href":"https:\/\/eenergetica.com.ar\/index.php\/wp-json\/wp\/v2\/posts\/48244","targetHints":{"allow":["GET"]}}],"collection":[{"href":"https:\/\/eenergetica.com.ar\/index.php\/wp-json\/wp\/v2\/posts"}],"about":[{"href":"https:\/\/eenergetica.com.ar\/index.php\/wp-json\/wp\/v2\/types\/post"}],"author":[{"embeddable":true,"href":"https:\/\/eenergetica.com.ar\/index.php\/wp-json\/wp\/v2\/users\/2"}],"replies":[{"embeddable":true,"href":"https:\/\/eenergetica.com.ar\/index.php\/wp-json\/wp\/v2\/comments?post=48244"}],"version-history":[{"count":1,"href":"https:\/\/eenergetica.com.ar\/index.php\/wp-json\/wp\/v2\/posts\/48244\/revisions"}],"predecessor-version":[{"id":48246,"href":"https:\/\/eenergetica.com.ar\/index.php\/wp-json\/wp\/v2\/posts\/48244\/revisions\/48246"}],"wp:featuredmedia":[{"embeddable":true,"href":"https:\/\/eenergetica.com.ar\/index.php\/wp-json\/wp\/v2\/media\/48245"}],"wp:attachment":[{"href":"https:\/\/eenergetica.com.ar\/index.php\/wp-json\/wp\/v2\/media?parent=48244"}],"wp:term":[{"taxonomy":"category","embeddable":true,"href":"https:\/\/eenergetica.com.ar\/index.php\/wp-json\/wp\/v2\/categories?post=48244"},{"taxonomy":"post_tag","embeddable":true,"href":"https:\/\/eenergetica.com.ar\/index.php\/wp-json\/wp\/v2\/tags?post=48244"}],"curies":[{"name":"wp","href":"https:\/\/api.w.org\/{rel}","templated":true}]}}