{"id":45183,"date":"2026-04-30T08:07:44","date_gmt":"2026-04-30T11:07:44","guid":{"rendered":"http:\/\/eenergetica.com.ar\/?p=45183"},"modified":"2026-04-30T08:07:47","modified_gmt":"2026-04-30T11:07:47","slug":"primer-fin-de-semana-en-la-feria-del-libro-desde-historiadores-hasta-shows-gratuitos","status":"publish","type":"post","link":"https:\/\/eenergetica.com.ar\/index.php\/2026\/04\/30\/primer-fin-de-semana-en-la-feria-del-libro-desde-historiadores-hasta-shows-gratuitos\/","title":{"rendered":"Primer fin de semana en la Feria del Libro: desde historiadores hasta shows gratuitos"},"content":{"rendered":"\n<p>La<strong>&nbsp;Feria Internacional del Libro presentar\u00e1 \u201cLa noche de la feria\u201d, con entrada gratuita desde las 20, shows musicales en vivo este s\u00e1bado<\/strong>&nbsp;y se aguarda por una jornada repleta de actividades durante el fin de semana.<\/p>\n\n\n\n<p>La feria cuenta con actividades para todos los gustos que permiten enriquecer los conocimientos de los diversos p\u00fablicos, entre ellos, el&nbsp;<strong>grupo Alpha Media<\/strong>&nbsp;ser\u00e1 parte, como cada a\u00f1o, con la presencia de<strong>&nbsp;Radio Rivadavia, Splendid y Rock and Pop desde el predio de La Rural. Adem\u00e1s de programas en vivo de todas las emisoras habr\u00e1 sorpresas y shows musicales todos los fines de semana.<\/strong><\/p>\n\n\n\n<p>Adem\u00e1s, la<strong>&nbsp;Agencia Noticias Argentinas<\/strong>&nbsp;presentar\u00e1<strong>&nbsp;\u201c50 a\u00f1os del golpe: el rol de las agencias de noticias y el desaf\u00edo de informar\u201d<\/strong>. La charla organizada por la agencia expondr\u00e1 sobre&nbsp;<strong>\u201clos cables y fotograf\u00edas que enfrentaron la censura\u201d y \u201cla vigencia del periodismo de agencia como engranaje vital para la prensa nacional e internacional\u201d.<\/strong>&nbsp;La exposici\u00f3n se llevar\u00e1 adelante el pr\u00f3ximo 5 de mayo, a las 14.30, en la sala A.P.<\/p>\n\n\n\n<p>Tal como indic\u00f3 el programa oficial, durante la<strong>&nbsp;jornada de este 25 abril<\/strong>&nbsp;se podr\u00e1 participar de un&nbsp;<strong>\u201cEncuentro con Tukoni\u201d<\/strong>, a partir de las 14.00: una combinaci\u00f3n de realidad virtual con video en 360\u00b0, animaci\u00f3n e ilustraci\u00f3n cl\u00e1sica de libros. Al ponerse las gafas de realidad virtual, los visitantes se encuentran dentro del libro, para ni\u00f1os de 5 a 12 a\u00f1os.<\/p>\n\n\n\n<p>La ingeniera y<strong>&nbsp;ex ministra de Cultura de Colombia, Paula Moreno&nbsp;<\/strong>y representantes de Netflix dialogar\u00e1n sobre liderazgos afrodescendientes, a partir de las 14.30, en el marco del conversatorio \u201cMar\u00eda la Caprichosa: Econom\u00edas creativas desde la diversidad\u201d, en la sala Ernesto Sabato.<\/p>\n\n\n\n<p>Entre diversas presentaciones de ejemplares, a partir de las 16, en la sala Horacio Gonz\u00e1lez, se llevar\u00e1 a cabo un<strong>&nbsp;taller sobre turismo accesible bajo el lema \u201cLas personas con discapacidad viajan donde pueden y no donde quieren\u201d<\/strong>&nbsp;y busca ampliar la participaci\u00f3n y autonom\u00eda.<\/p>\n\n\n\n<p>En el mismo horario, el doctor<strong>&nbsp;Daniel L\u00f3pez Rosetti&nbsp;<\/strong>conversar\u00e1 sobre &#8220;Recetas para vivir mejor y m\u00e1s tiempo&#8221;, en la sala Jos\u00e9 Hern\u00e1ndez.<\/p>\n\n\n\n<p>En l\u00ednea con el aniversario de la feria y a 50 a\u00f1os del golpe c\u00edvico militar, se realizar\u00e1 la jornada&nbsp;<strong>\u201cProh\u00edbese la circulaci\u00f3n\u201d, que data de la publicaci\u00f3n de tres libros en 1976&nbsp;<\/strong>que fueron claves de la literatura queer argentina: Monte de Venus, El beso de la mujer ara\u00f1a y Olimpo. La conversaci\u00f3n se realizar\u00e1 en la sala Orgullo y Prejuicio.<\/p>\n\n\n\n<p><strong>El XIX Festival Internacional de Poes\u00eda<\/strong>&nbsp;se llevar\u00e1 adelante a partir de las 19, con la participaci\u00f3n de oradores de Suiza, Francia, Argentina y Per\u00fa, en la sala Alfonsina Storni. A la misma hora, pero en la sala Carlos Gorostiza, Daniel Balmaceda presentar\u00e1 \u201cLos a\u00f1os locos en la Argentina\u201d.<\/p>\n\n\n\n<p><strong>Los hijos de Mario Vargas Llosa, \u00c1lvaro y Morgana, estar\u00e1n presentes en el homenaje al cumplirse el primer aniversario del fallecimiento&nbsp;<\/strong>del c\u00e9lebre escritor peruano, que tambi\u00e9n se podr\u00e1 disfrutar a partir de las 19, en la sala Victoria Ocampo.<\/p>\n\n\n\n<p><strong>A partir de las 20, de este s\u00e1bado, la organizaci\u00f3n no s\u00f3lo contar\u00e1 con entrada gratuita, sino que adem\u00e1s se podr\u00e1 disfrutar de shows de Los Tipitos y Leo Garc\u00eda.<\/strong><\/p>\n\n\n\n<h4 class=\"wp-block-heading\">Domingo 26 de abril<\/h4>\n\n\n\n<p>Por su parte, el domingo 26 iniciar\u00e1 la jornada, entre otras actividades, con el&nbsp;<strong>Grupo de Estudio del Mar Profundo Argentino que brindar\u00e1 una \u201cexpedici\u00f3n al fondo del mar\u201d donde se podr\u00e1 ver c\u00f3mo es la vida \u201cen el ca\u00f1\u00f3n submarino Mar del Plata\u201d.<\/strong>&nbsp;En el espacio de divulgaci\u00f3n habr\u00e1 un di\u00e1logo entre el p\u00fablico y cient\u00edficos que participaron en la expedici\u00f3n Talud Continental IV del ca\u00f1\u00f3n submarino Mar del Plata.<\/p>\n\n\n\n<p>Se exhibir\u00e1n fotograf\u00edas y videos obtenidos durante la expedici\u00f3n y se presentar\u00e1n r\u00e9plicas de invertebrados realizadas mediante impresi\u00f3n 3D. La propuesta contempla la utilizaci\u00f3n de lupas y microscopios para observar en detalle ejemplares y cortes histol\u00f3gicos.<\/p>\n\n\n\n<p>Por su parte, a las 15 se presentar\u00e1&nbsp;<strong>\u201cA 50 a\u00f1os de nuestra noche m\u00e1s oscura\u201d&nbsp;<\/strong>que abordar\u00e1 tres formas de representar hoy lo que sucedi\u00f3 cinco d\u00e9cadas atr\u00e1s y c\u00f3mo a\u00fan resuena en cuestiones como la identidad, el exilio y la vida de los hijos de desaparecidos. Se realizar\u00e1 en la sala Zona Futuro.__IP__<\/p>\n\n\n\n<p>Un eje distinto y necesario se abordar\u00e1 a partir de las 16, con&nbsp;<strong>\u201cdi\u00e1logos sobre la reforma psiqui\u00e1trica y transformaci\u00f3n de las Instituciones de Salud Mental en Argentina\u201d,<\/strong>&nbsp;en la sala Alfonsina Storni..<\/p>\n\n\n\n<p>El festival Borges tendr\u00e1 lugar a partir de las 17.30 en la sala Rodolfo Walsh; mientras que a las 18.30 se llevar\u00e1 adelante una reflexi\u00f3n sobre&nbsp;<strong>\u201cArte y moda en la Argentina<\/strong>\u201d que abordar\u00e1 los cruces entre performance, pol\u00edtica, dise\u00f1o, vanguardia y el under, en la sala Zona Futuro.&nbsp;<a href=\"https:\/\/noticiasargentinas.com\/-agenciana_t6916e70a4551e78eb9423f59\">#AgenciaNA<\/a>&nbsp;<\/p>\n","protected":false},"excerpt":{"rendered":"<p>La&nbsp;Feria Internacional del Libro presentar\u00e1 \u201cLa noche de la feria\u201d, con entrada gratuita desde las 20, shows musicales en vivo este s\u00e1bado&nbsp;y se aguarda por una jornada repleta de actividades&hellip; <\/p>\n","protected":false},"author":2,"featured_media":45184,"comment_status":"closed","ping_status":"closed","sticky":false,"template":"","format":"standard","meta":{"footnotes":""},"categories":[27],"tags":[],"class_list":["post-45183","post","type-post","status-publish","format-standard","has-post-thumbnail","hentry","category-turismo"],"_links":{"self":[{"href":"https:\/\/eenergetica.com.ar\/index.php\/wp-json\/wp\/v2\/posts\/45183","targetHints":{"allow":["GET"]}}],"collection":[{"href":"https:\/\/eenergetica.com.ar\/index.php\/wp-json\/wp\/v2\/posts"}],"about":[{"href":"https:\/\/eenergetica.com.ar\/index.php\/wp-json\/wp\/v2\/types\/post"}],"author":[{"embeddable":true,"href":"https:\/\/eenergetica.com.ar\/index.php\/wp-json\/wp\/v2\/users\/2"}],"replies":[{"embeddable":true,"href":"https:\/\/eenergetica.com.ar\/index.php\/wp-json\/wp\/v2\/comments?post=45183"}],"version-history":[{"count":1,"href":"https:\/\/eenergetica.com.ar\/index.php\/wp-json\/wp\/v2\/posts\/45183\/revisions"}],"predecessor-version":[{"id":45185,"href":"https:\/\/eenergetica.com.ar\/index.php\/wp-json\/wp\/v2\/posts\/45183\/revisions\/45185"}],"wp:featuredmedia":[{"embeddable":true,"href":"https:\/\/eenergetica.com.ar\/index.php\/wp-json\/wp\/v2\/media\/45184"}],"wp:attachment":[{"href":"https:\/\/eenergetica.com.ar\/index.php\/wp-json\/wp\/v2\/media?parent=45183"}],"wp:term":[{"taxonomy":"category","embeddable":true,"href":"https:\/\/eenergetica.com.ar\/index.php\/wp-json\/wp\/v2\/categories?post=45183"},{"taxonomy":"post_tag","embeddable":true,"href":"https:\/\/eenergetica.com.ar\/index.php\/wp-json\/wp\/v2\/tags?post=45183"}],"curies":[{"name":"wp","href":"https:\/\/api.w.org\/{rel}","templated":true}]}}