{"id":45171,"date":"2026-04-30T07:59:02","date_gmt":"2026-04-30T10:59:02","guid":{"rendered":"http:\/\/eenergetica.com.ar\/?p=45171"},"modified":"2026-04-30T07:59:03","modified_gmt":"2026-04-30T10:59:03","slug":"la-cgt-vuelve-a-mostrar-musculo-en-una-marcha-por-el-dia-del-trabajador","status":"publish","type":"post","link":"https:\/\/eenergetica.com.ar\/index.php\/2026\/04\/30\/la-cgt-vuelve-a-mostrar-musculo-en-una-marcha-por-el-dia-del-trabajador\/","title":{"rendered":"La CGT vuelve a mostrar m\u00fasculo en una marcha por el D\u00eda del Trabajador"},"content":{"rendered":"\n<p>&nbsp;<strong>En conmemoraci\u00f3n por el D\u00eda del Trabajador, la CGT organiz\u00f3 una marcha a Plaza de Mayo para este jueves,<\/strong>&nbsp;que tendr\u00e1 el respaldo de movimientos sociales, culturales y pol\u00edticos, con tono muy cr\u00edtico a las pol\u00edticas del Gobierno nacional.<\/p>\n\n\n\n<p><strong>La central obrera apuesta a realizar una movilizaci\u00f3n multitudinaria, a mostrar m\u00fasculo y exhibir que su capacidad de aglutinar trabajadores se encuentra intacta.<\/strong>&nbsp;Tambi\u00e9n, apuesta congregar a sectores perjudicados por la gesti\u00f3n de La Libertad Avanza, tal como mencion\u00f3<strong>&nbsp;Cristian Jer\u00f3nimo<\/strong>, triunviro cegetista y Secretario General del SEIVARA (Sindicato de Empleados del Vidrio).<\/p>\n\n\n\n<p><strong>\u201cLa movilizaci\u00f3n va a ser multitudinaria\u201d, anticip\u00f3&nbsp;<\/strong>en el marco de una jornada que ser\u00e1 \u201cabierta no solo a organizaciones sindicales sino tambi\u00e9n a otros sectores sociales\u201d, y que defini\u00f3 como \u201cpac\u00edfica\u201d y masiva.<\/p>\n\n\n\n<p>En relaci\u00f3n con la situaci\u00f3n econ\u00f3mica, eje de los reclamos de este jueves por parte de los manifestantes, Jer\u00f3nimo afirm\u00f3 que \u201cel pueblo argentino la est\u00e1 pasando mal\u201d, al tiempo que consider\u00f3 una \u201cfalacia\u201d los datos oficiales sobre mejora salarial y empleo, se\u00f1alando que \u201cla gente no llega a fin de mes y que crece la pobreza en un contexto de recorte de ayudas sociales y subsidios\u201d.<\/p>\n\n\n\n<p>En ese marco, advirti\u00f3 que \u201cla conflictividad va a seguir escalando\u201d, sin descartar \u201cnuevas protestas ni la posibilidad de un paro\u201d. Tambi\u00e9n, plante\u00f3 que \u201ctiene que construirse algo muy amplio\u201d. El l\u00edder sindical lo mencion\u00f3 en referencia a la necesidad de generar una alternativa pol\u00edtica que supere al peronismo tradicional e incorpore a distintos sectores.<\/p>\n\n\n\n<p>Existen distintas organizaciones detr\u00e1s de ese objetivo. Una es la Uni\u00f3n de los Trabajadores de la Econom\u00eda Popular (UTEP), que tambi\u00e9n prometi\u00f3 estar en Plaza de Mayo luego de diversas conversaciones con el triunvirato con quien mantiene una excelente sinton\u00eda.<\/p>\n\n\n\n<p>La Iglesia, en tanto, tom\u00f3 distancia: tal como le consta a la<a href=\"https:\/\/noticiasargentinas.com\/politica\/-no-hubo-delito---los-argumentos-de-adorni-para-explicar-su-patrimonio_a69f222a47825f8815393419f\">&nbsp;Agencia Noticias Argentinas<\/a>, la c\u00fapula eclesi\u00e1stica no quiso formar parta de la jornada de protesta a pesar de la invitaci\u00f3n cegetista. En la calle Azopardo lamentaron la decisi\u00f3n de la dirigencia en medio de un panorama econ\u00f3mico cr\u00edtico.<\/p>\n\n\n\n<p>En relaci\u00f3n a los servicios que funcionar\u00e1n, el transporte ser\u00e1 uno de los puntos clave de la jornada y podr\u00eda presentar un funcionamiento irregular seg\u00fan la adhesi\u00f3n sindical. Los trenes, gracias al cese de actividades que anunci\u00f3 La Fraternidad, tendr\u00e1n interrupciones.__IP__<\/p>\n\n\n\n<p>Algunos sectores confirmaron que no tendr\u00e1n funcionamiento normal, lo que impactar\u00e1 en distintos servicios: Recolecci\u00f3n de residuos, atenci\u00f3n en organismos p\u00fablicos, correo y log\u00edstica y dependencias estatales gracias a las medidas de retenci\u00f3n de tareas de UPCN y ATE.<\/p>\n\n\n\n<p>Para Jorge Sola, otro de los triunviros, la protesta de este jueves puede ser un primer paso hacia medida de mayor contundencia: \u201cClaramente, vamos a ir hacia una medida de fuerza mucho m\u00e1s fuerte. Me interesa el primer paso, que es mostrar en la calle el malhumor social que en todos lados se percibe, que no es solamente por la ca\u00edda del consumo. Es por el endeudamiento familiar, por la p\u00e9rdida del empleo, por conseguir un empleo de menor calidad que el que se ten\u00eda antes\u201d.&nbsp;<a href=\"https:\/\/noticiasargentinas.com\/-agenciana_t6916e70a4551e78eb9423f59\">#AgenciaNA<\/a>&nbsp;&nbsp;<\/p>\n","protected":false},"excerpt":{"rendered":"<p>&nbsp;En conmemoraci\u00f3n por el D\u00eda del Trabajador, la CGT organiz\u00f3 una marcha a Plaza de Mayo para este jueves,&nbsp;que tendr\u00e1 el respaldo de movimientos sociales, culturales y pol\u00edticos, con tono&hellip; <\/p>\n","protected":false},"author":2,"featured_media":45172,"comment_status":"closed","ping_status":"closed","sticky":false,"template":"","format":"standard","meta":{"footnotes":""},"categories":[28,20],"tags":[],"class_list":["post-45171","post","type-post","status-publish","format-standard","has-post-thumbnail","hentry","category-destacada","category-politica"],"_links":{"self":[{"href":"https:\/\/eenergetica.com.ar\/index.php\/wp-json\/wp\/v2\/posts\/45171","targetHints":{"allow":["GET"]}}],"collection":[{"href":"https:\/\/eenergetica.com.ar\/index.php\/wp-json\/wp\/v2\/posts"}],"about":[{"href":"https:\/\/eenergetica.com.ar\/index.php\/wp-json\/wp\/v2\/types\/post"}],"author":[{"embeddable":true,"href":"https:\/\/eenergetica.com.ar\/index.php\/wp-json\/wp\/v2\/users\/2"}],"replies":[{"embeddable":true,"href":"https:\/\/eenergetica.com.ar\/index.php\/wp-json\/wp\/v2\/comments?post=45171"}],"version-history":[{"count":1,"href":"https:\/\/eenergetica.com.ar\/index.php\/wp-json\/wp\/v2\/posts\/45171\/revisions"}],"predecessor-version":[{"id":45173,"href":"https:\/\/eenergetica.com.ar\/index.php\/wp-json\/wp\/v2\/posts\/45171\/revisions\/45173"}],"wp:featuredmedia":[{"embeddable":true,"href":"https:\/\/eenergetica.com.ar\/index.php\/wp-json\/wp\/v2\/media\/45172"}],"wp:attachment":[{"href":"https:\/\/eenergetica.com.ar\/index.php\/wp-json\/wp\/v2\/media?parent=45171"}],"wp:term":[{"taxonomy":"category","embeddable":true,"href":"https:\/\/eenergetica.com.ar\/index.php\/wp-json\/wp\/v2\/categories?post=45171"},{"taxonomy":"post_tag","embeddable":true,"href":"https:\/\/eenergetica.com.ar\/index.php\/wp-json\/wp\/v2\/tags?post=45171"}],"curies":[{"name":"wp","href":"https:\/\/api.w.org\/{rel}","templated":true}]}}