{"id":45168,"date":"2026-04-30T07:57:13","date_gmt":"2026-04-30T10:57:13","guid":{"rendered":"http:\/\/eenergetica.com.ar\/?p=45168"},"modified":"2026-04-30T07:57:14","modified_gmt":"2026-04-30T10:57:14","slug":"el-banco-de-desarrollo-de-america-latina-y-el-caribe-abordo-en-la-feria-del-libro-la-salud-mental","status":"publish","type":"post","link":"https:\/\/eenergetica.com.ar\/index.php\/2026\/04\/30\/el-banco-de-desarrollo-de-america-latina-y-el-caribe-abordo-en-la-feria-del-libro-la-salud-mental\/","title":{"rendered":"El Banco de Desarrollo de Am\u00e9rica Latina y el Caribe abord\u00f3 en la Feria del Libro la salud mental"},"content":{"rendered":"\n<p>En el marco de su participaci\u00f3n en la 50.\u00aa Feria Internacional del Libro de Buenos Aires, CAF \u2014banco de desarrollo de Am\u00e9rica Latina y el Caribe\u2014 organiz\u00f3 el panel \u201cSalud mental: consumo y prevenci\u00f3n de nuevas adicciones\u201d, un espacio de di\u00e1logo orientado a poner en discusi\u00f3n el funcionamiento de los dispositivos de cuidado, el cumplimiento de la Ley Nacional de Salud Mental y las estrategias para acompa\u00f1ar a las familias frente a los consumos problem\u00e1ticos.<\/p>\n\n\n\n<p>La apertura estuvo a cargo de Christian Asinelli, vicepresidente Corporativo de Programaci\u00f3n Estrat\u00e9gica de CAF, y participaron como panelistas Gast\u00f3n Pauls, actor, productor y fundador de la Casa de la Cultura de la Calle (CACUCA); Ignacio Bagattini, p\u00e1rroco de la Parroquia Cristo Obrero \u2014en el Barrio Padre Carlos Mugica\u2014 e integrante del movimiento de curas villeros; y Agust\u00edn P\u00e9rez, subsecretario de Salud del Municipio de R\u00edo Grande, impulsor del Centro Hermana Carla Riva, primer dispositivo ambulatorio municipal de abordaje de consumos problem\u00e1ticos en esa ciudad.&nbsp;<\/p>\n\n\n\n<p>El consumo problem\u00e1tico de sustancias afecta a personas de todos los sectores sociales, y Argentina registra una de las prevalencias m\u00e1s altas de Am\u00e9rica Latina. A esa realidad se suma una nueva dimensi\u00f3n, vinculada al uso problem\u00e1tico de la tecnolog\u00eda y a la expansi\u00f3n de las apuestas en l\u00ednea, que est\u00e1 reconfigurando los modos de consumo, en particular entre adolescentes y j\u00f3venes.<\/p>\n\n\n\n<p>\u201cLos consumos problem\u00e1ticos atraviesan familias, barrios, escuelas e instituciones de toda la regi\u00f3n, y por suerte cada vez se abordan m\u00e1s desde una mirada puesta en la salud, la prevenci\u00f3n y los derechos. La discusi\u00f3n que tenemos por delante es c\u00f3mo sostener y ampliar los dispositivos de cuidado, c\u00f3mo cumplir efectivamente la Ley Nacional de Salud Mental y c\u00f3mo acompa\u00f1ar a las familias en un escenario en el que aparecen nuevas formas de adicci\u00f3n, como el uso problem\u00e1tico de la tecnolog\u00eda y las apuestas en l\u00ednea\u201d, afirm\u00f3 Christian Asinelli.<\/p>\n\n\n\n<p>CAF acompa\u00f1a este tema desde distintos frentes. La cooperaci\u00f3n t\u00e9cnica \u201cHogar de Cristo: innovaci\u00f3n social al servicio de la gesti\u00f3n de conocimiento pr\u00e1ctico de comunidades vulnerables en Argentina\u201d, busca documentar y transferir el conocimiento pr\u00e1ctico acumulado por la Federaci\u00f3n Familia Grande Hogar de Cristo en el acompa\u00f1amiento a personas con consumos problem\u00e1ticos en barrios populares.&nbsp;<\/p>\n\n\n\n<p>En paralelo, CAF apoy\u00f3 con al Municipio de R\u00edo Grande para la realizaci\u00f3n del III Congreso Internacional de Prevenci\u00f3n de Suicidio, junto con la Asociaci\u00f3n de Psiquiatras de Am\u00e9rica Latina (APAL) y la Asociaci\u00f3n de Psiquiatras de Argentina (APSA), entre otras instituciones. La iniciativa apunt\u00f3 a fortalecer las capacidades de la comunidad como agentes de cuidado y a brindar herramientas para la detecci\u00f3n temprana y la intervenci\u00f3n en situaciones de riesgo.<\/p>\n\n\n\n<p>Durante la conversaci\u00f3n, los panelistas coincidieron en que la respuesta a esta problem\u00e1tica exige articular el trabajo del Estado, las organizaciones territoriales y los espacios culturales. Bagattini aport\u00f3 la mirada del Centro Barrial Padre Carlos Mugica, que desde 2010 acompa\u00f1a a personas con consumos problem\u00e1ticos; Pauls comparti\u00f3 la experiencia de CACUCA en la prevenci\u00f3n a trav\u00e9s del arte y la creatividad; y P\u00e9rez expuso los resultados del primer a\u00f1o del Centro Hermana Carla Riva, que pas\u00f3 de 64 a m\u00e1s de 1.500 asistencias.<\/p>\n","protected":false},"excerpt":{"rendered":"<p>En el marco de su participaci\u00f3n en la 50.\u00aa Feria Internacional del Libro de Buenos Aires, CAF \u2014banco de desarrollo de Am\u00e9rica Latina y el Caribe\u2014 organiz\u00f3 el panel \u201cSalud&hellip; <\/p>\n","protected":false},"author":2,"featured_media":45169,"comment_status":"closed","ping_status":"closed","sticky":false,"template":"","format":"standard","meta":{"footnotes":""},"categories":[22],"tags":[],"class_list":["post-45168","post","type-post","status-publish","format-standard","has-post-thumbnail","hentry","category-sociedad"],"_links":{"self":[{"href":"https:\/\/eenergetica.com.ar\/index.php\/wp-json\/wp\/v2\/posts\/45168","targetHints":{"allow":["GET"]}}],"collection":[{"href":"https:\/\/eenergetica.com.ar\/index.php\/wp-json\/wp\/v2\/posts"}],"about":[{"href":"https:\/\/eenergetica.com.ar\/index.php\/wp-json\/wp\/v2\/types\/post"}],"author":[{"embeddable":true,"href":"https:\/\/eenergetica.com.ar\/index.php\/wp-json\/wp\/v2\/users\/2"}],"replies":[{"embeddable":true,"href":"https:\/\/eenergetica.com.ar\/index.php\/wp-json\/wp\/v2\/comments?post=45168"}],"version-history":[{"count":1,"href":"https:\/\/eenergetica.com.ar\/index.php\/wp-json\/wp\/v2\/posts\/45168\/revisions"}],"predecessor-version":[{"id":45170,"href":"https:\/\/eenergetica.com.ar\/index.php\/wp-json\/wp\/v2\/posts\/45168\/revisions\/45170"}],"wp:featuredmedia":[{"embeddable":true,"href":"https:\/\/eenergetica.com.ar\/index.php\/wp-json\/wp\/v2\/media\/45169"}],"wp:attachment":[{"href":"https:\/\/eenergetica.com.ar\/index.php\/wp-json\/wp\/v2\/media?parent=45168"}],"wp:term":[{"taxonomy":"category","embeddable":true,"href":"https:\/\/eenergetica.com.ar\/index.php\/wp-json\/wp\/v2\/categories?post=45168"},{"taxonomy":"post_tag","embeddable":true,"href":"https:\/\/eenergetica.com.ar\/index.php\/wp-json\/wp\/v2\/tags?post=45168"}],"curies":[{"name":"wp","href":"https:\/\/api.w.org\/{rel}","templated":true}]}}