{"id":45159,"date":"2026-04-30T07:52:14","date_gmt":"2026-04-30T10:52:14","guid":{"rendered":"http:\/\/eenergetica.com.ar\/?p=45159"},"modified":"2026-04-30T07:52:14","modified_gmt":"2026-04-30T10:52:14","slug":"el-gobierno-quedo-conforme-con-el-desempeno-de-adorni-y-uxp-hizo-un-balance-positivo-del-papel-que-jugo-en-la-sesion","status":"publish","type":"post","link":"https:\/\/eenergetica.com.ar\/index.php\/2026\/04\/30\/el-gobierno-quedo-conforme-con-el-desempeno-de-adorni-y-uxp-hizo-un-balance-positivo-del-papel-que-jugo-en-la-sesion\/","title":{"rendered":"El Gobierno qued\u00f3 conforme con el desempe\u00f1o de Adorni y UxP hizo un balance positivo del papel que jug\u00f3 en la sesi\u00f3n"},"content":{"rendered":"\n<p>El informe de gesti\u00f3n del jefe de Gabinete,<strong>&nbsp;Manuel Adorni<\/strong>, fue una sesi\u00f3n m\u00e1s ordenada de lo que pronosticaban las apuestas, y en parte ese desarrollo condicion\u00f3 la lectura final que cada sector hizo como balance: oficialismo y oposici\u00f3n terminaron conformes con el papel que jugaron.<\/p>\n\n\n\n<p>Para el oficialismo, el ministro coordinador estuvo \u201cs\u00f3lido\u201d y pudo contestar cada uno de los temas que est\u00e1n siendo investigados en la Justicia por presunto enriquecimiento il\u00edcito.<\/p>\n\n\n\n<p>\u201c<strong>Adorni estuvo muy bien y el presidente se llev\u00f3 la marca<\/strong>\u201d, resumi\u00f3 un ministro de<strong>&nbsp;Javier Milei&nbsp;<\/strong>con el que la&nbsp;<a href=\"https:\/\/noticiasargentinas.com\/politica\/kicillof--tras-la-marcha-de-los-intendentes---milei-tiene-que-hacerse-cargo-de-la-crisis-que-esta-generando-_a69f275297825f881539c42dd\"><strong>Agencia Noticias Argentinas<\/strong><\/a>&nbsp;tuvo contacto.<\/p>\n\n\n\n<p>El mismo funcionario se mostr\u00f3 sorprendido por la mesura con que la oposici\u00f3n dura abord\u00f3 al jefe de Gabinete, cuando lo que esperaba era una verdadera \u201ccarnicer\u00eda\u201d.<\/p>\n\n\n\n<p><strong>\u201cNo les dimos Alplax<\/strong>\u201d, brome\u00f3 el ministro, que hizo un balance positivo del desempe\u00f1o de Adorni.<\/p>\n\n\n\n<p>Lo parad\u00f3jico es que desde Uni\u00f3n por la Patria valoraron positivamente la moderaci\u00f3n y el orden que mantuvo el bloque para no \u201cprender fuego la sesi\u00f3n\u201d y darle una \u201cexcusa\u201d al Gobierno para que los demonice.<\/p>\n\n\n\n<p><strong>\u201cEl balance es positivo para nosotros. Estuvimos ordenados. No les dimos excusas para que Adorni terminara antes. Si nosotros hubi\u00e9ramos querido, romp\u00edamos todo en la primera parte. La sesi\u00f3n la garantizamos nosotros\u201d<\/strong>, destac\u00f3 un influyente diputado nacional del principal bloque opositor con el que la Agencia Noticias Argentinas tuvo di\u00e1logo.<\/p>\n\n\n\n<p>El \u00fanico incidente que puso en jaque la estrategia del peronismo fue la irrupci\u00f3n del diputado&nbsp;<strong>Aldo Leiva<\/strong>, que fue a provocar a Adorni y luego a Milei con carteles alusivos a la presunta corrupci\u00f3n del jefe de Gabinete.<\/p>\n\n\n\n<p>\u201c<strong>Lo de Leiva qued\u00f3 como an\u00e9cdota. Qued\u00f3 claro que no fue representativo del esp\u00edritu nuestro<\/strong>\u201d, aclar\u00f3 la misma fuente.<\/p>\n\n\n\n<p>El diputado en cuesti\u00f3n subray\u00f3 que m\u00e1s all\u00e1 de que se mantuvieron las formas, las preguntas de los representantes de UxP, como<strong>&nbsp;Juan Marino, Rodolfo Tailhade y Sabrina Selva<\/strong>, fueron muy incisivas y al hueso.<\/p>\n\n\n\n<p>\u201c<strong>Adorni qued\u00f3 expuesto. Se not\u00f3 que estaba en pelotas. Hasta le pasaban papelitos porque no sab\u00eda qu\u00e9 contestar. Ley\u00f3 durante toda la sesi\u00f3n. Qued\u00f3 claro que la Jefatura de Gabinete le queda grande<\/strong>\u201d, sentenciaron.<\/p>\n\n\n\n<p>Agregaron que la p\u00e1lida actuaci\u00f3n del jefe de Gabinete dej\u00f3 de manifiesto que&nbsp;<strong>\u201ctiene un problema pol\u00edtico<\/strong>\u201d m\u00e1s all\u00e1 de las complicaciones en los tribunales.<\/p>\n\n\n\n<p><strong>\u201cNosotros no especulamos. No podemos regular. Le tiramos en la frente. Si le tir\u00e1bamos en la pierna iba a seguir caminando, rengueando<\/strong>\u201d, apunt\u00f3 el diputado de Uni\u00f3n por la Patria.<\/p>\n\n\n\n<p>Al respecto, record\u00f3 que Adorni \u201cse la pas\u00f3 bardeando a todo el mundo\u201d, por lo que afirm\u00f3 que no ten\u00eda sentido que Uni\u00f3n por la Patria le tuviera clemencia en el recinto.<\/p>\n\n\n\n<p>Seg\u00fan se\u00f1al\u00f3 este mismo diputado opositor, la estrategia de Uni\u00f3n por la Patria tambi\u00e9n dej\u00f3 desorientados a los sectores del centro, que pensaban que el kirchnerismo ven\u00eda con un lanzallamas a incendiar la sesi\u00f3n.<\/p>\n\n\n\n<p><strong>\u201cHoy qued\u00f3 pobre el centro. Pensaron que nosotros \u00edbamos a prender fuego todo y ellos quer\u00edan pasar como los mesurados frente a nosotros los desaforados. No solamente los cagamos al Gobierno sino tambi\u00e9n a ellos<\/strong>\u201d, reflexion\u00f3.<\/p>\n\n\n\n<p>En efecto, fueron pocos los diputados de la oposici\u00f3n de centro que tomaron la palabra:<strong>&nbsp;Maximiliano Ferraro&nbsp;<\/strong>carg\u00f3 las tintas con el tema Libra,&nbsp;<strong>M\u00f3nica Frade&nbsp;<\/strong>apunt\u00f3 a Adorni, al igual que&nbsp;<strong>Pablo Juliano,&nbsp;<\/strong>a quien desde el peronismo le reconocen \u201ccapacidad performativa\u201d.<\/p>\n\n\n\n<p><strong>&#8220;El interbloque Unidos tuvo problemas de organizaci\u00f3n. Tuvieron un zoom donde termin\u00f3 todo mal&#8221;<\/strong>, conjeturaron fuentes parlamentarias de la oposici\u00f3n.&nbsp;<\/p>\n\n\n\n<p>Si los bloques de la oposici\u00f3n m\u00e1s dialoguista tuvieron un bajo perfil y un papel deslucido,<strong>&nbsp;el PRO y la UCR tuvieron un rol directamente inexistente.<\/strong>__IP__<\/p>\n\n\n\n<p>Del PRO no tom\u00f3 la palabra ning\u00fan representante, mientras que por el radicalismo \u00fanicamente se anot\u00f3 el chaque\u00f1o&nbsp;<strong>Di\u00f3genes Gonz\u00e1lez<\/strong>. El objetivo: no molestar al Gobierno.<\/p>\n\n\n\n<p><a href=\"https:\/\/noticiasargentinas.com\/-agenciana_t6916e70a4551e78eb9423f59\">#AgenciaNA<\/a>&nbsp;<\/p>\n","protected":false},"excerpt":{"rendered":"<p>El informe de gesti\u00f3n del jefe de Gabinete,&nbsp;Manuel Adorni, fue una sesi\u00f3n m\u00e1s ordenada de lo que pronosticaban las apuestas, y en parte ese desarrollo condicion\u00f3 la lectura final que&hellip; <\/p>\n","protected":false},"author":2,"featured_media":45160,"comment_status":"closed","ping_status":"closed","sticky":false,"template":"","format":"standard","meta":{"footnotes":""},"categories":[20],"tags":[],"class_list":["post-45159","post","type-post","status-publish","format-standard","has-post-thumbnail","hentry","category-politica"],"_links":{"self":[{"href":"https:\/\/eenergetica.com.ar\/index.php\/wp-json\/wp\/v2\/posts\/45159","targetHints":{"allow":["GET"]}}],"collection":[{"href":"https:\/\/eenergetica.com.ar\/index.php\/wp-json\/wp\/v2\/posts"}],"about":[{"href":"https:\/\/eenergetica.com.ar\/index.php\/wp-json\/wp\/v2\/types\/post"}],"author":[{"embeddable":true,"href":"https:\/\/eenergetica.com.ar\/index.php\/wp-json\/wp\/v2\/users\/2"}],"replies":[{"embeddable":true,"href":"https:\/\/eenergetica.com.ar\/index.php\/wp-json\/wp\/v2\/comments?post=45159"}],"version-history":[{"count":1,"href":"https:\/\/eenergetica.com.ar\/index.php\/wp-json\/wp\/v2\/posts\/45159\/revisions"}],"predecessor-version":[{"id":45161,"href":"https:\/\/eenergetica.com.ar\/index.php\/wp-json\/wp\/v2\/posts\/45159\/revisions\/45161"}],"wp:featuredmedia":[{"embeddable":true,"href":"https:\/\/eenergetica.com.ar\/index.php\/wp-json\/wp\/v2\/media\/45160"}],"wp:attachment":[{"href":"https:\/\/eenergetica.com.ar\/index.php\/wp-json\/wp\/v2\/media?parent=45159"}],"wp:term":[{"taxonomy":"category","embeddable":true,"href":"https:\/\/eenergetica.com.ar\/index.php\/wp-json\/wp\/v2\/categories?post=45159"},{"taxonomy":"post_tag","embeddable":true,"href":"https:\/\/eenergetica.com.ar\/index.php\/wp-json\/wp\/v2\/tags?post=45159"}],"curies":[{"name":"wp","href":"https:\/\/api.w.org\/{rel}","templated":true}]}}