{"id":45113,"date":"2026-04-28T08:05:01","date_gmt":"2026-04-28T11:05:01","guid":{"rendered":"http:\/\/eenergetica.com.ar\/?p=45113"},"modified":"2026-04-28T08:05:10","modified_gmt":"2026-04-28T11:05:10","slug":"provincia-le-pidio-a-nacion-un-prestamo-de-usd-250-millones-para-un-programa-alimentario","status":"publish","type":"post","link":"https:\/\/eenergetica.com.ar\/index.php\/2026\/04\/28\/provincia-le-pidio-a-nacion-un-prestamo-de-usd-250-millones-para-un-programa-alimentario\/","title":{"rendered":"Provincia le pidi\u00f3 a Naci\u00f3n un pr\u00e9stamo de USD 250 millones para un programa alimentario"},"content":{"rendered":"\n<p>El ministro de Econom\u00eda bonaerense,&nbsp;<strong>Pablo L\u00f3pez,&nbsp;<\/strong>le envi\u00f3 a su par del Gobierno nacional,&nbsp;<strong>Luis Caputo,&nbsp;<\/strong>un pedido con car\u00e1cter de urgente para que le otorgue a la provincia&nbsp;<strong>un pr\u00e9stamo por 250 millones de d\u00f3lares<\/strong>&nbsp;a fin de poder darle continuidad al programa de<strong>&nbsp;Fortalecimiento y Acceso a la Seguridad Alimentaria de Ni\u00f1os, Ni\u00f1as, Adolescentes y J\u00f3venes.<\/strong><\/p>\n\n\n\n<p>Se trata de un programa de acompa\u00f1amiento nutricional de calidad que se implementa a trav\u00e9s de una instituci\u00f3n financiera de desarrollo y que&nbsp;<strong>est\u00e1 dirigido a quienes concurren a escuelas p\u00fablicas<\/strong>&nbsp;de gesti\u00f3n estatal de nivel inicial, primario y secundario, y que son&nbsp;<strong>titulares de programas sociales alimentarios.<\/strong><\/p>\n\n\n\n<p>El objetivo del programa, que aspira a dar cobertura a m\u00e1s de 2.500.000 personas, es&nbsp;<strong>promover el acceso a alimentos sanos y seguros<\/strong>&nbsp;para la poblaci\u00f3n materno-infantil en situaci\u00f3n de vulnerabilidad social.<\/p>\n\n\n\n<p>De forma indirecta, adem\u00e1s, impactar\u00eda positivamente en el conjunto de la poblaci\u00f3n bonaerense a partir de una mejora integral en la gesti\u00f3n de las pol\u00edticas alimentarias, seg\u00fan supo la&nbsp;<a href=\"https:\/\/noticiasargentinas.com\/\">Agencia Noticias Argentinas.<\/a><\/p>\n\n\n\n<p>La propuesta presentada contempl\u00f3 a la Provincia de Buenos Aires como prestataria, a la Rep\u00fablica Argentina como garante del pr\u00e9stamo, y al Ministerio de Econom\u00eda bonaerense -a trav\u00e9s de la Direcci\u00f3n Provincial de Organismos Multilaterales y Financiamiento Bilateral (DPOMyFB), dependiente de la Subsecretar\u00eda de Finanzas- como organismo ejecutor.<\/p>\n\n\n\n<p><strong>El monto total propuesto para la operaci\u00f3n asciende a 250 millones de d\u00f3lares<\/strong>, financiados mediante recursos de financiamiento externo, con un plazo de ejecuci\u00f3n de cuatro a\u00f1os.&nbsp;<\/p>\n\n\n\n<p><strong>El programa se estructura en cuatro componentes<\/strong>: apoyo al Servicio Alimentario Escolar; apoyo a programas sociales alimentarios; fortalecimiento para la gesti\u00f3n de pol\u00edticas sociales; y administraci\u00f3n, seguimiento y evaluaci\u00f3n.<\/p>\n\n\n\n<p>Ante la falta de respuesta del Gobierno nacional,&nbsp;<strong>L\u00f3pez envi\u00f3 el 24 de abril pasado una segunda nota reiterando el pedido<\/strong>&nbsp;y advirtiendo que la ausencia de definici\u00f3n respecto de la propuesta presentada por la Provincia restringe el acceso al financiamiento internacional proveniente de organismos multilaterales.<\/p>\n\n\n\n<p>En esa comunicaci\u00f3n se se\u00f1al\u00f3 que esta situaci\u00f3n no s\u00f3lo afecta la sostenibilidad de programas nutricionales claves para poblaci\u00f3n en situaci\u00f3n de vulnerabilidad, sino que adem\u00e1s impide acceder a condiciones financieras m\u00e1s favorables, como menores costos de financiamiento y plazos m\u00e1s extensos.__IP__<\/p>\n\n\n\n<p><strong>Hasta el momento, no se ha obtenido respuesta alguna por parte del Gobierno nacional.<\/strong><\/p>\n\n\n\n<p><a href=\"https:\/\/noticiasargentinas.com\/-agenciana_t6916e70a4551e78eb9423f59\">#AgenciaNA<\/a>&nbsp;<\/p>\n","protected":false},"excerpt":{"rendered":"<p>El ministro de Econom\u00eda bonaerense,&nbsp;Pablo L\u00f3pez,&nbsp;le envi\u00f3 a su par del Gobierno nacional,&nbsp;Luis Caputo,&nbsp;un pedido con car\u00e1cter de urgente para que le otorgue a la provincia&nbsp;un pr\u00e9stamo por 250 millones&hellip; <\/p>\n","protected":false},"author":2,"featured_media":45114,"comment_status":"closed","ping_status":"closed","sticky":false,"template":"","format":"standard","meta":{"footnotes":""},"categories":[28,24],"tags":[],"class_list":["post-45113","post","type-post","status-publish","format-standard","has-post-thumbnail","hentry","category-destacada","category-provincia"],"_links":{"self":[{"href":"https:\/\/eenergetica.com.ar\/index.php\/wp-json\/wp\/v2\/posts\/45113","targetHints":{"allow":["GET"]}}],"collection":[{"href":"https:\/\/eenergetica.com.ar\/index.php\/wp-json\/wp\/v2\/posts"}],"about":[{"href":"https:\/\/eenergetica.com.ar\/index.php\/wp-json\/wp\/v2\/types\/post"}],"author":[{"embeddable":true,"href":"https:\/\/eenergetica.com.ar\/index.php\/wp-json\/wp\/v2\/users\/2"}],"replies":[{"embeddable":true,"href":"https:\/\/eenergetica.com.ar\/index.php\/wp-json\/wp\/v2\/comments?post=45113"}],"version-history":[{"count":1,"href":"https:\/\/eenergetica.com.ar\/index.php\/wp-json\/wp\/v2\/posts\/45113\/revisions"}],"predecessor-version":[{"id":45115,"href":"https:\/\/eenergetica.com.ar\/index.php\/wp-json\/wp\/v2\/posts\/45113\/revisions\/45115"}],"wp:featuredmedia":[{"embeddable":true,"href":"https:\/\/eenergetica.com.ar\/index.php\/wp-json\/wp\/v2\/media\/45114"}],"wp:attachment":[{"href":"https:\/\/eenergetica.com.ar\/index.php\/wp-json\/wp\/v2\/media?parent=45113"}],"wp:term":[{"taxonomy":"category","embeddable":true,"href":"https:\/\/eenergetica.com.ar\/index.php\/wp-json\/wp\/v2\/categories?post=45113"},{"taxonomy":"post_tag","embeddable":true,"href":"https:\/\/eenergetica.com.ar\/index.php\/wp-json\/wp\/v2\/tags?post=45113"}],"curies":[{"name":"wp","href":"https:\/\/api.w.org\/{rel}","templated":true}]}}