{"id":45104,"date":"2026-04-28T07:59:16","date_gmt":"2026-04-28T10:59:16","guid":{"rendered":"http:\/\/eenergetica.com.ar\/?p=45104"},"modified":"2026-04-28T07:59:16","modified_gmt":"2026-04-28T10:59:16","slug":"fuerte-crisis-del-turismo-casi-no-hay-reservas-para-el-fin-de-semana-largo","status":"publish","type":"post","link":"https:\/\/eenergetica.com.ar\/index.php\/2026\/04\/28\/fuerte-crisis-del-turismo-casi-no-hay-reservas-para-el-fin-de-semana-largo\/","title":{"rendered":"Fuerte crisis del turismo: casi no hay reservas para el fin de semana largo"},"content":{"rendered":"\n<p>&nbsp;El pr\u00f3ximo viernes primero de mayo se celebra el&nbsp;<strong>D\u00eda del Trabajador<\/strong>&nbsp;y comienza un nuevo<a href=\"https:\/\/noticiasargentinas.com\/turismo-y-lifestyle\/se-viene-un-nuevo-fin-de-semana-largo--cuantos-feriados-quedan-en-2026_a69ee5b927825f881533dc079\"><strong>&nbsp;fin de semana largo&nbsp;<\/strong><\/a>en el pa\u00eds, con una noticia dura para las econom\u00edas regionales: casi no hay reservas en los diferentes centros tur\u00edsticos.<\/p>\n\n\n\n<p>Seg\u00fan un relevamiento realizado por la&nbsp;<a href=\"https:\/\/noticiasargentinas.com\/\"><strong>Agencia Noticias Argentinas,<\/strong><\/a>&nbsp;por ahora el nivel de reservas es pr\u00e1cticamente nulo en la costa atl\u00e1ntica bonaerense, en las zonas serranas y en el norte del pa\u00eds.<\/p>\n\n\n\n<h2 class=\"wp-block-heading\">Mar del Plata, con menos gente que un fin de semana normal<\/h2>\n\n\n\n<p><strong>La ciudad de Mar del Plat<\/strong>a tiene todos los hoteles \u2014los que siguen abiertos, porque muchos cierran\u2014 con lugar para albergar turistas durante el fin de semana largo que comienza el viernes pr\u00f3ximo.<\/p>\n\n\n\n<p>\u201cEstos fines de semana hist\u00f3ricamente serv\u00edan no solo para el presente, sino que muchos turistas los aprovechaban para planificar las<a href=\"https:\/\/noticiasargentinas.com\/sociedad\/cuando-son-las-vacaciones-de-invierno-2026--provincia-por-provincia-las-fechas-oficiales_a69ee4fa17825f881533b6105\"><strong>&nbsp;vacaciones de invierno<\/strong><\/a>, algo que ya no existe m\u00e1s. Con estos n\u00fameros y el nivel de gastos que viene teniendo la gente, todo indica que ser\u00eda una de las peores temporadas de la historia\u201d, le dijo a la Agencia NA un operador tur\u00edstico de la ciudad de Mar del Plata.<\/p>\n\n\n\n<p>Lo mismo que pasa en Mar del Plata sucede en&nbsp;<strong>Villa Gesell, Pinamar y el Partido de La Costa<\/strong>. Muchos esperan que la gente, a \u00faltimo momento y teniendo en cuenta el clima y otras cuestiones, pueda definir viajar hacia alguno de esos centros tur\u00edsticos.<\/p>\n\n\n\n<p>En el norte,<strong>&nbsp;solo las Cataratas del Iguaz\u00fa tienen un alto nivel de reservas<\/strong>, llegando casi al 70 por ciento, aunque todav\u00eda hay lugar para quienes quieran ir.<\/p>\n\n\n\n<h2 class=\"wp-block-heading\"><strong>La excepci\u00f3n a la regla<\/strong>.<\/h2>\n\n\n\n<p>Los centros tur\u00edsticos de esqu\u00ed son la excepci\u00f3n a la regla para este fin de semana largo, ya que tienen un alto nivel de reservas;&nbsp;<strong>muchos de ellos vienen con arrastre de la semana.<\/strong>__IP__<\/p>\n\n\n\n<p>La ciudad de&nbsp;<strong>Bariloche&nbsp;<\/strong>tiene un alto nivel de reservas y estar\u00eda cerca de colmar su capacidad. En&nbsp;<strong>San Mart\u00edn de los Andes,<\/strong>&nbsp;en cambio, el movimiento por ahora es tranquilo.<\/p>\n\n\n\n<p><a href=\"https:\/\/noticiasargentinas.com\/-agenciana_t6916e70a4551e78eb9423f59\">#AgenciaNA<\/a>&nbsp;<\/p>\n","protected":false},"excerpt":{"rendered":"<p>&nbsp;El pr\u00f3ximo viernes primero de mayo se celebra el&nbsp;D\u00eda del Trabajador&nbsp;y comienza un nuevo&nbsp;fin de semana largo&nbsp;en el pa\u00eds, con una noticia dura para las econom\u00edas regionales: casi no hay&hellip; <\/p>\n","protected":false},"author":2,"featured_media":45105,"comment_status":"closed","ping_status":"closed","sticky":false,"template":"","format":"standard","meta":{"footnotes":""},"categories":[27],"tags":[],"class_list":["post-45104","post","type-post","status-publish","format-standard","has-post-thumbnail","hentry","category-turismo"],"_links":{"self":[{"href":"https:\/\/eenergetica.com.ar\/index.php\/wp-json\/wp\/v2\/posts\/45104","targetHints":{"allow":["GET"]}}],"collection":[{"href":"https:\/\/eenergetica.com.ar\/index.php\/wp-json\/wp\/v2\/posts"}],"about":[{"href":"https:\/\/eenergetica.com.ar\/index.php\/wp-json\/wp\/v2\/types\/post"}],"author":[{"embeddable":true,"href":"https:\/\/eenergetica.com.ar\/index.php\/wp-json\/wp\/v2\/users\/2"}],"replies":[{"embeddable":true,"href":"https:\/\/eenergetica.com.ar\/index.php\/wp-json\/wp\/v2\/comments?post=45104"}],"version-history":[{"count":1,"href":"https:\/\/eenergetica.com.ar\/index.php\/wp-json\/wp\/v2\/posts\/45104\/revisions"}],"predecessor-version":[{"id":45106,"href":"https:\/\/eenergetica.com.ar\/index.php\/wp-json\/wp\/v2\/posts\/45104\/revisions\/45106"}],"wp:featuredmedia":[{"embeddable":true,"href":"https:\/\/eenergetica.com.ar\/index.php\/wp-json\/wp\/v2\/media\/45105"}],"wp:attachment":[{"href":"https:\/\/eenergetica.com.ar\/index.php\/wp-json\/wp\/v2\/media?parent=45104"}],"wp:term":[{"taxonomy":"category","embeddable":true,"href":"https:\/\/eenergetica.com.ar\/index.php\/wp-json\/wp\/v2\/categories?post=45104"},{"taxonomy":"post_tag","embeddable":true,"href":"https:\/\/eenergetica.com.ar\/index.php\/wp-json\/wp\/v2\/tags?post=45104"}],"curies":[{"name":"wp","href":"https:\/\/api.w.org\/{rel}","templated":true}]}}