{"id":45101,"date":"2026-04-28T07:57:46","date_gmt":"2026-04-28T10:57:46","guid":{"rendered":"http:\/\/eenergetica.com.ar\/?p=45101"},"modified":"2026-04-28T07:57:47","modified_gmt":"2026-04-28T10:57:47","slug":"ojeda-el-psicologo-carlos-diaz-y-una-de-las-hermanas-declararan-en-el-juicio-por-la-muerte-de-maradona","status":"publish","type":"post","link":"https:\/\/eenergetica.com.ar\/index.php\/2026\/04\/28\/ojeda-el-psicologo-carlos-diaz-y-una-de-las-hermanas-declararan-en-el-juicio-por-la-muerte-de-maradona\/","title":{"rendered":"Ojeda, el psic\u00f3logo Carlos D\u00edaz y una de las hermanas declarar\u00e1n en el juicio por la muerte de Maradona"},"content":{"rendered":"\n<p>El psic\u00f3logo&nbsp;<strong>Carlos D\u00edaz<\/strong>; la exmujer de&nbsp;<a href=\"https:\/\/noticiasargentinas.com\/sociedad\/-no-les-importa-el-papa--son-peores-que-el---el-audio-de-luque-en-el-que-critica-a-las-hijas-de-maradona_a69ee49d17825f881533a2860\"><strong>Diego Armando Maradona<\/strong><\/a>,&nbsp;<strong>Ver\u00f3nica Ojeda<\/strong>;&nbsp;<strong>Rita<\/strong>, una de las hermanas; y el perito de la Polic\u00eda Cient\u00edfica,&nbsp;<strong>Gerardo Vergara<\/strong>, declarar\u00e1n este martes en el juicio por la muerte del astro argentino.<\/p>\n\n\n\n<p>Fuentes del caso informaron a la&nbsp;<em><strong>Agencia Noticias Argentinas<\/strong><\/em>&nbsp;que Ojeda comparecer\u00e1&nbsp;<em><strong>\u201cdespu\u00e9s del mediod\u00eda\u201d<\/strong><\/em>&nbsp;y D\u00edaz&nbsp;<em><strong>\u201cpor la tarde\u201d<\/strong><\/em>&nbsp;ante los jueces Alberto Gaig, Alberto Ortolani y Pablo Rol\u00f3n, miembros del Tribunal Oral en lo Criminal (TOC) N\u00b07 de San Isidro.<\/p>\n\n\n\n<p>Allegados a la defensa del psic\u00f3logo se\u00f1alaron que el testimonio del especialista en tratamiento de adicciones estar\u00e1&nbsp;<em><strong>\u201ccentrado en su actividad\u201d<\/strong><\/em>, mientras que la madre de Dieguito, Fernando y Rita ser\u00e1n otras de las familiares del exfutbolista en declarar luego de Gianinna, en la audiencia que comenzar\u00e1 a las 10.<\/p>\n\n\n\n<p>D\u00edaz no pudo exponer en el primer debate oral y p\u00fablico porque ese proceso se anul\u00f3, a la vez que Ojeda consign\u00f3 que Maradona<strong>&nbsp;<\/strong><em><strong>&#8220;ten\u00eda olor a caca y a pis&#8221;<\/strong><\/em>&nbsp;cuando lo visit\u00f3 en la vivienda del lote N\u00b045 del barrio cerrado San Andr\u00e9s, en el partido bonaerense de Tigre.<\/p>\n\n\n\n<p>Asimismo, Ver\u00f3nica indic\u00f3 que conoc\u00eda a tres de los acusados por el delito de &#8220;homicidio simple con dolo eventual&#8221;: el neurocirujano<strong>&nbsp;Leopoldo Luque;<\/strong>&nbsp;la psiquiatra&nbsp;<strong>Agustina Cosachov;&nbsp;<\/strong>y&nbsp;<strong>D\u00edaz.<\/strong><\/p>\n\n\n\n<p>En este sentido, critic\u00f3 a Luque por haberse tomado una foto&nbsp;<strong>\u201ccholula\u201d<\/strong>&nbsp;con el paciente tras la operaci\u00f3n del hematoma subdural, mientras que acus\u00f3 a Cosachov de haberla&nbsp;<strong>\u201cusado\u201d<\/strong>&nbsp;y dijo que D\u00edaz usaba un vocabulario que no correspond\u00eda para referirse al alcohol:&nbsp;<strong>\u201c\u00c9l llegaba y dec\u00eda que Diego no ten\u00eda que tomar chupi, no usaba la palabra alcohol. De esa forma se dirig\u00eda a la familia\u201d.<\/strong><\/p>\n\n\n\n<p>Seg\u00fan su testimonio, Luque&nbsp;<strong>\u201cminti\u00f3\u201d<\/strong>&nbsp;sobre la cirug\u00eda porque&nbsp;<em><strong>\u201cse enteraron que otros m\u00e9dicos la realizaron\u201d<\/strong><\/em>:&nbsp;<strong>\u201cNos dijo que fue un \u00e9xito, pero nos minti\u00f3. Es una verg\u00fcenza\u201d.<\/strong><\/p>\n\n\n\n<p>Con respecto al domicilio de Benav\u00eddez, describi\u00f3 que estaba sucio y&nbsp;<em><strong>&#8220;no se encontraba en condiciones para una internaci\u00f3n domiciliaria&#8221;<\/strong><\/em>&nbsp;dado que&nbsp;<em><strong>&#8220;hab\u00eda olor a pis y caca&#8221;<\/strong><\/em>&nbsp;en la habitaci\u00f3n de Maradona.<\/p>\n\n\n\n<p><em><strong>&#8220;Lo vi a Maradona dos d\u00edas antes de la muerte. Estaba hinchado&#8221;<\/strong><\/em>, agreg\u00f3.<\/p>\n\n\n\n<p>Por su parte, Rita Maradona manifest\u00f3 que en la reuni\u00f3n de la cl\u00ednica Olivos Dalma expres\u00f3:&nbsp;<em><strong>&#8220;Ustedes no tienen nada que ver ac\u00e1, ya somos grandes y decidimos nosotras&#8221;.<\/strong><\/em><\/p>\n\n\n\n<p>La&nbsp;<strong>presidenta de Sattvica S.A.<\/strong>&nbsp;sostuvo que en ese encuentro estuvieron presentes Dalma, Gianinna, Jana, el psic\u00f3logo Carlos D\u00edaz, Cosachov, pero no record\u00f3 si se encontraba Luque.<\/p>\n\n\n\n<p><em><strong>&#8220;Tras la operaci\u00f3n del hematoma subdural, lleg\u00f3 a la casa de Tigre caminando acompa\u00f1ado de mi sobrino Jonathan. Puso la tele para ver un partido&#8221;, agreg\u00f3 y record\u00f3 que &#8220;dos o tres d\u00edas antes de la muerte se restringieron las visitas&#8221;&nbsp;<\/strong><\/em>al country de Tigre:&nbsp;<em><strong>&#8220;Creo que las hijas decidieron eso&#8221;.<\/strong><\/em><\/p>\n\n\n\n<p>Sin embargo, afirm\u00f3 que no tuvo contacto con Maradona cuando estaba en la casa del barrio privado San Andr\u00e9s.<\/p>\n\n\n\n<p>Sobre Luque, consider\u00f3 que el neurocirujano era el m\u00e9dico de cabecera de su hermano porque<em>&nbsp;<strong>&#8220;era el \u00fanico que lo atend\u00eda&#8221;.<\/strong><\/em><\/p>\n\n\n\n<p><em><strong>&#8220;Cuando llegamos a Tigre, Claudia Villafa\u00f1e nos confirm\u00f3 el fallecimiento&#8221;,<\/strong><\/em>&nbsp;sentenci\u00f3 Rita, quien record\u00f3:&nbsp;<em><strong>&#8220;Siempre iba los fines de semana a visitarlo a Campos de Roca y tomaba la medicaci\u00f3n. Abr\u00eda su botellita de agua y la consum\u00eda. Se la recet\u00f3 el doctor Alfredo Cahe&#8221;.<\/strong><\/em>__IP__<\/p>\n\n\n\n<p>El m\u00e9dico cl\u00ednico<strong>&nbsp;Pedro Di Spagna<\/strong>; la jefa de cuidados domiciliarios de Swiss Medical,&nbsp;<strong>Nancy Forlini<\/strong>; el enfermero&nbsp;<strong>Ricardo Almir\u00f3n<\/strong>; y el coordinador&nbsp;<strong>Mariano Perroni<\/strong>&nbsp;son los otros cuatro acusados por el deceso del ex entrenador.<\/p>\n\n\n\n<p><a href=\"https:\/\/noticiasargentinas.com\/-agenciana_t6916e70a4551e78eb9423f59\">#AgenciaNA<\/a>&nbsp;<\/p>\n","protected":false},"excerpt":{"rendered":"<p>El psic\u00f3logo&nbsp;Carlos D\u00edaz; la exmujer de&nbsp;Diego Armando Maradona,&nbsp;Ver\u00f3nica Ojeda;&nbsp;Rita, una de las hermanas; y el perito de la Polic\u00eda Cient\u00edfica,&nbsp;Gerardo Vergara, declarar\u00e1n este martes en el juicio por la muerte&hellip; <\/p>\n","protected":false},"author":2,"featured_media":45102,"comment_status":"closed","ping_status":"closed","sticky":false,"template":"","format":"standard","meta":{"footnotes":""},"categories":[22],"tags":[],"class_list":["post-45101","post","type-post","status-publish","format-standard","has-post-thumbnail","hentry","category-sociedad"],"_links":{"self":[{"href":"https:\/\/eenergetica.com.ar\/index.php\/wp-json\/wp\/v2\/posts\/45101","targetHints":{"allow":["GET"]}}],"collection":[{"href":"https:\/\/eenergetica.com.ar\/index.php\/wp-json\/wp\/v2\/posts"}],"about":[{"href":"https:\/\/eenergetica.com.ar\/index.php\/wp-json\/wp\/v2\/types\/post"}],"author":[{"embeddable":true,"href":"https:\/\/eenergetica.com.ar\/index.php\/wp-json\/wp\/v2\/users\/2"}],"replies":[{"embeddable":true,"href":"https:\/\/eenergetica.com.ar\/index.php\/wp-json\/wp\/v2\/comments?post=45101"}],"version-history":[{"count":1,"href":"https:\/\/eenergetica.com.ar\/index.php\/wp-json\/wp\/v2\/posts\/45101\/revisions"}],"predecessor-version":[{"id":45103,"href":"https:\/\/eenergetica.com.ar\/index.php\/wp-json\/wp\/v2\/posts\/45101\/revisions\/45103"}],"wp:featuredmedia":[{"embeddable":true,"href":"https:\/\/eenergetica.com.ar\/index.php\/wp-json\/wp\/v2\/media\/45102"}],"wp:attachment":[{"href":"https:\/\/eenergetica.com.ar\/index.php\/wp-json\/wp\/v2\/media?parent=45101"}],"wp:term":[{"taxonomy":"category","embeddable":true,"href":"https:\/\/eenergetica.com.ar\/index.php\/wp-json\/wp\/v2\/categories?post=45101"},{"taxonomy":"post_tag","embeddable":true,"href":"https:\/\/eenergetica.com.ar\/index.php\/wp-json\/wp\/v2\/tags?post=45101"}],"curies":[{"name":"wp","href":"https:\/\/api.w.org\/{rel}","templated":true}]}}