{"id":45098,"date":"2026-04-28T07:55:17","date_gmt":"2026-04-28T10:55:17","guid":{"rendered":"http:\/\/eenergetica.com.ar\/?p=45098"},"modified":"2026-04-28T07:55:18","modified_gmt":"2026-04-28T10:55:18","slug":"la-ela-se-lleva-mi-cuerpo-el-duro-descargo-de-bullrich-contra-una-empresa-financiera-digital","status":"publish","type":"post","link":"https:\/\/eenergetica.com.ar\/index.php\/2026\/04\/28\/la-ela-se-lleva-mi-cuerpo-el-duro-descargo-de-bullrich-contra-una-empresa-financiera-digital\/","title":{"rendered":"\u201cLa ELA se lleva mi cuerpo\u201d: el duro descargo de Bullrich contra una empresa financiera digital"},"content":{"rendered":"\n<p>El ex senador nacional&nbsp;<strong>Esteban Bullrich<\/strong>&nbsp;denunci\u00f3 p\u00fablicamente que&nbsp;<strong>el avance de la ELA le impide validar su identidad mediante reconocimiento facial<\/strong>&nbsp;en la plataforma Binance, situaci\u00f3n que le bloque\u00f3 el acceso a sus fondos desde hace cinco meses.<\/p>\n\n\n\n<p>A trav\u00e9s de un mensaje publicado en redes sociales, m\u00e1s precisamente X, Bullrich explic\u00f3 que&nbsp;<strong>la enfermedad modific\u00f3 sus rasgos faciales<\/strong>&nbsp;y que el sistema Face ID de la empresa dej\u00f3 de reconocerlo.<\/p>\n\n\n\n<p>\u201c<strong>La ELA se est\u00e1 llevando mi cuerpo. No deber\u00eda llevarse tambi\u00e9n mi dinero<\/strong>\u201d, expres\u00f3 el ex ministro, quien adem\u00e1s c<strong>uestion\u00f3 la falta de alternativas accesibles<\/strong>&nbsp;para personas con discapacidades.<\/p>\n\n\n\n<p>Seg\u00fan pudo saber la&nbsp;<a href=\"https:\/\/noticiasargentinas.com\/\">Agencia Noticias Argentinas<\/a>, Bullrich sostuvo que intent\u00f3 resolver el problema con la compa\u00f1\u00eda, pero asegur\u00f3 que no obtuvo respuestas efectivas durante meses. En su publicaci\u00f3n, tambi\u00e9n apunt\u00f3 contra la empresa por considerar que<strong>&nbsp;trata la accesibilidad \u201ccomo algo opcional\u201d,<\/strong>&nbsp;y etiquet\u00f3 a directivos de Binance para visibilizar el reclamo.<\/p>\n","protected":false},"excerpt":{"rendered":"<p>El ex senador nacional&nbsp;Esteban Bullrich&nbsp;denunci\u00f3 p\u00fablicamente que&nbsp;el avance de la ELA le impide validar su identidad mediante reconocimiento facial&nbsp;en la plataforma Binance, situaci\u00f3n que le bloque\u00f3 el acceso a sus&hellip; <\/p>\n","protected":false},"author":2,"featured_media":45099,"comment_status":"closed","ping_status":"closed","sticky":false,"template":"","format":"standard","meta":{"footnotes":""},"categories":[22],"tags":[],"class_list":["post-45098","post","type-post","status-publish","format-standard","has-post-thumbnail","hentry","category-sociedad"],"_links":{"self":[{"href":"https:\/\/eenergetica.com.ar\/index.php\/wp-json\/wp\/v2\/posts\/45098","targetHints":{"allow":["GET"]}}],"collection":[{"href":"https:\/\/eenergetica.com.ar\/index.php\/wp-json\/wp\/v2\/posts"}],"about":[{"href":"https:\/\/eenergetica.com.ar\/index.php\/wp-json\/wp\/v2\/types\/post"}],"author":[{"embeddable":true,"href":"https:\/\/eenergetica.com.ar\/index.php\/wp-json\/wp\/v2\/users\/2"}],"replies":[{"embeddable":true,"href":"https:\/\/eenergetica.com.ar\/index.php\/wp-json\/wp\/v2\/comments?post=45098"}],"version-history":[{"count":1,"href":"https:\/\/eenergetica.com.ar\/index.php\/wp-json\/wp\/v2\/posts\/45098\/revisions"}],"predecessor-version":[{"id":45100,"href":"https:\/\/eenergetica.com.ar\/index.php\/wp-json\/wp\/v2\/posts\/45098\/revisions\/45100"}],"wp:featuredmedia":[{"embeddable":true,"href":"https:\/\/eenergetica.com.ar\/index.php\/wp-json\/wp\/v2\/media\/45099"}],"wp:attachment":[{"href":"https:\/\/eenergetica.com.ar\/index.php\/wp-json\/wp\/v2\/media?parent=45098"}],"wp:term":[{"taxonomy":"category","embeddable":true,"href":"https:\/\/eenergetica.com.ar\/index.php\/wp-json\/wp\/v2\/categories?post=45098"},{"taxonomy":"post_tag","embeddable":true,"href":"https:\/\/eenergetica.com.ar\/index.php\/wp-json\/wp\/v2\/tags?post=45098"}],"curies":[{"name":"wp","href":"https:\/\/api.w.org\/{rel}","templated":true}]}}