{"id":45095,"date":"2026-04-28T07:53:08","date_gmt":"2026-04-28T10:53:08","guid":{"rendered":"http:\/\/eenergetica.com.ar\/?p=45095"},"modified":"2026-04-28T07:53:09","modified_gmt":"2026-04-28T10:53:09","slug":"mahiques-renuncio-a-la-procuracion-general-de-la-ciudad","status":"publish","type":"post","link":"https:\/\/eenergetica.com.ar\/index.php\/2026\/04\/28\/mahiques-renuncio-a-la-procuracion-general-de-la-ciudad\/","title":{"rendered":"Mahiques renunci\u00f3 a la Procuraci\u00f3n General de la Ciudad"},"content":{"rendered":"\n<p><strong>&nbsp;Juan Bautista Mahiques<\/strong>, ministro de Justicia,<strong>&nbsp;renunci\u00f3 a la Procuraci\u00f3n General de la Ciudad.<\/strong>&nbsp;La dimisi\u00f3n tiene un objetivo muy claro: ocupar la vacante en la&nbsp;<strong>Fiscal\u00eda General de la C\u00e1mara Federal de Comodoro Py<\/strong>, un lugar por el que pasan las causas por delitos de corrupci\u00f3n.<\/p>\n\n\n\n<p><strong>Al renunciar a su cargo en la justicia porte\u00f1a, en el cual estaba en uso de licencia desde marzo para cumplir con su rol como ministro, el jefe de la cartera judicial busca evitar cuestionamientos \u00e9ticos<\/strong>&nbsp;o legales mientras compite por un puesto clave en Comodoro Py. Tambi\u00e9n se inscribi\u00f3 en otro concurso para cubrir dos fiscal\u00edas de primera instancia.<\/p>\n\n\n\n<p>El movimiento tiene el visto bueno del sector del Gobierno que lo impuls\u00f3 como integrante del Gabinete de<strong>&nbsp;Javier Milei&nbsp;<\/strong>y que lidera&nbsp;<strong>Karina Milei<\/strong>, la secretaria general de la presidencia, supo la&nbsp;<a href=\"https:\/\/noticiasargentinas.com\/\">Agencia Noticias Argentinas.<\/a>__IP__<\/p>\n\n\n\n<p>Paralelamente, envi\u00f3 una nueva tanda de candidatos al Poder Judicial al Senado de la Naci\u00f3n, en pos de acelerar la cobertura de cargos. Muchos de esos pliegos son de candidatos a los que se les achaca vinculaci\u00f3n con la agrupaci\u00f3n \u201cJusticia Leg\u00edtima\u201d, algo que desde su entorno se encargaron de rechazar.<\/p>\n\n\n\n<p>&nbsp;<a href=\"https:\/\/noticiasargentinas.com\/-agenciana_t6916e70a4551e78eb9423f59\">#AgenciaNA<\/a>&nbsp;&nbsp;<\/p>\n","protected":false},"excerpt":{"rendered":"<p>&nbsp;Juan Bautista Mahiques, ministro de Justicia,&nbsp;renunci\u00f3 a la Procuraci\u00f3n General de la Ciudad.&nbsp;La dimisi\u00f3n tiene un objetivo muy claro: ocupar la vacante en la&nbsp;Fiscal\u00eda General de la C\u00e1mara Federal de&hellip; <\/p>\n","protected":false},"author":2,"featured_media":45096,"comment_status":"closed","ping_status":"closed","sticky":false,"template":"","format":"standard","meta":{"footnotes":""},"categories":[20],"tags":[],"class_list":["post-45095","post","type-post","status-publish","format-standard","has-post-thumbnail","hentry","category-politica"],"_links":{"self":[{"href":"https:\/\/eenergetica.com.ar\/index.php\/wp-json\/wp\/v2\/posts\/45095","targetHints":{"allow":["GET"]}}],"collection":[{"href":"https:\/\/eenergetica.com.ar\/index.php\/wp-json\/wp\/v2\/posts"}],"about":[{"href":"https:\/\/eenergetica.com.ar\/index.php\/wp-json\/wp\/v2\/types\/post"}],"author":[{"embeddable":true,"href":"https:\/\/eenergetica.com.ar\/index.php\/wp-json\/wp\/v2\/users\/2"}],"replies":[{"embeddable":true,"href":"https:\/\/eenergetica.com.ar\/index.php\/wp-json\/wp\/v2\/comments?post=45095"}],"version-history":[{"count":1,"href":"https:\/\/eenergetica.com.ar\/index.php\/wp-json\/wp\/v2\/posts\/45095\/revisions"}],"predecessor-version":[{"id":45097,"href":"https:\/\/eenergetica.com.ar\/index.php\/wp-json\/wp\/v2\/posts\/45095\/revisions\/45097"}],"wp:featuredmedia":[{"embeddable":true,"href":"https:\/\/eenergetica.com.ar\/index.php\/wp-json\/wp\/v2\/media\/45096"}],"wp:attachment":[{"href":"https:\/\/eenergetica.com.ar\/index.php\/wp-json\/wp\/v2\/media?parent=45095"}],"wp:term":[{"taxonomy":"category","embeddable":true,"href":"https:\/\/eenergetica.com.ar\/index.php\/wp-json\/wp\/v2\/categories?post=45095"},{"taxonomy":"post_tag","embeddable":true,"href":"https:\/\/eenergetica.com.ar\/index.php\/wp-json\/wp\/v2\/tags?post=45095"}],"curies":[{"name":"wp","href":"https:\/\/api.w.org\/{rel}","templated":true}]}}