{"id":45092,"date":"2026-04-28T07:51:25","date_gmt":"2026-04-28T10:51:25","guid":{"rendered":"http:\/\/eenergetica.com.ar\/?p=45092"},"modified":"2026-04-28T07:51:25","modified_gmt":"2026-04-28T10:51:25","slug":"milei-repudio-el-intento-de-asesinato-a-trump-y-dijo-que-la-inflacion-sera-derrotada","status":"publish","type":"post","link":"https:\/\/eenergetica.com.ar\/index.php\/2026\/04\/28\/milei-repudio-el-intento-de-asesinato-a-trump-y-dijo-que-la-inflacion-sera-derrotada\/","title":{"rendered":"Milei repudi\u00f3 \u201cel intento de asesinato\u201d a Trump y dijo que la inflaci\u00f3n \u201cser\u00e1 derrotada&#8221;"},"content":{"rendered":"\n<p>Con motivo de la 9\u00aa edici\u00f3n de la tradicional Cena Anual de la Fundaci\u00f3n Libertad, uno de los principales oradores fue el presidente&nbsp;<strong>Javier Milei<\/strong>, quien<strong>&nbsp;agradeci\u00f3 la invitaci\u00f3n y expres\u00f3 su repudio por el atentado<\/strong>&nbsp;al presidente de Estados Unidos,<strong>&nbsp;Donald Trump<\/strong>. Tambi\u00e9n<strong>&nbsp;cuestion\u00f3 los esfuerzos de la izquierda por desestabilizar<\/strong>&nbsp;en momentos en que no est\u00e1n en el poder,<strong>&nbsp;valor\u00f3 su gesti\u00f3n y lanz\u00f3 un cumulo de cr\u00edticas a las administraciones del kirchnerismo<\/strong>.<\/p>\n\n\n\n<p>\u201cGracias a la fundaci\u00f3n Libertad por la invitaci\u00f3n y por este premio y por este privilegio que me estuviera esperando el maestro Benegas Lynch en el escenario.&nbsp;<strong>Expreso mi m\u00e1s en\u00e9rgico repudio por este nuevo intento de asesinato al presidente Donald Trump\u201d<\/strong>, dijo.<\/p>\n\n\n\n<p><strong>\u201cEstamos ante un nuevo auge de la violencia pol\u00edtica, especialmente de la izquierda<\/strong>&nbsp;de todo del mundo libre que debe ser detenida en sus inicios.&nbsp;<strong>Hay muchos que no aceptan perder la batalla de las ideas y en la urnas<\/strong>&nbsp;y recurren a la violencia para hacer sus ideales fallidos.&nbsp;<strong>Esas personas no son compatibles con la democracia y deben ser castigadas con todo el peso de la ley\u201d<\/strong>, exigi\u00f3.<\/p>\n\n\n\n<p>\u201cNosotros los liberales cometimos un gran error despu\u00e9s de la ca\u00edda del muro de Berl\u00edn de creer que con la mera evidencia alcanzaba. con la sola ca\u00edda era suficiente.&nbsp;<strong>La realidad demostr\u00f3 que no.<\/strong>&nbsp;Lo que hizo el Marxismo fue reconstruir y trasladar la lucha de clases a otro tipo de debates en la sociedad\u201d, indic\u00f3 el l\u00edder del Poder Ejecutivo.<\/p>\n\n\n\n<p>Javier Milei valor\u00f3 el ajuste que llev\u00f3 a cabo. \u201cTomar deuda es inmoral, es pasarle la cuenta, a fiesta, a nuestros hijos y nietos. Es una cosa aberrante.&nbsp;<strong>La otra es subir impuestos:<\/strong>&nbsp;es un robo, un ataque a la propiedad.<strong>&nbsp;Nosotros hicimos el ajuste y eliminamos m\u00e1s de 24 impuestos\u201d<\/strong>, lanz\u00f3.<\/p>\n\n\n\n<p><strong>Atac\u00f3 a Cristina Kirchner<\/strong>&nbsp;en otro tramo de su alocuci\u00f3n:<strong>&nbsp;\u201cLa presidiaria dio jubilaciones sin aportes\u201d<\/strong>. Para el economista, dijo que el kirchnerismo&nbsp;<strong>\u201cmeti\u00f3 muchas cosas debajo de la alfombra\u201d<\/strong>&nbsp;y por eso tuvo que devaluar. Tambi\u00e9n, anticip\u00f3 que su gesti\u00f3n pagar\u00e1 las deudas de gobiernos pasados.&nbsp;<strong>\u201cVamos a honrar las deudas\u201d<\/strong>.<\/p>\n\n\n\n<p>Y critic\u00f3 \u201clas mentiras del kirchnerismo\u201d.<strong>&nbsp;\u201cNo saben sumar dos m\u00e1s dos ni con un abac<\/strong>o, el mejor exponente es el sovi\u00e9tico que gobierna la provincia de Buenos Aires.&nbsp;<strong>N\u00e9stor Kirchner dej\u00f3 mas inflaci\u00f3n de la que recibi\u00f3. Y Cristina Kirchner hizo lo mismo. Y much\u00edsima m\u00e1s inflaci\u00f3n dej\u00f3 Alberto Fern\u00e1ndez\u201d.<\/strong><\/p>\n\n\n\n<p>Sobre la inflaci\u00f3n, Milei dijo que hasta la elecci\u00f3n de la Ciudad de Buenos Aires, el 18 de mayo de 2025, se estaba desplomando. Pero luego creci\u00f3 por, desde su punto de vista,&nbsp;<strong>\u201cla pol\u00edtica, que jug\u00f3 muy fuerte\u201d<\/strong>.&nbsp;<strong>\u201cFue un sabotaje ya que se combinaron empresaurios, pol\u00edticos y medios<\/strong>, con 11 leyes en el Congreso, para voltear el equilibrio fiscal. Pudimos resistir los ataques por la solidez del programa\u201d, dijo elevando el tono de voz.<\/p>\n\n\n\n<p>Para el Presidente, de acuerdo al EMAE,&nbsp;<strong>\u201cla econom\u00eda crece a pesar de que hicimos el ajuste m\u00e1s importante de la historia.<\/strong>&nbsp;Lo peor ya pas\u00f3 a pesar del ataque violento de la pol\u00edtica contra el programa econ\u00f3mico.&nbsp;<strong>Y la gente respald\u00f3 el programa: ganamos con el 41%\u201d.<\/strong><\/p>\n\n\n\n<p><strong>\u201cSomos el mejor gobierno de la historia, le guste o no la izquierda<\/strong>\u201d, dispar\u00f3. Acto seguido, indic\u00f3 que su gesti\u00f3n cre\u00f3 miles de puestos de empleo y que la reforma laboral formalizar\u00e1 a muchos de esos empleados sin formalizaci\u00f3n. \u201cSomos los \u00fanicos que sacamos una re ley de reforma laboral, somos los \u00fanicos que generamos trabajo. Yo soy&nbsp;<strong>el \u00fanico que no se modific\u00f3 el sueldo<\/strong>&nbsp;desde que asumi\u00f3,&nbsp;<strong>soy el Presidente que menos gana en Am\u00e9rica. El ajuste lo pag\u00f3 la casta\u201d<\/strong>.<\/p>\n\n\n\n<p>Luego, asever\u00f3: \u201cSiempre se nos acus\u00f3 cuando mostramos nuestras propuestas de que eso era un problema de la teor\u00eda, pero que en la pr\u00e1ctica no funcionaba. Hay una frase del pr\u00f3cer Benegas Lynch hijo que es que \u201cno hay nada m\u00e1s pr\u00e1ctico que tener una buena teor\u00eda. Lo que voy a mostrar es que las ideas de la libertad funcionan. \u00bfPor qu\u00e9 a los lugares a los que vamos somos tan ponderados? Eso quiere decir que las ideas de la libertad funcionan\u201d.&nbsp;<\/p>\n\n\n\n<p>En otro tramo de su exposici\u00f3n, habl\u00f3 de&nbsp;<strong>Javier Madanes Quintanilla&nbsp;<\/strong>y&nbsp;<strong>Paolo Rocca<\/strong>. \u201cNos dedicamos a nivelar la cancha, a correr al Estado, a desregular. Gracias al Coloso&nbsp;<strong>Federico Sturzenegger<\/strong>&nbsp;quitamos m\u00e1s de 15 mil regulaciones. Me pregunto \u00bfPor qu\u00e9 tengo que beneficiar a 3 corruptos ineficientes en contra de 48 millones de argentinos? \u00bfEs justo pagar los neum\u00e1ticos 4 veces m\u00e1s caro? \u00bfo los tubos de acero?\u201d, se pregunt\u00f3 en referencia a los due\u00f1os de FATE y a Techint.&nbsp;__IP__<\/p>\n\n\n\n<p>Para cerrar su exposici\u00f3n, volvi\u00f3 a mencionar que la inflaci\u00f3n va a bajar. \u201c<strong>Vamos a derrotar la inflaci\u00f3n,<\/strong>&nbsp;la demanda de dinero est\u00e1 subiendo, se est\u00e1 recomponiendo. Tarde o temprano vamos a derrotar a la inflaci\u00f3n, vamos a ser el pa\u00eds m\u00e1s libre del mundo, el liberalismo va a salir adelante\u201d.&nbsp;<\/p>\n\n\n\n<p><a href=\"https:\/\/noticiasargentinas.com\/-agenciana_t6916e70a4551e78eb9423f59\">#AgenciaNA<\/a>&nbsp;<\/p>\n","protected":false},"excerpt":{"rendered":"<p>Con motivo de la 9\u00aa edici\u00f3n de la tradicional Cena Anual de la Fundaci\u00f3n Libertad, uno de los principales oradores fue el presidente&nbsp;Javier Milei, quien&nbsp;agradeci\u00f3 la invitaci\u00f3n y expres\u00f3 su&hellip; <\/p>\n","protected":false},"author":2,"featured_media":45093,"comment_status":"closed","ping_status":"closed","sticky":false,"template":"","format":"standard","meta":{"footnotes":""},"categories":[28,20],"tags":[],"class_list":["post-45092","post","type-post","status-publish","format-standard","has-post-thumbnail","hentry","category-destacada","category-politica"],"_links":{"self":[{"href":"https:\/\/eenergetica.com.ar\/index.php\/wp-json\/wp\/v2\/posts\/45092","targetHints":{"allow":["GET"]}}],"collection":[{"href":"https:\/\/eenergetica.com.ar\/index.php\/wp-json\/wp\/v2\/posts"}],"about":[{"href":"https:\/\/eenergetica.com.ar\/index.php\/wp-json\/wp\/v2\/types\/post"}],"author":[{"embeddable":true,"href":"https:\/\/eenergetica.com.ar\/index.php\/wp-json\/wp\/v2\/users\/2"}],"replies":[{"embeddable":true,"href":"https:\/\/eenergetica.com.ar\/index.php\/wp-json\/wp\/v2\/comments?post=45092"}],"version-history":[{"count":1,"href":"https:\/\/eenergetica.com.ar\/index.php\/wp-json\/wp\/v2\/posts\/45092\/revisions"}],"predecessor-version":[{"id":45094,"href":"https:\/\/eenergetica.com.ar\/index.php\/wp-json\/wp\/v2\/posts\/45092\/revisions\/45094"}],"wp:featuredmedia":[{"embeddable":true,"href":"https:\/\/eenergetica.com.ar\/index.php\/wp-json\/wp\/v2\/media\/45093"}],"wp:attachment":[{"href":"https:\/\/eenergetica.com.ar\/index.php\/wp-json\/wp\/v2\/media?parent=45092"}],"wp:term":[{"taxonomy":"category","embeddable":true,"href":"https:\/\/eenergetica.com.ar\/index.php\/wp-json\/wp\/v2\/categories?post=45092"},{"taxonomy":"post_tag","embeddable":true,"href":"https:\/\/eenergetica.com.ar\/index.php\/wp-json\/wp\/v2\/tags?post=45092"}],"curies":[{"name":"wp","href":"https:\/\/api.w.org\/{rel}","templated":true}]}}