{"id":44663,"date":"2026-04-07T09:10:12","date_gmt":"2026-04-07T12:10:12","guid":{"rendered":"http:\/\/eenergetica.com.ar\/?p=44663"},"modified":"2026-04-07T09:10:13","modified_gmt":"2026-04-07T12:10:13","slug":"calendario-de-eventos-turisticos-provincia-de-buenos-aires-11","status":"publish","type":"post","link":"https:\/\/eenergetica.com.ar\/index.php\/2026\/04\/07\/calendario-de-eventos-turisticos-provincia-de-buenos-aires-11\/","title":{"rendered":"CALENDARIO DE EVENTOS TUR\u00cdSTICOS PROVINCIA DE BUENOS AIRES"},"content":{"rendered":"\n<p><strong><em>Del jueves 9 al jueves 16 de abril de 2026&nbsp;&nbsp;<\/em><\/strong><\/p>\n\n\n\n<p>La gastronom\u00eda ser\u00e1 protagonista de la agenda tur\u00edstica durante el fin de semana en los destinos tur\u00edsticos de la provincia de Buenos Aires. Berisso celebrar\u00e1 la Fiesta de la Cerveza 2026; Mercedes, la&nbsp;26\u00ba Fiesta Nacional de la Torta Frita; La Plata, el 7\u00ba Festival de la Gastronom\u00eda Italiana; San Vicente, la 12\u00b0Fiesta Regional de la Miel; y Tornquist, la 11\u00b0 Fiesta Provincial de la Vendimia en el Pueblo Tur\u00edstico Saldungaray.<\/p>\n\n\n\n<p><strong>CAT\u00c1LOGO ANUAL DE EVENTOS<\/strong><a href=\"https:\/\/drive.google.com\/file\/d\/1EWZ0RD_tVSeCnAf3KECxLN3EUMb_V4wO\/view\" target=\"_blank\" rel=\"noreferrer noopener\"><strong>&nbsp;<\/strong><strong>AC\u00c1<\/strong><\/a><\/p>\n\n\n\n<p><strong>FIESTAS POPULARES<\/strong><\/p>\n\n\n\n<p><strong>TRENQUE LAUQUEN<\/strong><\/p>\n\n\n\n<p><strong>150\u00ba Aniversario de la Ciudad de Trenque Lauquen<\/strong><\/p>\n\n\n\n<p><strong>ENTRADA GRATUITA<\/strong><\/p>\n\n\n\n<p>Fecha, hora y lugar: Jueves 9 al domingo 12, en diferentes horarios y espacios f\u00edsicos de la ciudad.<\/p>\n\n\n\n<p>Descripci\u00f3n: Jueves, a las 21:00, espect\u00e1culo de m\u00fasica, danza y canto en el Teatro Espa\u00f1ol. Viernes, a las 20:00 en la plaza San Mart\u00edn, espect\u00e1culo abierto a todo p\u00fablico con la participaci\u00f3n de artistas locales. S\u00e1bado, a las 19:00 en el Club Alegre, presentaci\u00f3n de Q\u2019 Lokura. Domingo, a las 10:00, Tedeum en la Parroquia Nuestra Se\u00f1ora de los Dolores; a las 11:00, colocaci\u00f3n de ofrenda floral al Cacique Pinc\u00e9n en el Museo de la Comandancia; a las 14:00, acto oficial en la Plaza San Mart\u00edn con la proclamaci\u00f3n de la Fortinera Trenquelauquenche; a las 15:00, desfile C\u00edvico y Tradicionalista desde el play\u00f3n del Ferrocarril hasta la plaza San Mart\u00edn por el boulevard Villegas; a las 19:00, espect\u00e1culo de cierre en la Plaza San Mart\u00edn con la participaci\u00f3n de m\u00e1s de 150 artistas en escena, entre m\u00fasicos, bailarines y artistas locales. Entrada gratuita. Organiza la Municipalidad de Trenque Lauquen.<\/p>\n\n\n\n<p>M\u00e1s informaci\u00f3n:&nbsp;<a href=\"http:\/\/www.instagram.com\/trenquelauquen\" target=\"_blank\" rel=\"noreferrer noopener\">www.instagram.com\/trenquelauquen<\/a>&nbsp;&#8211;&nbsp;<a href=\"http:\/\/www.facebook.com\/municipio.trenquelauquen\" target=\"_blank\" rel=\"noreferrer noopener\">www.facebook.com\/municipio.trenquelauquen<\/a>&nbsp;<\/p>\n\n\n\n<p><strong>BERISSO<\/strong><\/p>\n\n\n\n<p><strong>Fiesta de la Cerveza 2026<\/strong><\/p>\n\n\n\n<p><strong>ENTRADA GRATUITA<\/strong><\/p>\n\n\n\n<p>Fecha, hora y lugar: Viernes 10 al domingo 12, desde las 16:00,&nbsp; en el Parque C\u00edvico de Berisso.&nbsp;<\/p>\n\n\n\n<p>Descripci\u00f3n: Viernes, apertura con un line up que incluye a Wayra Iglesias, El Soldado, Tarea Fina, Tobbas, Osica Las Karras y Viejas Locas F&amp;A. S\u00e1bado, presentaci\u00f3n de La Curda, Doble A, Juliana Wilson, Cinco Monos y un Gab\u00e1n, Misti-Ka, Sebasti\u00e1n Mendoza, Quiero Cumbia, y E La Kossa.&nbsp; Domingo, Coyotes, Esquirlas ASM, La Medianera, La Cumparsita, Santi Camacho y Versi\u00f3n Animal.<\/p>\n\n\n\n<p>Adem\u00e1s, productores locales de cerveza artesanal y artistas en vivo. Entrada gratuita. Organiza la Asociaci\u00f3n de Cerveceros de Berisso con el acompa\u00f1amiento de la comuna local.<\/p>\n\n\n\n<p>M\u00e1s informaci\u00f3n:&nbsp;<a href=\"https:\/\/www.instagram.com\/cervecerosdeberisso\/reels\/\" target=\"_blank\" rel=\"noreferrer noopener\">https:\/\/www.instagram.com\/cervecerosdeberisso\/reels\/<\/a>&nbsp;&#8211;&nbsp;<a href=\"https:\/\/www.facebook.com\/cervecerosberisso\" target=\"_blank\" rel=\"noreferrer noopener\">https:\/\/www.facebook.com\/cervecerosberisso<\/a><\/p>\n\n\n\n<p><strong>GENERAL GUIDO<\/strong><\/p>\n\n\n\n<p><strong>16\u00b0 Noches del Modelito<\/strong><\/p>\n\n\n\n<p>Fecha, hora y lugar: Del viernes 10 al domingo 12, por la noche, en el Campo El Modelito, Autov\u00eda 2 Km 253.<\/p>\n\n\n\n<p>Descripci\u00f3n: Pialada de ternero, pruebas de riendas, puesteros de pilcheros y feria de artesanos. Baile popular y la presentaci\u00f3n de Leo Etchemendy, Los Manantiales, La Nueva Era, Los Hidalgo y Angeles de Amor. Entrada arancelada. Organiza Campo El Modelito con el acompa\u00f1amiento de la Municipalidad de General Guido.<\/p>\n\n\n\n<p>M\u00e1s informaci\u00f3n:&nbsp;<a href=\"http:\/\/www.instagram.com\/fiestaprovdelmodelito\/\" target=\"_blank\" rel=\"noreferrer noopener\">www.instagram.com\/fiestaprovdelmodelito\/<\/a>&nbsp;&#8211;&nbsp;<a href=\"http:\/\/www.instagram.com\/generalguidomunicipalidad\/\" target=\"_blank\" rel=\"noreferrer noopener\">www.instagram.com\/generalguidomunicipalidad\/<\/a><\/p>\n\n\n\n<p><strong>GENERAL PUEYRRED\u00d3N (Mar del Plata)<\/strong><\/p>\n\n\n\n<p><strong>14\u00ba Fiesta Nacional del Emprendado<\/strong><\/p>\n\n\n\n<p><strong>ENTRADA GRATUITA<\/strong><\/p>\n\n\n\n<p>Fecha, hora y lugar: Viernes 10, a las 14:00; s\u00e1bado 11 y domingo 12, a las 9:00, en La Esperanza Recreo de Campo, autov\u00eda 2 Km 393, estaci\u00f3n Camet.<\/p>\n\n\n\n<p>Descripci\u00f3n: Aparte campero y entrevero de tropillas, m\u00e1s de treinta grupos de danza y artistas folcl\u00f3ricos, desfiles de carruajes, amazonas, ferias de expositores y gastronom\u00eda regional. Presentaci\u00f3n de la Guardia Nacional del Mar. Participan delegaciones de Buenos Aires, Santa Fe, C\u00f3rdoba, Salta y San Luis. Se puede ingresar con mesas, sillas y reposeras. Entrada gratuita. Organiza la familia Dicuzzi con el acompa\u00f1amiento de la Municipalidad de General Pueyrred\u00f3n. Programaci\u00f3n:&nbsp;<a href=\"https:\/\/fiestanacionaldelemprendado.com\/programa\/\" target=\"_blank\" rel=\"noreferrer noopener\">https:\/\/fiestanacionaldelemprendado.com\/programa\/<\/a><\/p>\n\n\n\n<p>M\u00e1s informaci\u00f3n:&nbsp;<a href=\"https:\/\/fiestanacionaldelemprendado.com\/\" target=\"_blank\" rel=\"noreferrer noopener\">https:\/\/fiestanacionaldelemprendado.com\/<\/a><\/p>\n\n\n\n<p><strong>MERCEDES<\/strong><\/p>\n\n\n\n<p><strong>26\u00ba Fiesta Nacional de la Torta Frita<\/strong><\/p>\n\n\n\n<p>Fecha, hora y lugar:.<\/p>\n\n\n\n<p>Descripci\u00f3n: Participar\u00e1n m\u00e1s de veinte torteras. Se elaborar\u00e1 la torta frita gigante de cinco metros que luego se cortar\u00e1 y se repartir\u00e1 en porciones entre el p\u00fablico presente. M\u00fasica folcl\u00f3rica. Entrada general: 5.000 pesos. Comisi\u00f3n de Organizan Agrupaciones Gauchas de Mercedes con el acompa\u00f1amiento de la Direcci\u00f3n de Turismo Municipal<\/p>\n\n\n\n<p>M\u00e1s informaci\u00f3n:&nbsp;<a href=\"http:\/\/www.instagram.com\/turismo_mercedes\/\" target=\"_blank\" rel=\"noreferrer noopener\">www.instagram.com\/turismo_mercedes\/<\/a>&nbsp;&#8211;&nbsp;<a href=\"http:\/\/www.facebook.com\/dirturmercedes\" target=\"_blank\" rel=\"noreferrer noopener\">www.facebook.com\/dirturmercedes<\/a><\/p>\n\n\n\n<p><strong>LA PLATA<\/strong><\/p>\n\n\n\n<p><strong>7\u00ba Festival de la Gastronom\u00eda Italiana<\/strong><\/p>\n\n\n\n<p><strong>ENTRADA GRATUITA<\/strong><\/p>\n\n\n\n<p>Fecha, hora y lugar: S\u00e1bado 11 y domingo 12, desde las 12:00, en el Parque Alberti, avenidas 25 y 38.&nbsp;<\/p>\n\n\n\n<p>Descripci\u00f3n: Pastas y pizzas artesanales, postres italianos, productos t\u00edpicos, actividades culturales, m\u00fasica y propuestas para toda la familia. Entrada gratuita. Organiza la Agencia de Coordinaci\u00f3n Territorial Italia Argentina, y entes adheridos en el marco del desarrollo del Corredor Productivo Tur\u00edstico Cultural Italia Argentina, con la colaboraci\u00f3n de la Uni\u00f3n Europea, Regi\u00f3n Puglia y la Municipalidad de La Plata.<\/p>\n\n\n\n<p>M\u00e1s informaci\u00f3n:&nbsp;<a href=\"http:\/\/www.instagram.com\/festivaldelagastronomia\/\" target=\"_blank\" rel=\"noreferrer noopener\">www.instagram.com\/festivaldelagastronomia\/<\/a>&nbsp;&#8211;&nbsp;<a href=\"http:\/\/www.facebook.com\/FestivaldellaGastronomiaItaliana\" target=\"_blank\" rel=\"noreferrer noopener\">www.facebook.com\/FestivaldellaGastronomiaItaliana<\/a><\/p>\n\n\n\n<p><strong>ROQUE P\u00c9REZ<\/strong><\/p>\n\n\n\n<p><strong>2\u00ba Fiesta de la Carne de Cerdo en Roque P\u00e9rez<\/strong><\/p>\n\n\n\n<p><strong>ENTRADA GRATUITA<\/strong><\/p>\n\n\n\n<p>Fecha, hora y lugar: S\u00e1bado 11 y domingo 12, desde el mediod\u00eda, en el predio del ferrocarril.<\/p>\n\n\n\n<p>Descripci\u00f3n: Segundo torneo de asadores de pechito con manta con inscripci\u00f3n arancelada. Lo recaudado ser\u00e1 destinado a beneficio de la Escuela de Educaci\u00f3n Especial N\u00b0501. Artesanos, emprendedores y feriantes. N\u00fameros art\u00edsticos en vivo. Entrada gratuita. Organiza la Municipalidad de Roque P\u00e9rez.<\/p>\n\n\n\n<p>M\u00e1s informaci\u00f3n:&nbsp;<a href=\"http:\/\/www.instagram.com\/turismorp_\/\" target=\"_blank\" rel=\"noreferrer noopener\">www.instagram.com\/turismorp_\/<\/a>&nbsp;&#8211;&nbsp;<a href=\"http:\/\/www.facebook.com\/turismo.roque.perez2\" target=\"_blank\" rel=\"noreferrer noopener\">www.facebook.com\/turismo.roque.perez2<\/a><\/p>\n\n\n\n<p><strong>SAAVEDRA (Goyena)<\/strong><\/p>\n\n\n\n<p><strong>1\u00b0 Fiesta Provincial de la Coca Mallorquina y 4\u00b0 Fiesta de la Coca Mallorquina en Goyena&nbsp;<\/strong><\/p>\n\n\n\n<p><strong>ENTRADA GRATUITA<\/strong><\/p>\n\n\n\n<p>Fecha, hora y lugar: S\u00e1bado 11 a las 15:00 en Goyena.<\/p>\n\n\n\n<p>Descripci\u00f3n: Exposiciones de autos antiguos, emprendedores manualistas y artesanos, y&nbsp; comedor gastron\u00f3mico Tradici\u00f3n Sabores. A las 17:00, acto y desfile por los 142 a\u00f1os de Goyena. A las 19:00, degustaci\u00f3n de coca mallorquina, ensaimada y opciones libres de gluten. Actuar\u00e1n Pe\u00f1a El Cencerro,&nbsp; Luciana Martin y cierre con Tom\u00e1 x Loco a las 23:00. Actividad gratuita. Organiza la Municipalidad de Saavedra.<\/p>\n\n\n\n<p>M\u00e1s informaci\u00f3n:<\/p>\n\n\n\n<figure class=\"wp-block-embed\"><div class=\"wp-block-embed__wrapper\">\nhttps:\/\/turismo.saavedra.gob.a\n<\/div><\/figure>\n\n\n\n<figure class=\"wp-block-embed\"><div class=\"wp-block-embed__wrapper\">\nhttps:\/\/www.instagram.com\/turismosaavedrapigue\/\n<\/div><\/figure>\n\n\n\n<figure class=\"wp-block-embed\"><div class=\"wp-block-embed__wrapper\">\nhttps:\/\/www.instagram.com\/p\/DWgeronkRy3\/\n<\/div><\/figure>\n\n\n\n<figure class=\"wp-block-embed\"><div class=\"wp-block-embed__wrapper\">\nhttps:\/\/www.facebook.com\/MuniSaavedraPigue\n<\/div><\/figure>\n\n\n\n<p><strong>SALADILLO<\/strong><\/p>\n\n\n\n<p><strong>6\u00ba Fiesta de la Galleta de Piso&nbsp;&nbsp;<\/strong><\/p>\n\n\n\n<p><strong>ENTRADA GRATUITA<\/strong><\/p>\n\n\n\n<p>Fecha, hora y lugar: S\u00e1bado 11 y domingo 12 a partir de las 13:00 en la plaza principal.<\/p>\n\n\n\n<p>Descripci\u00f3n: Espect\u00e1culos musicales, food trucks y emprendedores. Los men\u00faes elaborados por las instituciones locales tendr\u00e1n a la galleta de piso como acompa\u00f1ante o recipiente de la comida. En esta edici\u00f3n habr\u00e1 chorizo a la pomarola, bondiola desmechada, brusquetas y pollo al verdeo. S\u00e1bado, se presentar\u00e1n Sembrando Patria, Agrupaci\u00f3n Oscar Dom\u00ednguez, Bicho e&#8217;Parra, Alturia, Agustina Velasco, Lisandro Dom\u00ednguez, y Mario Fern\u00e1ndez. Domingo, 14:30, master class de cocina y actuaci\u00f3n de Luna Negra, La Cuarta Nota, Sincopa, Miriam De Luca &amp; Mario, Simonetti, Guadi Mid\u00fa, y Axel. Entrada gratuita. Organiza la Municipalidad de Saladillo.<\/p>\n\n\n\n<p>M\u00e1s informaci\u00f3n:&nbsp;<a href=\"http:\/\/www.instagram.com\/fiestagalletadepiso\/\" target=\"_blank\" rel=\"noreferrer noopener\">www.instagram.com\/fiestagalletadepiso\/<\/a>&nbsp;<\/p>\n\n\n\n<p><a href=\"http:\/\/www.facebook.com\/munisaladillo\" target=\"_blank\" rel=\"noreferrer noopener\">www.facebook.com\/munisaladillo<\/a>&nbsp;<\/p>\n\n\n\n<p><strong>SAN VICENTE<\/strong><\/p>\n\n\n\n<p><strong>12\u00ba Fiesta Regional de la Miel<\/strong><\/p>\n\n\n\n<p><strong>ENTRADA GRATUITA<\/strong><\/p>\n\n\n\n<p>Fecha, hora y lugar: S\u00e1bado 11 y domingo 12, de 11:00 a 21:00, en el Predio Ferial San Vicente Vieja Estaci\u00f3n, av. Sarmiento N\u00b0 1000.<\/p>\n\n\n\n<p>Descripci\u00f3n: Cata de miel, olimp\u00edadas ap\u00edcolas, charlas t\u00e9cnicas, venta de insumos, productos regionales, n\u00fameros art\u00edsticos, nuevo paseo del alfajor y amplia oferta gastron\u00f3mica. Entrada gratuita. Organiza el Club Argentino de Servicio San Vicente, la Cooperativa Ap\u00edcola San Vicente, la Municipalidad de San Vicente.<\/p>\n\n\n\n<p>M\u00e1s informaci\u00f3n:&nbsp;<a href=\"http:\/\/www.instagram.com\/cassanvicente\/\" target=\"_blank\" rel=\"noreferrer noopener\">www.instagram.com\/cassanvicente\/<\/a>&nbsp;&#8211;&nbsp;<a href=\"http:\/\/www.facebook.com\/cas.sanvicente\" target=\"_blank\" rel=\"noreferrer noopener\">www.facebook.com\/cas.sanvicente<\/a><\/p>\n\n\n\n<p><strong>TORNQUIST (Tres Picos)<\/strong><\/p>\n\n\n\n<p><strong>16\u00b0 Festival de Folklore, Pialada y Jineteada<\/strong><\/p>\n\n\n\n<p>Fecha, hora y lugar: S\u00e1bado 11, a las 14:30; y domingo 12, desde las 8:00; en el predio del Sportman Club, Ruta 33, kil\u00f3metro 52.<\/p>\n\n\n\n<p>Descripci\u00f3n: S\u00e1bado, pialada por equipos y rueda de gurupa. A las 20:00, noche de folclore, con la participaci\u00f3n de Julio Zurita, Federico Gim\u00e9nez, Severo Ferreyra, Facundo Quiroga, Alberto Vargas y el humor de Cacuya Gait\u00e1n. Domingo, apertura de ruedo, prueba de mansedumbre con domadores invitados, rueda de clinas con caballo. Almuerzo criollo. Desde las 14:30, contin\u00faan las destrezas gauchas. Entrada arancelada. Ingreso gratuito para menores de 12 a\u00f1os. Organiza Sportman Club con el auspicio de la Municipalidad de Tornquist.<\/p>\n\n\n\n<p>M\u00e1s informaci\u00f3n:&nbsp;<a href=\"https:\/\/tornquist.gob.ar\/agenda-cultural\" target=\"_blank\" rel=\"noreferrer noopener\">https:\/\/tornquist.gob.ar\/agenda-cultural<\/a>&nbsp;&#8211;&nbsp;<a href=\"http:\/\/www.instagram.com\/clubsportman\/\" target=\"_blank\" rel=\"noreferrer noopener\">www.instagram.com\/clubsportman\/<\/a>&nbsp;&#8211;&nbsp;<a href=\"http:\/\/www.facebook.com\/club.sportman.2025\/\" target=\"_blank\" rel=\"noreferrer noopener\">www.facebook.com\/club.sportman.2025\/<\/a><\/p>\n\n\n\n<p><strong>TORNQUIST (Pueblo Tur\u00edstico Saldungaray)<\/strong><\/p>\n\n\n\n<p><strong>11\u00b0 Fiesta Provincial de la Vendimia<\/strong><\/p>\n\n\n\n<p><strong>ENTRADA GRATUITA<\/strong><\/p>\n\n\n\n<p>Fecha, hora y lugar: S\u00e1bado 11 y domingo 12, desde el mediod\u00eda, en el Predio del Ferrocarril de Saldungaray.<\/p>\n\n\n\n<p>Descripci\u00f3n: Dos jornadas con exposici\u00f3n de productores y bodegas bonaerenses, degustaci\u00f3n y venta de vinos, amplio paseo de artesanos y patio de comidas con propuestas regionales. Saldungaray pertenece al programa Pueblos Tur\u00edsticos de la Subsecretar\u00eda de Turismo de PBA.&nbsp; Entrada gratuita. Organiza la Municipalidad de Tornquist.&nbsp;<\/p>\n\n\n\n<p>M\u00e1s informaci\u00f3n:&nbsp;<a href=\"http:\/\/www.instagram.com\/tornquistmunicipio\/\" target=\"_blank\" rel=\"noreferrer noopener\">www.instagram.com\/tornquistmunicipio\/<\/a>&nbsp;&#8211;&nbsp;<a href=\"http:\/\/www.facebook.com\/TornquistMunicipio\" target=\"_blank\" rel=\"noreferrer noopener\">www.facebook.com\/TornquistMunicipio<\/a>&nbsp;&#8211;&nbsp;<a href=\"http:\/\/www.facebook.com\/desarrolloproductivotornquist\" target=\"_blank\" rel=\"noreferrer noopener\">www.facebook.com\/desarrolloproductivotornquist<\/a>&nbsp;&#8211;&nbsp;<a href=\"http:\/\/www.instagram.com\/desarrolloproductivotornquist\/\" target=\"_blank\" rel=\"noreferrer noopener\">www.instagram.com\/desarrolloproductivotornquist\/<\/a><\/p>\n\n\n\n<p><strong>EVENTOS GASTRON\u00d3MICOS<\/strong><\/p>\n\n\n\n<p><strong>CAMPANA<\/strong><\/p>\n\n\n\n<p><strong>3\u00ba Vivamos Sabores<\/strong><\/p>\n\n\n\n<p><strong>ENTRADA GRATUITA<\/strong><\/p>\n\n\n\n<p>Fecha, hora y lugar: Domingo 12, desde las 12:00, en la costanera de Campana.<\/p>\n\n\n\n<p>Descripci\u00f3n: M\u00e1s de veinticinco emprendimientos locales, comidas saladas, dulces y bebidas; m\u00fasica en vivo y charlas sobre pasteler\u00eda, vinos y cocteler\u00eda. Entrada gratuita. Organiza la Secretar\u00eda de Desarrollo Econ\u00f3mico de la Municipalidad de Campana.<\/p>\n\n\n\n<p>M\u00e1s informaci\u00f3n:&nbsp;<a href=\"http:\/\/www.instagram.com\/campanagov\/reels\/\" target=\"_blank\" rel=\"noreferrer noopener\">www.instagram.com\/campanagov\/reels\/<\/a>&nbsp;&#8211;&nbsp;<a href=\"http:\/\/www.instagram.com\/visitacampana\/\" target=\"_blank\" rel=\"noreferrer noopener\">www.instagram.com\/visitacampana\/<\/a>&nbsp;&#8211;<a href=\"http:\/\/www.facebook.com\/municipalidaddecampana\" target=\"_blank\" rel=\"noreferrer noopener\">www.facebook.com\/municipalidaddecampana<\/a><\/p>\n\n\n\n<p><strong>LUJ\u00c1N (Pueblo Tur\u00edstico Carlos Keen)<\/strong><\/p>\n\n\n\n<p><strong>3\u00b0 Fiesta de Comidas al Disco en Carlos Keen<\/strong><\/p>\n\n\n\n<p><strong>ENTRADA GRATUITA<\/strong><\/p>\n\n\n\n<p>Fecha, hora y lugar: Domingo 12, desde las 11:00, en el predio de la Estaci\u00f3n FF. CC., Emilio Mitre y Carlos Pellegrini.<\/p>\n\n\n\n<p>Descripci\u00f3n: M\u00e1s de veinte cocineros elaborar\u00e1n distintos platos al disco: pollo, empanadas fritas y guiso de lentejas. Feria de artesan\u00edas y, a partir de las 14:00, espect\u00e1culos musicales.&nbsp; Entrada gratuita. Carlos Keen pertenece al programa Pueblos Tur\u00edsticos de la Subsecretar\u00eda de Turismo de PBA. Organiza la Secretar\u00eda de Gobierno de la Municipalidad de Luj\u00e1n&nbsp;&nbsp;<\/p>\n\n\n\n<p>M\u00e1s informaci\u00f3n:&nbsp;<a href=\"https:\/\/www.instagram.com\/p\/DWNDVTdEahD\/?igsh=ZWVjdGp5cXBzaTFs\" target=\"_blank\" rel=\"noreferrer noopener\">https:\/\/www.instagram.com\/p\/DWNDVTdEahD\/?igsh=ZWVjdGp5cXBzaTFs<\/a><\/p>\n\n\n\n<p><strong>NUEVE DE JULIO<\/strong><\/p>\n\n\n\n<p><strong>Feria de Sabores Saz\u00f3n 2026<\/strong><\/p>\n\n\n\n<p><strong>ENTRADA GRATUITA<\/strong><\/p>\n\n\n\n<p>Fecha, hora y lugar: S\u00e1bado 11, de 13:00 a 00:00; domingo 12, de 12:00 a 22:00, en avenida Mitre y Libertad.<\/p>\n\n\n\n<p>Descripci\u00f3n: Feria gastron\u00f3mica con una amplia variedad de platos y productos elaborados por emprendedores locales, actividades culturales y espect\u00e1culos musicales. Entrada gratuita. Organiza la Municipalidad de Nueve de Julio.<\/p>\n\n\n\n<p>M\u00e1s informaci\u00f3n:&nbsp;<a href=\"http:\/\/www.instagram.com\/cultura_9dejulio\/\" target=\"_blank\" rel=\"noreferrer noopener\">www.instagram.com\/cultura_9dejulio\/<\/a>&nbsp;&#8211;&nbsp;<a href=\"http:\/\/www.facebook.com\/profile.php?id=100009228442727\" target=\"_blank\" rel=\"noreferrer noopener\">www.facebook.com\/profile.php?id=100009228442727<\/a><\/p>\n\n\n\n<p><strong>EVENTOS CULTURALES<\/strong><\/p>\n\n\n\n<p><strong>LUJ\u00c1N<\/strong><\/p>\n\n\n\n<p><strong>6\u00b0 Festival de Tango<\/strong><\/p>\n\n\n\n<p><strong>ENTRADA GRATUITA<\/strong><\/p>\n\n\n\n<p>Fecha, hora y lugar: Del viernes 10 al domingo 12 a partir de las 20:00 en diferentes espacios de la ciudad.<\/p>\n\n\n\n<p>Descripci\u00f3n: Viernes, Pe\u00f1a de Tango &amp; Recalada en el Club Argentino, Col\u00f3n 1075. S\u00e1bado, Milonga en el Centro Cultural Municipal Do\u00f1a Ana de Matos, Paseo Calelian 1131. Domingo, concierto de cierre en el Teatro Municipal Trinidad Guevara, Rivadavia 1096. Entrada gratuita. Se retiran de forma anticipada de martes a&nbsp; s\u00e1bado&nbsp; de 10:00 a 20:00. Organiza Astiya Producciones con&nbsp; el acompa\u00f1amiento de&nbsp; la Secretar\u00eda de Cultura y Turismo de la Municipalidad de Luj\u00e1n.<\/p>\n\n\n\n<p>M\u00e1s informaci\u00f3n:&nbsp;<a href=\"http:\/\/www.instagram.com\/p\/DWHPAeUDTXo\/\" target=\"_blank\" rel=\"noreferrer noopener\">www.instagram.com\/p\/DWHPAeUDTXo\/<\/a>&nbsp;&#8211;&nbsp;<a href=\"http:\/\/www.facebook.com\/FestivaldeTangodeLujan\" target=\"_blank\" rel=\"noreferrer noopener\">www.facebook.com\/FestivaldeTangodeLujan<\/a>&nbsp;<\/p>\n\n\n\n<p><strong>GENERAL ALVARADO (Miramar)<\/strong><\/p>\n\n\n\n<p><strong>2\u00ba Marcha de los Bombos en el Mar<\/strong><\/p>\n\n\n\n<p><strong>ENTRADA GRATUITA<\/strong><\/p>\n\n\n\n<p>Fecha, hora y lugar: S\u00e1bado 11, a las 20:00, en el Polideportivo y domingo 12, desde las 11:00, en el Muelle de Pescadores.<\/p>\n\n\n\n<p>Descripci\u00f3n:&nbsp; Primera jornada, vigilia y noche de pe\u00f1a, con artistas invitados y agrupaciones folkl\u00f3ricas. El segundo d\u00eda, marcha y shows en el Polideportivo. Acompa\u00f1an Indio y Tere Froil\u00e1n, impulsores de la Marcha. Entrada: bono contribuci\u00f3n de $3.000 para el d\u00eda s\u00e1bado y el domingo, gratuita. Organizada por la Comunidad Leg\u00fcera de la ciudad con el acompa\u00f1amiento de la Municipalidad de General Alvarado.<\/p>\n\n\n\n<p>M\u00e1s informaci\u00f3n:&nbsp;<a href=\"http:\/\/www.instagram.com\/comunidadlegueragralalvarado\/\" target=\"_blank\" rel=\"noreferrer noopener\">www.instagram.com\/comunidadlegueragralalvarado\/<\/a>&nbsp;&#8211;&nbsp;<a href=\"http:\/\/www.instagram.com\/mungralalvarado\/\" target=\"_blank\" rel=\"noreferrer noopener\">www.instagram.com\/mungralalvarado\/<\/a><\/p>\n\n\n\n<p><strong>LOBER\u00cdA<\/strong><\/p>\n\n\n\n<p><strong>Festival de Villa Ercilia<\/strong><\/p>\n\n\n\n<p><strong>ACTIVIDAD GRATUITA<\/strong><\/p>\n\n\n\n<p>Fecha, hora y lugar: S\u00e1bado 11 a las 15:00 en la plaza principal.<\/p>\n\n\n\n<p>Descripci\u00f3n: Espect\u00e1culos musicales y gastronom\u00eda, en el marco de la presentaci\u00f3n del&nbsp; proyecto para seleccionar el nombre de la plaza. Actividad gratuita. Organiza la Junta Vecinal y la Escuela Primaria de Adultos con el acompa\u00f1amiento de la Municipalidad de Lober\u00eda.&nbsp;<\/p>\n\n\n\n<p>M\u00e1s informaci\u00f3n:&nbsp;<\/p>\n\n\n\n<figure class=\"wp-block-embed\"><div class=\"wp-block-embed__wrapper\">\nhttps:\/\/www.instagram.com\/turismoloberia\/\n<\/div><\/figure>\n\n\n\n<figure class=\"wp-block-embed\"><div class=\"wp-block-embed__wrapper\">\nhttps:\/\/www.facebook.com\/search\/top?q=turismo%20lober%C3%ADa\n<\/div><\/figure>\n\n\n\n<p><strong>CORONEL SU\u00c1REZ<\/strong><\/p>\n\n\n\n<p><strong>5\u00b0 Peatonal Criolla<\/strong><\/p>\n\n\n\n<p><strong>ENTRADA GRATUITA<\/strong><\/p>\n\n\n\n<p>Fecha, hora y lugar: Domingo 12 a las 08:00 en el Paseo del Riel.<\/p>\n\n\n\n<p>Descripci\u00f3n: El campeonato del asado arranca a las 09:00; final del certamen y degustaci\u00f3n del jurado a las 13:00; vuelta entera, a las 14:00; premiaci\u00f3n, a las 14:50. En tanto a partir de las 15:30 se realizar\u00e1n espect\u00e1culos musicales y danzas. Entrada gratuita. Organiza la Municipalidad de Coronel Su\u00e1rez.<\/p>\n\n\n\n<p>M\u00e1s informaci\u00f3n:&nbsp;<a href=\"http:\/\/www.instagram.com\/p\/DVulrFqjUhX\/\" target=\"_blank\" rel=\"noreferrer noopener\">www.instagram.com\/p\/DVulrFqjUhX\/<\/a>&nbsp; &#8211;&nbsp;<a href=\"http:\/\/www.instagram.com\/suarezturismo\" target=\"_blank\" rel=\"noreferrer noopener\">www.instagram.com\/suarezturismo<\/a>&nbsp; &#8211;&nbsp;<a href=\"http:\/\/www.facebook.com\/suarezturismo\" target=\"_blank\" rel=\"noreferrer noopener\">www.facebook.com\/suarezturismo<\/a><\/p>\n\n\n\n<p><strong>EVENTOS DEPORTIVOS<\/strong><\/p>\n\n\n\n<p><strong>BRAGADO<\/strong><\/p>\n\n\n\n<p><strong>89\u00b0 Doble Bragado<\/strong><\/p>\n\n\n\n<p>Fecha, hora y lugar: Jueves 9 y viernes 10 a las 15:30; y domingo 12 a las 13:30 desde Bragado.<\/p>\n\n\n\n<p>Descripci\u00f3n: Tradicional competencia cicl\u00edstica conocida como la cl\u00e1sica del oeste. Jueves, salida desde Bragado hasta Veinticinco de Mayo; viernes, hasta Veinticinco de Mayo y Chivilcoy; y domingo, circuito callejero. Inscripci\u00f3n arancelada.Del 10 al 12 se llevar\u00e1 adelante la 3\u00b0 Doble Bragado Femenina. Organiza el Club Ciclista Naci\u00f3n con el acompa\u00f1amiento de la Municipalidad de Bragado.<\/p>\n\n\n\n<p>M\u00e1s informaci\u00f3n:&nbsp;<\/p>\n\n\n\n<p><a href=\"http:\/\/www.instagram.com\/direcciondeturismobragado\" target=\"_blank\" rel=\"noreferrer noopener\">www.instagram.com\/direcciondeturismobragado<\/a>&nbsp;&#8211;&nbsp;<a href=\"http:\/\/www.facebook.com\/direcciondeturismobragado\" target=\"_blank\" rel=\"noreferrer noopener\">www.facebook.com\/direcciondeturismobragado<\/a>&nbsp;<\/p>\n\n\n\n<figure class=\"wp-block-embed\"><div class=\"wp-block-embed__wrapper\">\nhttps:\/\/www.instagram.com\/la_doble_bragado_arg\/\n<\/div><\/figure>\n\n\n\n<p><strong>EXALTACI\u00d3N DE LA CRUZ (Los Cardales)<\/strong><\/p>\n\n\n\n<p><strong>2\u00ba Cardales Corre<\/strong><\/p>\n\n\n\n<p>Fecha, hora y lugar: S\u00e1bado 11, a las 19:00, desde Plaza Mitre.<\/p>\n\n\n\n<p>Descripci\u00f3n: Jornada deportiva y solidaria a beneficio del Hospital Modular de Los Cardales, en las distancias de 3 y 6 kil\u00f3metros, sobre un circuito 100% de asfalto. Premiaci\u00f3n por categor\u00eda en 6 kil\u00f3metros. Actividad arancelada. Inscripci\u00f3n:&nbsp;<a href=\"http:\/\/www.finishtime.com.ar\/#\/informacion-evento\/298\" target=\"_blank\" rel=\"noreferrer noopener\">www.finishtime.com.ar\/#\/informacion-evento\/298<\/a>&nbsp;Organiza la Municipalidad de Exaltaci\u00f3n de la Cruz.<\/p>\n\n\n\n<p>M\u00e1s informaci\u00f3n:&nbsp;<a href=\"http:\/\/www.instagram.com\/muniexaltaciondelacruz\/\" target=\"_blank\" rel=\"noreferrer noopener\">www.instagram.com\/muniexaltaciondelacruz\/<\/a>&nbsp;&#8211;&nbsp;<a href=\"http:\/\/www.facebook.com\/Muniexaltaciondelacruz\" target=\"_blank\" rel=\"noreferrer noopener\">www.facebook.com\/Muniexaltaciondelacruz<\/a><\/p>\n\n\n\n<p><strong>GUAMIN\u00cd<\/strong><\/p>\n\n\n\n<p><strong>14\u00ba Rural Bike Vuelta a la Cascada<\/strong><\/p>\n\n\n\n<p>Fecha, hora y lugar: Domingo 12, a las 8:00, en el Balneario Lago del Monte.<\/p>\n\n\n\n<p>Descripci\u00f3n: Desaf\u00edo en las distancias competitiva de 60 kil\u00f3metros y promocional de 30. Entrega de kits a las 8 horas, largada a las 10 de la ma\u00f1ana. Premios en efectivo. Inscripci\u00f3n arancelada en:&nbsp;<a href=\"http:\/\/www.deportesydesafios.com.ar\/\" target=\"_blank\" rel=\"noreferrer noopener\">www.deportesydesafios.com.ar<\/a>&nbsp;Organiza el Club de Ciclista local con el auspicio de la Municipalidad de Guamin\u00ed. Evento previsto para el 22\/03 que debi\u00f3 ser reprogramado por condiciones clim\u00e1ticas adversas.<\/p>\n\n\n\n<p>M\u00e1s informaci\u00f3n:&nbsp;<a href=\"http:\/\/www.instagram.com\/turismo.guamini\/\" target=\"_blank\" rel=\"noreferrer noopener\">www.instagram.com\/turismo.guamini\/<\/a>&nbsp;&#8211;&nbsp;<a href=\"http:\/\/www.facebook.com\/turismo.guamini\" target=\"_blank\" rel=\"noreferrer noopener\">www.facebook.com\/turismo.guamini<\/a>&nbsp;&#8211;&nbsp;<a href=\"http:\/\/www.instagram.com\/clubciclistaguamini\/\" target=\"_blank\" rel=\"noreferrer noopener\">www.instagram.com\/clubciclistaguamini\/<\/a><\/p>\n\n\n\n<p><strong>CHACABUCO<\/strong><\/p>\n\n\n\n<p><strong>Caminata Azul<\/strong><\/p>\n\n\n\n<p><strong>ACTIVIDAD GRATUITA<\/strong><\/p>\n\n\n\n<p>Fecha, hora y lugar: Domingo 12 a las 17:00 desde el Palacio Municipal.<\/p>\n\n\n\n<p>Descripci\u00f3n: Recorrido de cuatro kil\u00f3metros alrededor del casco urbano para concientizar y visibilizar el Trastorno del Espectro Autista. Asistir con remera o detalle azul. Actividad gratuita. Organiza la Municipalidad de Chacabuco.<\/p>\n\n\n\n<p>M\u00e1s informaci\u00f3n:&nbsp;<\/p>\n\n\n\n<p><a href=\"http:\/\/www.facebook.com\/profile.php?id=100069047715398\" target=\"_blank\" rel=\"noreferrer noopener\">www.facebook.com\/profile.php?id=100069047715398<\/a>&nbsp;&#8211;&nbsp;<a href=\"https:\/\/chacabuco.gob.ar\/\" target=\"_blank\" rel=\"noreferrer noopener\">https:\/\/chacabuco.gob.ar\/<\/a><\/p>\n\n\n\n<p><strong>VISITAS GUIADAS<\/strong><\/p>\n\n\n\n<p><strong>LOBOS (Barrientos)<\/strong><\/p>\n\n\n\n<p><strong>Descubr\u00ed Barrientos<\/strong><\/p>\n\n\n\n<p><strong>ACTIVIDAD GRATUITA<\/strong><\/p>\n\n\n\n<p>Fecha, hora y lugar: Domingo 12, a las 8:00, en la bajada de Ruta 41.&nbsp;<\/p>\n\n\n\n<p>Descripci\u00f3n: Inicio de la jornada con cicloturismo rural, a las 9:00, desayuno en campero; a las 11:00, visita a la reserva natural Rancho Colorado y Almac\u00e9n Lo de Purrete; a las 13:00, almuerzo criollo en el CEPT 16; a las 13:30 actuaci\u00f3n de Adri\u00e1n Maggi, Gustavo Madeja, ballet Municipal. Feria de emprendedores locales. Actividad gratuita. Organiza el Centro Educativo para la Producci\u00f3n Total y la Municipalidad de Lobos.<\/p>\n\n\n\n<p>M\u00e1s informaci\u00f3n:&nbsp;<a href=\"http:\/\/www.instagram.com\/cept16\/\" target=\"_blank\" rel=\"noreferrer noopener\">www.instagram.com\/cept16\/<\/a>&nbsp;&#8211;&nbsp;<a href=\"http:\/\/www.instagram.com\/municipiolobos\/\" target=\"_blank\" rel=\"noreferrer noopener\">www.instagram.com\/municipiolobos\/<\/a>&nbsp;&#8211;&nbsp;<a href=\"http:\/\/www.facebook.com\/municipiolobos\" target=\"_blank\" rel=\"noreferrer noopener\">www.facebook.com\/municipiolobos<\/a><\/p>\n\n\n\n<p><strong>CHIVILCOY<\/strong><\/p>\n\n\n\n<p><strong>4\u00ba Sabores Gourmet Chivilcoy<\/strong><\/p>\n\n\n\n<p>Fecha, hora y lugar: S\u00e1bado 11a las 12:00 y domingo 12 a las 11:30 en el Espacio Vallerga<\/p>\n\n\n\n<p>Descripci\u00f3n: Puestos gastron\u00f3micos, degustaciones, marcas regionales, espect\u00e1culos musicales, espacios para las infancias y en clases en vivo con Osvaldo Gross, Dolli Irigoyen,<\/p>\n\n\n\n<p>Karina Gao, Ale Temporini, Paula Bertone, Ezequiel D\u00b4Amelio,Fede Defina, Iv\u00e1n Alsina,Vicky Eliseire y Gladys Olazar. Entrada arancelada. Organiza&nbsp; Fiestas en Casa con el acompa\u00f1amiento de la Municipalidad de Chivilcoy.<\/p>\n\n\n\n<p>M\u00e1s informaci\u00f3n:&nbsp;<a href=\"http:\/\/www.instagram.com\/saboresgourmetchivilcoy\/\" target=\"_blank\" rel=\"noreferrer noopener\">www.instagram.com\/saboresgourmetchivilcoy\/<\/a><\/p>\n\n\n\n<p><strong>FERIAS Y EXPOSICIONES<\/strong><\/p>\n\n\n\n<p><strong>CHIVILCOY<\/strong><\/p>\n\n\n\n<p><strong>27\u00ba Expo Chivilcoy<\/strong><\/p>\n\n\n\n<p>Fecha, hora y lugar: S\u00e1bado 11, a las 9:00, en el predio rural, en Ruta 5 kil\u00f3metro 158.5.<\/p>\n\n\n\n<p>Descripci\u00f3n: Charlas t\u00e9cnicas, cocina en vivo con derivados de la miel, puestos de emprendedores ap\u00edcolas y venta de insumos. Actividad arancelada. Organiza la Asociaci\u00f3n Rural de Chivilcoy.&nbsp;&nbsp;<\/p>\n\n\n\n<p>M\u00e1s informaci\u00f3n:&nbsp;&nbsp;<a href=\"http:\/\/www.instagram.com\/asocruralchivilcoy\/\" target=\"_blank\" rel=\"noreferrer noopener\">www.instagram.com\/asocruralchivilcoy\/<\/a>&nbsp;&#8211;&nbsp;<a href=\"http:\/\/www.facebook.com\/rural.chivilcoy\" target=\"_blank\" rel=\"noreferrer noopener\">www.facebook.com\/rural.chivilcoy<\/a>&nbsp;<\/p>\n\n\n\n<p><strong>Eventos sujetos a modificaciones por el organizador y\/o Municipio.<\/strong><\/p>\n\n\n\n<p>M\u00e1s informaci\u00f3n en&nbsp;<a href=\"http:\/\/buenosaires.tur.ar\/\" target=\"_blank\" rel=\"noreferrer noopener\">buenosaires.tur.ar<\/a>&nbsp; donde presentamos ReCreo, el bot para organizar los viajes por la PBA.<\/p>\n","protected":false},"excerpt":{"rendered":"<p>Del jueves 9 al jueves 16 de abril de 2026&nbsp;&nbsp; La gastronom\u00eda ser\u00e1 protagonista de la agenda tur\u00edstica durante el fin de semana en los destinos tur\u00edsticos de la provincia&hellip; <\/p>\n","protected":false},"author":2,"featured_media":44664,"comment_status":"closed","ping_status":"closed","sticky":false,"template":"","format":"standard","meta":{"footnotes":""},"categories":[27],"tags":[],"class_list":["post-44663","post","type-post","status-publish","format-standard","has-post-thumbnail","hentry","category-turismo"],"_links":{"self":[{"href":"https:\/\/eenergetica.com.ar\/index.php\/wp-json\/wp\/v2\/posts\/44663","targetHints":{"allow":["GET"]}}],"collection":[{"href":"https:\/\/eenergetica.com.ar\/index.php\/wp-json\/wp\/v2\/posts"}],"about":[{"href":"https:\/\/eenergetica.com.ar\/index.php\/wp-json\/wp\/v2\/types\/post"}],"author":[{"embeddable":true,"href":"https:\/\/eenergetica.com.ar\/index.php\/wp-json\/wp\/v2\/users\/2"}],"replies":[{"embeddable":true,"href":"https:\/\/eenergetica.com.ar\/index.php\/wp-json\/wp\/v2\/comments?post=44663"}],"version-history":[{"count":1,"href":"https:\/\/eenergetica.com.ar\/index.php\/wp-json\/wp\/v2\/posts\/44663\/revisions"}],"predecessor-version":[{"id":44665,"href":"https:\/\/eenergetica.com.ar\/index.php\/wp-json\/wp\/v2\/posts\/44663\/revisions\/44665"}],"wp:featuredmedia":[{"embeddable":true,"href":"https:\/\/eenergetica.com.ar\/index.php\/wp-json\/wp\/v2\/media\/44664"}],"wp:attachment":[{"href":"https:\/\/eenergetica.com.ar\/index.php\/wp-json\/wp\/v2\/media?parent=44663"}],"wp:term":[{"taxonomy":"category","embeddable":true,"href":"https:\/\/eenergetica.com.ar\/index.php\/wp-json\/wp\/v2\/categories?post=44663"},{"taxonomy":"post_tag","embeddable":true,"href":"https:\/\/eenergetica.com.ar\/index.php\/wp-json\/wp\/v2\/tags?post=44663"}],"curies":[{"name":"wp","href":"https:\/\/api.w.org\/{rel}","templated":true}]}}