{"id":44654,"date":"2026-04-07T08:49:55","date_gmt":"2026-04-07T11:49:55","guid":{"rendered":"http:\/\/eenergetica.com.ar\/?p=44654"},"modified":"2026-04-07T08:49:55","modified_gmt":"2026-04-07T11:49:55","slug":"la-bicameral-de-inteligencia-enciende-la-rosca-en-diputados-que-lugares-se-disputan","status":"publish","type":"post","link":"https:\/\/eenergetica.com.ar\/index.php\/2026\/04\/07\/la-bicameral-de-inteligencia-enciende-la-rosca-en-diputados-que-lugares-se-disputan\/","title":{"rendered":"La bicameral de Inteligencia enciende la rosca en Diputados: qu\u00e9 lugares se disputan"},"content":{"rendered":"\n<p>A\u00fan sin fecha a la vista para la reuni\u00f3n constitutiva, la&nbsp;<strong>comisi\u00f3n bicameral de Fiscalizaci\u00f3n y Seguimiento de los Organismos y las Actividades de Inteligencia<\/strong>&nbsp;ya viene generando tironeos incesantes entre las fuerzas pol\u00edticas, que quieren tener asiento en la mesa de discusi\u00f3n, y tambi\u00e9n es un foco que tensiona al m\u00e1ximo la interna del Gobierno.<\/p>\n\n\n\n<p>A fines de febrero, seg\u00fan pudo reconstruir la&nbsp;<a rel=\"noreferrer noopener\" href=\"https:\/\/es.wikipedia.org\/wiki\/Noticias_Argentinas\" target=\"_blank\"><strong>Agencia Noticias Argentinas (NA)&nbsp;<\/strong><\/a>de dos fuentes parlamentarias distintas, el presidente de la C\u00e1mara de Diputados,&nbsp;<strong>Mart\u00edn Menem<\/strong>, le hab\u00eda prometido la silla de la presidencia al jefe del bloque del PRO,<strong>&nbsp;Cristian Ritondo,&nbsp;<\/strong>en un c\u00f3nclave reservado del que tambi\u00e9n particip\u00f3 el ministro de Interior,&nbsp;<strong>Diego Santilli,&nbsp;<\/strong>que fue testigo del ofrecimiento.<\/p>\n\n\n\n<p>Sin embargo, despu\u00e9s de ese episodio recrudeci\u00f3 la interna del Gobierno entre la secretaria general de la Presidencia,<strong>&nbsp;Karina Milei<\/strong>, y el super asesor sin cargo&nbsp;<strong>Santiago Caputo.<\/strong><\/p>\n\n\n\n<p>En este marco, trascendi\u00f3 como un secreto a voces que la hermana del presidente pretend\u00eda colocar a Sebasti\u00e1n Pareja, un incondicional de ella, en el lugar prometido a Ritondo.<\/p>\n\n\n\n<p>La idea de la herman\u00edsima es vigilar desde el Congreso a la SIDE, un organismo que controla Caputo a trav\u00e9s de su titula<strong>r Cristian Auguadra,&nbsp;<\/strong>y del subsecretario administrativo,&nbsp;<strong>Jos\u00e9 Lago Rodr\u00edguez<\/strong>, quien maneja la caja de la estructura.&nbsp;<\/p>\n\n\n\n<p>El trascendido de que Pareja desembarcar\u00eda en la bicameral de Inteligencia molest\u00f3 al PRO, un aliado de la primera hora, que a\u00fan no tira la toalla.<\/p>\n\n\n\n<p><strong>\u201cSe ver\u00e1 en comisi\u00f3n si cumplen con su palabra<\/strong>\u201d, contestaron a la&nbsp;<a rel=\"noreferrer noopener\" href=\"https:\/\/es.wikipedia.org\/wiki\/Noticias_Argentinas\" target=\"_blank\"><strong>Agencia Noticias Argentinas&nbsp;<\/strong><\/a>las fuentes del partido amarillo.<\/p>\n\n\n\n<p>Por parte de Uni\u00f3n por la Patria, en principio, los designados en representaci\u00f3n de la C\u00e1mara de Diputados ser\u00edan<strong>&nbsp;Agust\u00edn Rossi y Rodolfo Tailhade,<\/strong>&nbsp;aunque a\u00fan no est\u00e1 nada confirmado.<\/p>\n\n\n\n<p>Ambos tienen credenciales de sobra para ejercer dicho rol, el primero por haber sido interventor de la&nbsp;<strong>Agencia Federal de Inteligencia<\/strong>&nbsp;durante un per\u00edodo del Gobierno del Frente de Todos, y el segundo por haber sido director de la&nbsp;Escuela Nacional de Inteligencia durante la gesti\u00f3n de&nbsp;<strong>Oscar Parrilli<\/strong>&nbsp;al frente de la SIDE en 2015.<\/p>\n\n\n\n<p>El massismo y el grupo de peronistas peronistas federales que encabezan&nbsp;<strong>Victoria Tolosa Paz y Guillermo Michel&nbsp;<\/strong>tambi\u00e9n pretenden colarse en la discusi\u00f3n aunque corren desde atr\u00e1s, con menos chances que Rossi y Tailhade.&nbsp;<\/p>\n\n\n\n<p>El mayor problema para el peronismo lo tiene en el Senado, ya que all\u00ed el oficialismo, con&nbsp;<strong>Patricia Bullrich&nbsp;<\/strong>a la cabeza, pretende escamotearle al menos una silla en la bicameral.<\/p>\n\n\n\n<p>En la conformaci\u00f3n anterior, el PJ contaba con tres representantes (<strong>Wado de Pedro, Florencia L\u00f3pez y Oscar Parrilli),<\/strong>&nbsp;pero el recambio legislativo dej\u00f3 al peronismo m\u00e1s debilitado, pasando de 30 a 21 senadores.<\/p>\n\n\n\n<p>La UCR tendr\u00e1 un representante asegurado por el Senado, ya que tiene una decena de legisladores en la C\u00e1mara alta, mientras que Provincias Unidas espera colocar a uno propio por la C\u00e1mara de Diputados.<\/p>\n\n\n\n<p>El \u00faltimo presidente de la bicameral de Inteligencia hab\u00eda sido el radical porte\u00f1o<strong>&nbsp;Mart\u00edn Lousteau<\/strong>, antes de dejar de ser senador para convertirse en diputado.<\/p>\n\n\n\n<p>Antes del ex ministro de Econom\u00eda, el titular hab\u00eda sido el ex diputado nacional&nbsp;<strong>Leopoldo Moreau,&nbsp;<\/strong>quien se desempe\u00f1\u00f3 en ese cargo durante m\u00e1s de cuatro a\u00f1os.&nbsp;__IP__<\/p>\n\n\n\n<p>Para este nuevo ciclo, le toca conducir a la comisi\u00f3n, que re\u00fane a siete representantes por cada c\u00e1mara (en total 14 integrantes), a un diputado nacional.<\/p>\n\n\n\n<p><a href=\"https:\/\/noticiasargentinas.com\/-agenciana_t6916e70a4551e78eb9423f59\">#AgenciaNA<\/a>&nbsp;&nbsp;<\/p>\n","protected":false},"excerpt":{"rendered":"<p>A\u00fan sin fecha a la vista para la reuni\u00f3n constitutiva, la&nbsp;comisi\u00f3n bicameral de Fiscalizaci\u00f3n y Seguimiento de los Organismos y las Actividades de Inteligencia&nbsp;ya viene generando tironeos incesantes entre las&hellip; <\/p>\n","protected":false},"author":2,"featured_media":44655,"comment_status":"closed","ping_status":"closed","sticky":false,"template":"","format":"standard","meta":{"footnotes":""},"categories":[28,20],"tags":[],"class_list":["post-44654","post","type-post","status-publish","format-standard","has-post-thumbnail","hentry","category-destacada","category-politica"],"_links":{"self":[{"href":"https:\/\/eenergetica.com.ar\/index.php\/wp-json\/wp\/v2\/posts\/44654","targetHints":{"allow":["GET"]}}],"collection":[{"href":"https:\/\/eenergetica.com.ar\/index.php\/wp-json\/wp\/v2\/posts"}],"about":[{"href":"https:\/\/eenergetica.com.ar\/index.php\/wp-json\/wp\/v2\/types\/post"}],"author":[{"embeddable":true,"href":"https:\/\/eenergetica.com.ar\/index.php\/wp-json\/wp\/v2\/users\/2"}],"replies":[{"embeddable":true,"href":"https:\/\/eenergetica.com.ar\/index.php\/wp-json\/wp\/v2\/comments?post=44654"}],"version-history":[{"count":1,"href":"https:\/\/eenergetica.com.ar\/index.php\/wp-json\/wp\/v2\/posts\/44654\/revisions"}],"predecessor-version":[{"id":44656,"href":"https:\/\/eenergetica.com.ar\/index.php\/wp-json\/wp\/v2\/posts\/44654\/revisions\/44656"}],"wp:featuredmedia":[{"embeddable":true,"href":"https:\/\/eenergetica.com.ar\/index.php\/wp-json\/wp\/v2\/media\/44655"}],"wp:attachment":[{"href":"https:\/\/eenergetica.com.ar\/index.php\/wp-json\/wp\/v2\/media?parent=44654"}],"wp:term":[{"taxonomy":"category","embeddable":true,"href":"https:\/\/eenergetica.com.ar\/index.php\/wp-json\/wp\/v2\/categories?post=44654"},{"taxonomy":"post_tag","embeddable":true,"href":"https:\/\/eenergetica.com.ar\/index.php\/wp-json\/wp\/v2\/tags?post=44654"}],"curies":[{"name":"wp","href":"https:\/\/api.w.org\/{rel}","templated":true}]}}