{"id":44651,"date":"2026-04-07T08:48:08","date_gmt":"2026-04-07T11:48:08","guid":{"rendered":"http:\/\/eenergetica.com.ar\/?p=44651"},"modified":"2026-04-07T08:48:08","modified_gmt":"2026-04-07T11:48:08","slug":"ley-de-glaciares-el-oficialismo-y-aliados-buscan-un-dictamen-expres-en-diputados-este-martes","status":"publish","type":"post","link":"https:\/\/eenergetica.com.ar\/index.php\/2026\/04\/07\/ley-de-glaciares-el-oficialismo-y-aliados-buscan-un-dictamen-expres-en-diputados-este-martes\/","title":{"rendered":"Ley de Glaciares: el oficialismo y aliados buscan un dictamen expr\u00e9s en Diputados este martes"},"content":{"rendered":"\n<p>La Libertad Avanza junto a bloques dialoguistas pidieron una sesi\u00f3n especial para el pr\u00f3ximo mi\u00e9rcoles a las 15 para debatir el proyecto de reforma de la ley de Glaciares, &nbsp;y as\u00ed cumplir con el pedido de gobernadores aliados que buscan con esta norma captar nuevas inversiones mineras.<\/p>\n\n\n\n<p>La sesi\u00f3n especial fue solicitada por los presidentes del bloque de la LLA,&nbsp;<strong>Gabriel Bornoroni<\/strong>, de la UCR,&nbsp;<strong>Pamela Verasay<\/strong>, de Independencia&nbsp;<strong>&nbsp;Gladys Medina<\/strong>, de Por Santa Cruz&nbsp;<strong>Jos\u00e9 Luis Garrido<\/strong>, de Producci\u00f3n y Trabajo&nbsp;<strong>Nancy Pic\u00f3n Mart\u00ednez<\/strong>, y de Innovaci\u00f3n Federal&nbsp;<strong>Alberto Arr\u00faa.<\/strong><\/p>\n\n\n\n<p>Tambi\u00e9n firman el pedido los libertos y titulares de las comisiones de Recursos Naturales,<strong>&nbsp;Jos\u00e9 Peluc<\/strong>, de Asuntos Constitucionales,&nbsp;<strong>Nicol\u00e1s Mayoraz<\/strong>, de Peticiones Poderes y Reglamento,&nbsp;<strong>Giselle Castelnuovo<\/strong>, la secretaria parlamentaria de la LLA,&nbsp;<strong>Silvana Guidici<\/strong>, y el macrista&nbsp;<strong>Javier Sanchez Wrba.<\/strong><\/p>\n\n\n\n<p>La iniciativa fue impulsada por el Gobierno por pedido de los gobernadores aliados para fomentar millonarias inversiones mineras en las provincias del norte y de la zona de Cuyo a trav\u00e9s del r\u00e9gimen del RIGI, incluido en la Ley de Bases sancionada en 2024.<\/p>\n\n\n\n<p>Impulsan la ley los gobernadores de Catamarca,&nbsp;<strong>Ra\u00fal Jalil;<\/strong>&nbsp;de San Juan,&nbsp;<strong>Marcelo Orrego;<\/strong>&nbsp;de Salta,&nbsp;<strong>Gustavo S\u00e1enz;<\/strong>&nbsp;y de Mendoza,&nbsp;<strong>Alfredo Cornejo, que tiene el mayor desarrollo minero.<\/strong><\/p>\n\n\n\n<p><strong>Los mandatarios ya consiguieron dar su primer paso con la aprobaci\u00f3n de la reforma en el Senado por 40 a 31 votos.<\/strong><\/p>\n\n\n\n<p><strong>COMISIONES<\/strong><\/p>\n\n\n\n<p>Pero para tratar el proyecto en el recinto de sesiones, el oficialismo y sus aliados deben conseguir un dictamen de mayor\u00eda ma\u00f1ana en el plenario de las comisiones de Recursos Naturales y de Asuntos Constitucionales, que fue citado para las 14.<\/p>\n\n\n\n<p><strong>Para poder tener despacho de comisi\u00f3n, LLA y aliados deber\u00e1n tener 18 firmas en Asuntos Constitucionales y 16 en Recursos Naturales, lo cual lo tiene garantizado junto a sus aliados provinciales, de la UCR y el PRO.<\/strong><\/p>\n\n\n\n<p>En primera instancia habr\u00e1 una reuni\u00f3n informativa con la exposici\u00f3n de invitados, entre quienes se incluir\u00edan a gobernadores de provincias, y en segundo t\u00e9rmino se pasar\u00e1 a la firma de los dict\u00e1menes.<\/p>\n\n\n\n<p><strong>La reuni\u00f3n de la comisi\u00f3n se har\u00e1 luego de haber realizado el 25 y 26 de marzo las Audiencias P\u00fablicas donde expusieron unos 200 oradores en forma presencial y otros 200 en forma virtual&nbsp;<\/strong>de los 100 mil inscriptos, lo que gener\u00f3 el repudio de organizaciones ambientalistas y bloques opositores.<\/p>\n\n\n\n<h3 class=\"wp-block-heading\">Punteo<\/h3>\n\n\n\n<p>La Libertad Avanza es optimista en que tendr\u00e1n los 129 diputados para abrir la sesi\u00f3n, habilitar el debate y al menos entre 130 y 134 votos convertir en ley el proyecto que ya fue aprobado el 26 de febrero por el Senado, seg\u00fan se\u00f1alaron fuentes parlamentarias de la LLA a la&nbsp;<a rel=\"noreferrer noopener\" href=\"https:\/\/es.wikipedia.org\/wiki\/Noticias_Argentinas\" target=\"_blank\"><strong>Agencia Noticias Argentinas<\/strong><\/a>.<\/p>\n\n\n\n<p><strong>La Libertad Avanza tiene 94 votos \u2014<\/strong>ya que el presidente de la C\u00e1mara de Diputados, Mart\u00edn Menem, solo vota cuando se necesitan mayor\u00edas agravadas o para desempatar<strong>\u2014 y<\/strong>&nbsp;cuenta con el respaldo para sancionar esta ley de<strong>&nbsp;11 diputados de Innovaci\u00f3n Federal, 2 de Producci\u00f3n y Trabajo, unos 21 de Fuerzas del Cambio-que integran la UCR, PRO, Por Santa Cruz,&nbsp;<\/strong>__IP__<\/p>\n\n\n\n<p>Tambi\u00e9n acompa\u00f1ar\u00e1n el proyecto los 3 legisladores de&nbsp;<strong>Independencia, y&nbsp;<\/strong>por lo menos 2 cordobeses y el bonaerense<strong>&nbsp;<\/strong>Nicolas Massot, respaldar\u00e1n el proyecto del Gobierno.<\/p>\n\n\n\n<p>&nbsp;<a href=\"https:\/\/noticiasargentinas.com\/-agenciana_t6916e70a4551e78eb9423f59\">#AgenciaNA<\/a>&nbsp;<\/p>\n","protected":false},"excerpt":{"rendered":"<p>La Libertad Avanza junto a bloques dialoguistas pidieron una sesi\u00f3n especial para el pr\u00f3ximo mi\u00e9rcoles a las 15 para debatir el proyecto de reforma de la ley de Glaciares, &nbsp;y&hellip; <\/p>\n","protected":false},"author":2,"featured_media":44652,"comment_status":"closed","ping_status":"closed","sticky":false,"template":"","format":"standard","meta":{"footnotes":""},"categories":[28,24],"tags":[],"class_list":["post-44651","post","type-post","status-publish","format-standard","has-post-thumbnail","hentry","category-destacada","category-provincia"],"_links":{"self":[{"href":"https:\/\/eenergetica.com.ar\/index.php\/wp-json\/wp\/v2\/posts\/44651","targetHints":{"allow":["GET"]}}],"collection":[{"href":"https:\/\/eenergetica.com.ar\/index.php\/wp-json\/wp\/v2\/posts"}],"about":[{"href":"https:\/\/eenergetica.com.ar\/index.php\/wp-json\/wp\/v2\/types\/post"}],"author":[{"embeddable":true,"href":"https:\/\/eenergetica.com.ar\/index.php\/wp-json\/wp\/v2\/users\/2"}],"replies":[{"embeddable":true,"href":"https:\/\/eenergetica.com.ar\/index.php\/wp-json\/wp\/v2\/comments?post=44651"}],"version-history":[{"count":1,"href":"https:\/\/eenergetica.com.ar\/index.php\/wp-json\/wp\/v2\/posts\/44651\/revisions"}],"predecessor-version":[{"id":44653,"href":"https:\/\/eenergetica.com.ar\/index.php\/wp-json\/wp\/v2\/posts\/44651\/revisions\/44653"}],"wp:featuredmedia":[{"embeddable":true,"href":"https:\/\/eenergetica.com.ar\/index.php\/wp-json\/wp\/v2\/media\/44652"}],"wp:attachment":[{"href":"https:\/\/eenergetica.com.ar\/index.php\/wp-json\/wp\/v2\/media?parent=44651"}],"wp:term":[{"taxonomy":"category","embeddable":true,"href":"https:\/\/eenergetica.com.ar\/index.php\/wp-json\/wp\/v2\/categories?post=44651"},{"taxonomy":"post_tag","embeddable":true,"href":"https:\/\/eenergetica.com.ar\/index.php\/wp-json\/wp\/v2\/tags?post=44651"}],"curies":[{"name":"wp","href":"https:\/\/api.w.org\/{rel}","templated":true}]}}