{"id":44625,"date":"2026-04-06T07:51:55","date_gmt":"2026-04-06T10:51:55","guid":{"rendered":"http:\/\/eenergetica.com.ar\/?p=44625"},"modified":"2026-04-06T07:51:56","modified_gmt":"2026-04-06T10:51:56","slug":"luis-caputo-lo-de-adorni-no-afecta-en-nada-a-la-economia","status":"publish","type":"post","link":"https:\/\/eenergetica.com.ar\/index.php\/2026\/04\/06\/luis-caputo-lo-de-adorni-no-afecta-en-nada-a-la-economia\/","title":{"rendered":"Luis Caputo: \u201cLo de Adorni no afecta en nada a la econom\u00eda&#8221;"},"content":{"rendered":"\n<p>El ministro de Econom\u00eda&nbsp;<strong>Luis Caputo<\/strong>&nbsp;hizo referencia a sus \u00faltimas declaraciones p\u00fablicas, y pol\u00e9micas con otros economistas, en una entrevista televisiva. \u201cDigo lo que me sale\u201d, afirm\u00f3. Aunque aclar\u00f3 que en esos casos \u201cno hablo como un pol\u00edtico sino como un ciudadano m\u00e1s y creo que eso se valora\u201d.<\/p>\n\n\n\n<p>Caputo sostuvo que&nbsp;<mark><strong>&#8220;Lo de Adorni no afecta en nada ni al Riego Pa\u00eds ni las inversiones, lo que afecta es la volatilidad pol\u00edtica&#8221;<\/strong><\/mark>. \u201cMientras la alternativa sea el kirchnerismo, que es el infiero\u201d, complet\u00f3.&nbsp;<\/p>\n\n\n\n<p>\u201cEl kirchnerismo para mucha gente es el infierno, pero mientras haya gente que piense que eso puede volver, habr\u00e1 riesgo\u201d, remarc\u00f3 en otro tramo de la entrevista, aunque al mismo tiempo enfatizo que la probabilidad de que vuelva el Kirchnerismo para es \u201ces cero, no tienen ni margen de error, es cero\u201d.<\/p>\n\n\n\n<p>\u201cEso es lo que pienso yo, pero yo tengo que mirar lo que piensa el mercado, aunque la probabilidad sea baja, el temor est\u00e1\u201d, subray\u00f3<\/p>\n\n\n\n<p>Sobre la ley de inocencia fiscal, arguy\u00f3 que \u201cesta muy bien hecha, pero mientras el mamarracho de enfrente (en referencia al kirchnerismo) sea tal, la gente seguir\u00e1 teniendo miedo\u201d. \u201cLa gente dice vuelve y dan vuelta todo, pero yo soy muy optimista con la lay de inocencia fiscal\u201d.<\/p>\n\n\n\n<p>\u201cEl a\u00f1o que viene no va a ser un cl\u00e1sico a\u00f1o electoral argentino, va a ser un paseo por el parque\u201d, espet\u00f3.<\/p>\n\n\n\n<h3 class=\"wp-block-heading\">Periodismo e inflaci\u00f3n<\/h3>\n\n\n\n<p>\u201cYo creo que la mayor\u00eda del periodismo nos odia, por eso yo me gu\u00edo por los datos, los datos miden la realidad y son incontrastable, estamos en r\u00e9cord de producto bruto y actividad econ\u00f3mica y yo creo que se nota pero los medios tratan de instalar que no se nota&#8221;. \u201cEl periodismo nos declar\u00f3 la guerra\u201d, concluy\u00f3.<\/p>\n\n\n\n<p>\u201cNo hay estanflaci\u00f3n, tratan de instalar que hay una mega recesi\u00f3n cuando el consumo privado est\u00e1 en nivel pico hist\u00f3rico\u201d, opin\u00f3. Al mismo tiempo advirti\u00f3 que<mark><strong>&nbsp;\u201cpuede ser que la inflaci\u00f3n venga m\u00e1s alta en marzo por la guerra y otras cuestiones\u201d. \u201cLa inflaci\u00f3n es un monstruo que no terminamos de domar\u201d, reconoci\u00f3. Sobre el impacto de la guerra en Oriente Medio indic\u00f3 que \u201cel precio del petr\u00f3leo es una decisi\u00f3n privada y no nos vamos a meter\u201d.<\/strong><\/mark><\/p>\n\n\n\n<p><strong>\u201cEstamos haciendo lo que hay que hacer para que la inflaci\u00f3n baje, y si haces las cosas bien, tarde o temprano la inflaci\u00f3n en Argentina va a acompa\u00f1ar a la inflaci\u00f3n internacional\u201d<\/strong><\/p>\n\n\n\n<h3 class=\"wp-block-heading\"><strong>Consumo y empleo<\/strong><\/h3>\n\n\n\n<p>\u201cAntes la gente se sacaba los pesos de encima y ahora jay cr\u00e9ditos, cambi\u00f3 el consumo\u201d, subray\u00f3. \u201cLa gente vota con la econom\u00eda, por eso ganamos el a\u00f1o pasado\u201d, se envalenton\u00f3 el ministro de econom\u00eda.&nbsp;<\/p>\n\n\n\n<p>\u201cYo no esquivo los datos cuando no son buenos, el empleo bruto creci\u00f3, pero la informalidad tambi\u00e9n, matiz\u00f3 Caputo.<\/p>\n\n\n\n<h3 class=\"wp-block-heading\">Sobre los cr\u00e9ditos hipotecarios de funcionarios<\/h3>\n\n\n\n<p>&#8220;Los funcionarios pidieron cr\u00e9ditos inducidos por mi, se los digo a todos porque son una oportunidad que motoriza la econom\u00eda y es la mayor Justicia Social&#8221;. &#8220;No hay nada de ilegal ni de inmoral, es pat\u00e9tico que lo digan como si fuer un delito&#8221;. \u201cQue los de ATE vayan y saquen cr\u00e9ditos, tienen las mismas condiciones, ninguna ventaja\u201d. \u201cLos funcionarios p\u00fablicos representan apenas el 0.2% de los cr\u00e9ditos\u201d. \u201cLes recomendar\u00eda que todos saquen cr\u00e9ditos, lo que pas\u00f3 en Capital Humano (desplazaron al segundo de la ministra Sandra Petovello) no tuvo nada que ver con eso\u201d.__IP__<\/p>\n\n\n\n<h3 class=\"wp-block-heading\">Sobre Manuel Adorni<\/h3>\n\n\n\n<p>\u201cYo opino b\u00e1rbaro de Adorini, en el pasado tuvimos muchos ministros que parec\u00edan impolutos pero se robaban hasta el agua de los floreros y hay que ser no parecer\u201d. \u201cYo creo que el se tiene que defender en la justicia\u201d. \u201cHay que defenderse en la Justicia, no en los medios\u201d.<\/p>\n\n\n\n<p>&nbsp;<a href=\"https:\/\/noticiasargentinas.com\/-agenciana_t6916e70a4551e78eb9423f59\">#AgenciaNA<\/a>&nbsp;<\/p>\n","protected":false},"excerpt":{"rendered":"<p>El ministro de Econom\u00eda&nbsp;Luis Caputo&nbsp;hizo referencia a sus \u00faltimas declaraciones p\u00fablicas, y pol\u00e9micas con otros economistas, en una entrevista televisiva. \u201cDigo lo que me sale\u201d, afirm\u00f3. Aunque aclar\u00f3 que en&hellip; <\/p>\n","protected":false},"author":2,"featured_media":44626,"comment_status":"closed","ping_status":"closed","sticky":false,"template":"","format":"standard","meta":{"footnotes":""},"categories":[28,20],"tags":[],"class_list":["post-44625","post","type-post","status-publish","format-standard","has-post-thumbnail","hentry","category-destacada","category-politica"],"_links":{"self":[{"href":"https:\/\/eenergetica.com.ar\/index.php\/wp-json\/wp\/v2\/posts\/44625","targetHints":{"allow":["GET"]}}],"collection":[{"href":"https:\/\/eenergetica.com.ar\/index.php\/wp-json\/wp\/v2\/posts"}],"about":[{"href":"https:\/\/eenergetica.com.ar\/index.php\/wp-json\/wp\/v2\/types\/post"}],"author":[{"embeddable":true,"href":"https:\/\/eenergetica.com.ar\/index.php\/wp-json\/wp\/v2\/users\/2"}],"replies":[{"embeddable":true,"href":"https:\/\/eenergetica.com.ar\/index.php\/wp-json\/wp\/v2\/comments?post=44625"}],"version-history":[{"count":1,"href":"https:\/\/eenergetica.com.ar\/index.php\/wp-json\/wp\/v2\/posts\/44625\/revisions"}],"predecessor-version":[{"id":44627,"href":"https:\/\/eenergetica.com.ar\/index.php\/wp-json\/wp\/v2\/posts\/44625\/revisions\/44627"}],"wp:featuredmedia":[{"embeddable":true,"href":"https:\/\/eenergetica.com.ar\/index.php\/wp-json\/wp\/v2\/media\/44626"}],"wp:attachment":[{"href":"https:\/\/eenergetica.com.ar\/index.php\/wp-json\/wp\/v2\/media?parent=44625"}],"wp:term":[{"taxonomy":"category","embeddable":true,"href":"https:\/\/eenergetica.com.ar\/index.php\/wp-json\/wp\/v2\/categories?post=44625"},{"taxonomy":"post_tag","embeddable":true,"href":"https:\/\/eenergetica.com.ar\/index.php\/wp-json\/wp\/v2\/tags?post=44625"}],"curies":[{"name":"wp","href":"https:\/\/api.w.org\/{rel}","templated":true}]}}