{"id":44543,"date":"2026-03-31T08:13:45","date_gmt":"2026-03-31T11:13:45","guid":{"rendered":"http:\/\/eenergetica.com.ar\/?p=44543"},"modified":"2026-03-31T08:13:45","modified_gmt":"2026-03-31T11:13:45","slug":"exigen-la-renuncia-de-un-funcionario-de-radio-nacional-por-insultos-a-mercedes-sosa","status":"publish","type":"post","link":"https:\/\/eenergetica.com.ar\/index.php\/2026\/03\/31\/exigen-la-renuncia-de-un-funcionario-de-radio-nacional-por-insultos-a-mercedes-sosa\/","title":{"rendered":"Exigen la renuncia de un funcionario de Radio Nacional por insultos a Mercedes Sosa"},"content":{"rendered":"\n<p>Una fuerte pol\u00e9mica se desat\u00f3 en&nbsp;<strong>Tucum\u00e1n<\/strong><strong>&nbsp;<\/strong>luego de que el coordinador de&nbsp;Radio Nacional Tucum\u00e1n,<strong>&nbsp;<\/strong><strong>Enzo Ferreira<\/strong>, publicara en sus redes sociales expresiones agraviantes contra la reconocida artista&nbsp;Mercedes Sosa.<\/p>\n\n\n\n<p><strong>El funcionario se refiri\u00f3 a la cantante como \u201cgorda comunista\u201d y \u201cun c\u00e1ncer\u201d,<\/strong>&nbsp;lo que gener\u00f3 un inmediato rechazo pol\u00edtico, social y cultural en toda la provincia, segpun supo la&nbsp;<a rel=\"noreferrer noopener\" href=\"https:\/\/es.wikipedia.org\/wiki\/Noticias_Argentinas\" target=\"_blank\">Agencia Noticias Argentinas.<\/a><\/p>\n\n\n\n<h4 class=\"wp-block-heading\">Repudio oficial y pedido de renuncia<\/h4>\n\n\n\n<p>El gobernador&nbsp;Osvaldo Jaldo&nbsp;fue contundente al condenar los dichos y exigir la salida del funcionario. \u201cEs una falta de respeto, no solo para los tucumanos, sino para los argentinos y hasta mucha gente fuera del pa\u00eds que sabe lo que significa Mercedes Sosa para la cultura\u201d, expres\u00f3.<\/p>\n\n\n\n<p>En esa l\u00ednea, Jaldo remarc\u00f3 que no hace falta siquiera pedir la renuncia: \u201cSe tiene que ir solo\u201d, afirm\u00f3, y calific\u00f3 las declaraciones como \u201cuna falta de respeto total\u201d que evidencia desconocimiento sobre el legado de la artista.<\/p>\n\n\n\n<h4 class=\"wp-block-heading\">Reacciones pol\u00edticas y familiares<\/h4>\n\n\n\n<p>El repudio tambi\u00e9n fue acompa\u00f1ado por el vicegobernador&nbsp;Miguel Acevedo, quien critic\u00f3 duramente los agravios.<\/p>\n\n\n\n<p>Por su parte, familiares de Mercedes Sosa manifestaron su malestar ante los dichos y reclamaron respeto por la figura de la cantante, considerada un emblema del folklore argentino.<\/p>\n\n\n\n<h4 class=\"wp-block-heading\">Protesta de artistas<\/h4>\n\n\n\n<p>La controversia escal\u00f3 a\u00fan m\u00e1s cuando artistas de distintas disciplinas se autoconvocaron frente a las puertas de la emisora para expresar su rechazo. La manifestaci\u00f3n reuni\u00f3 a m\u00fasicos, actores y referentes culturales que defendieron el legado de Sosa y repudiaron los dichos del funcionario.<\/p>\n\n\n\n<h4 class=\"wp-block-heading\">Una figura emblem\u00e1tica<\/h4>\n\n\n\n<p>Mercedes Sosa es considerada una de las voces m\u00e1s influyentes de Am\u00e9rica Latina y un s\u00edmbolo de la m\u00fasica popular argentina. Su trayectoria trascendi\u00f3 fronteras y dej\u00f3 una huella profunda en la cultura del pa\u00eds y la regi\u00f3n.__IP__<\/p>\n\n\n\n<p>En ese contexto, las expresiones de Ferreira generaron una reacci\u00f3n transversal que unific\u00f3 a distintos sectores en defensa de su figura, mientras crece la presi\u00f3n para que deje su cargo en Radio Nacional.<\/p>\n\n\n\n<p><a href=\"https:\/\/noticiasargentinas.com\/-agenciana_t6916e70a4551e78eb9423f59\">#AgenciaNA<\/a>&nbsp;<\/p>\n","protected":false},"excerpt":{"rendered":"<p>Una fuerte pol\u00e9mica se desat\u00f3 en&nbsp;Tucum\u00e1n&nbsp;luego de que el coordinador de&nbsp;Radio Nacional Tucum\u00e1n,&nbsp;Enzo Ferreira, publicara en sus redes sociales expresiones agraviantes contra la reconocida artista&nbsp;Mercedes Sosa. El funcionario se refiri\u00f3&hellip; <\/p>\n","protected":false},"author":2,"featured_media":44544,"comment_status":"closed","ping_status":"closed","sticky":false,"template":"","format":"standard","meta":{"footnotes":""},"categories":[28,24],"tags":[],"class_list":["post-44543","post","type-post","status-publish","format-standard","has-post-thumbnail","hentry","category-destacada","category-provincia"],"_links":{"self":[{"href":"https:\/\/eenergetica.com.ar\/index.php\/wp-json\/wp\/v2\/posts\/44543","targetHints":{"allow":["GET"]}}],"collection":[{"href":"https:\/\/eenergetica.com.ar\/index.php\/wp-json\/wp\/v2\/posts"}],"about":[{"href":"https:\/\/eenergetica.com.ar\/index.php\/wp-json\/wp\/v2\/types\/post"}],"author":[{"embeddable":true,"href":"https:\/\/eenergetica.com.ar\/index.php\/wp-json\/wp\/v2\/users\/2"}],"replies":[{"embeddable":true,"href":"https:\/\/eenergetica.com.ar\/index.php\/wp-json\/wp\/v2\/comments?post=44543"}],"version-history":[{"count":1,"href":"https:\/\/eenergetica.com.ar\/index.php\/wp-json\/wp\/v2\/posts\/44543\/revisions"}],"predecessor-version":[{"id":44545,"href":"https:\/\/eenergetica.com.ar\/index.php\/wp-json\/wp\/v2\/posts\/44543\/revisions\/44545"}],"wp:featuredmedia":[{"embeddable":true,"href":"https:\/\/eenergetica.com.ar\/index.php\/wp-json\/wp\/v2\/media\/44544"}],"wp:attachment":[{"href":"https:\/\/eenergetica.com.ar\/index.php\/wp-json\/wp\/v2\/media?parent=44543"}],"wp:term":[{"taxonomy":"category","embeddable":true,"href":"https:\/\/eenergetica.com.ar\/index.php\/wp-json\/wp\/v2\/categories?post=44543"},{"taxonomy":"post_tag","embeddable":true,"href":"https:\/\/eenergetica.com.ar\/index.php\/wp-json\/wp\/v2\/tags?post=44543"}],"curies":[{"name":"wp","href":"https:\/\/api.w.org\/{rel}","templated":true}]}}