{"id":44146,"date":"2026-03-13T08:22:00","date_gmt":"2026-03-13T11:22:00","guid":{"rendered":"http:\/\/eenergetica.com.ar\/?p=44146"},"modified":"2026-03-13T08:22:01","modified_gmt":"2026-03-13T11:22:01","slug":"julian-neufeld-sobre-el-ipc-de-febrero-hubo-deflacion-en-los-bienes-estacionales","status":"publish","type":"post","link":"https:\/\/eenergetica.com.ar\/index.php\/2026\/03\/13\/julian-neufeld-sobre-el-ipc-de-febrero-hubo-deflacion-en-los-bienes-estacionales\/","title":{"rendered":"Juli\u00e1n Neufeld sobre el IPC de febrero: \u201chubo deflaci\u00f3n en los bienes estacionales\u201d"},"content":{"rendered":"\n<p>El Instituto Nacional de Estad\u00edstica y Censos (<strong>INDEC<\/strong>) dio a conocer el n\u00famero de la&nbsp;<strong>inflaci\u00f3n de febrero<\/strong>, el cual fue de&nbsp;<strong>2,9%<\/strong>. Al respecto, los economistas&nbsp;<strong>Juli\u00e1n Neufeld<\/strong>&nbsp;y&nbsp;<strong>Tom\u00e1s Amerio<\/strong>&nbsp;analizaron el \u00cdndice de Precios al Consumidor (IPC)y la Canasta B\u00e1sica Total (CBT), respectivamente.<\/p>\n\n\n\n<p>Seg\u00fan supo la&nbsp;<a href=\"https:\/\/es.wikipedia.org\/wiki\/Noticias_Argentinas\" target=\"_blank\" rel=\"noreferrer noopener\"><strong>Agencia Noticias Argentinas<\/strong><\/a>, forman parte de la Fundaci\u00f3n Libertad y Progreso y emitieron opini\u00f3n y datos sobre los n\u00fameros del INDEC para el segundo mes del a\u00f1o 2026.<\/p>\n\n\n\n<p>\u00bfQu\u00e9 dijeron sobre el IPC y la CBT los economistas de la Fundaci\u00f3n Libertad y Progreso?__IP__<\/p>\n\n\n\n<h4 class=\"wp-block-heading\">Juli\u00e1n Neufeld<\/h4>\n\n\n\n<p><strong>\u201cPor primera vez en los \u00faltimos ocho meses, el indicador de inflaci\u00f3n estimado por el INDEC no subi\u00f3 respecto del mes anterior, manteni\u00e9ndose en el 2,9%.<\/strong>&nbsp;A diferencia de los \u00faltimos meses, hubo deflaci\u00f3n en los bienes estacionales y fueron los bienes regulados los que impulsaron el \u00edndice hacia su resultado final, en conjunto con el rubro de alimentos y bebidas no alcoh\u00f3licas. El resultado parecer\u00eda dejar entrever el comienzo del fin del efecto adverso que tuvo sobre los precios la depreciaci\u00f3n del peso en el segundo semestre del a\u00f1o pasado.&nbsp;<strong>La desaceleraci\u00f3n de los precios deber\u00eda aparecer en la medida en que el BCRA contin\u00fae implementando una pol\u00edtica cautelosa<\/strong>, ajustando el incremento de la oferta monetaria al crecimiento de su respectiva demanda.\u201d<\/p>\n","protected":false},"excerpt":{"rendered":"<p>El Instituto Nacional de Estad\u00edstica y Censos (INDEC) dio a conocer el n\u00famero de la&nbsp;inflaci\u00f3n de febrero, el cual fue de&nbsp;2,9%. Al respecto, los economistas&nbsp;Juli\u00e1n Neufeld&nbsp;y&nbsp;Tom\u00e1s Amerio&nbsp;analizaron el \u00cdndice de&hellip; <\/p>\n","protected":false},"author":2,"featured_media":44147,"comment_status":"closed","ping_status":"closed","sticky":false,"template":"","format":"standard","meta":{"footnotes":""},"categories":[21],"tags":[],"class_list":["post-44146","post","type-post","status-publish","format-standard","has-post-thumbnail","hentry","category-economia"],"_links":{"self":[{"href":"https:\/\/eenergetica.com.ar\/index.php\/wp-json\/wp\/v2\/posts\/44146","targetHints":{"allow":["GET"]}}],"collection":[{"href":"https:\/\/eenergetica.com.ar\/index.php\/wp-json\/wp\/v2\/posts"}],"about":[{"href":"https:\/\/eenergetica.com.ar\/index.php\/wp-json\/wp\/v2\/types\/post"}],"author":[{"embeddable":true,"href":"https:\/\/eenergetica.com.ar\/index.php\/wp-json\/wp\/v2\/users\/2"}],"replies":[{"embeddable":true,"href":"https:\/\/eenergetica.com.ar\/index.php\/wp-json\/wp\/v2\/comments?post=44146"}],"version-history":[{"count":1,"href":"https:\/\/eenergetica.com.ar\/index.php\/wp-json\/wp\/v2\/posts\/44146\/revisions"}],"predecessor-version":[{"id":44148,"href":"https:\/\/eenergetica.com.ar\/index.php\/wp-json\/wp\/v2\/posts\/44146\/revisions\/44148"}],"wp:featuredmedia":[{"embeddable":true,"href":"https:\/\/eenergetica.com.ar\/index.php\/wp-json\/wp\/v2\/media\/44147"}],"wp:attachment":[{"href":"https:\/\/eenergetica.com.ar\/index.php\/wp-json\/wp\/v2\/media?parent=44146"}],"wp:term":[{"taxonomy":"category","embeddable":true,"href":"https:\/\/eenergetica.com.ar\/index.php\/wp-json\/wp\/v2\/categories?post=44146"},{"taxonomy":"post_tag","embeddable":true,"href":"https:\/\/eenergetica.com.ar\/index.php\/wp-json\/wp\/v2\/tags?post=44146"}],"curies":[{"name":"wp","href":"https:\/\/api.w.org\/{rel}","templated":true}]}}