{"id":43987,"date":"2026-03-06T08:29:21","date_gmt":"2026-03-06T11:29:21","guid":{"rendered":"http:\/\/eenergetica.com.ar\/?p=43987"},"modified":"2026-03-06T08:29:22","modified_gmt":"2026-03-06T11:29:22","slug":"la-alta-morosidad-en-tarjetas-pega-de-lleno-en-supermercados-la-anonima-libertad-y-changomas-se-achican","status":"publish","type":"post","link":"https:\/\/eenergetica.com.ar\/index.php\/2026\/03\/06\/la-alta-morosidad-en-tarjetas-pega-de-lleno-en-supermercados-la-anonima-libertad-y-changomas-se-achican\/","title":{"rendered":"La alta morosidad en tarjetas pega de lleno en supermercados: La An\u00f3nima, Libertad y Changom\u00e1s se achican"},"content":{"rendered":"\n<p>Las cadenas de supermercados&nbsp;<strong>La An\u00f3nima, Carrefour, ChangoM\u00e1s y Libertad<\/strong>&nbsp;comenzaron a&nbsp;<strong>reducir estructuras en distintas provincias,<\/strong>&nbsp;con especial incidencia en el&nbsp;<strong>interior del pa\u00eds,<\/strong>&nbsp;como respuesta a la ca\u00edda de ventas.<\/p>\n\n\n\n<p>&nbsp;<a href=\"https:\/\/noticiasargentinas.com\/economia\/una-tradicional-cadena-de-supermercados-zozobra--record-de-clientes-que-no-pagan-y-encima-dejan-de-consumir-_a698fa10cc331fb25184eb8ae\">El gerente general de la cadena patag\u00f3nica,&nbsp;<strong>Nicol\u00e1s Braun,<\/strong>&nbsp;atribuy\u00f3 la situaci\u00f3n por la que atraviesan a la&nbsp;<strong>elevada morosidad en las tarjetas con que financian el consumo<\/strong><\/a><strong>,<\/strong>&nbsp;adem\u00e1s de la&nbsp;<strong>merma del 25% en la facturaci\u00f3n.<\/strong><\/p>\n\n\n\n<p>En efecto,<strong>&nbsp;La An\u00f3nima inform\u00f3 un fuerte incremento en los niveles de incobrabilidad<\/strong>, lo que suma presi\u00f3n sobre la estructura financiera de la empresa, como publicara la&nbsp;<a href=\"https:\/\/noticiasargentinas.com\/\">Agencia Noticias Argentinas.&nbsp;<\/a><\/p>\n\n\n\n<p>El&nbsp;<strong>sector supermercadista<\/strong>&nbsp;atraviesa&nbsp;<strong>un escenario complejo marcado por la ca\u00edda sostenida de ventas y el aumento de costos operativos,<\/strong>&nbsp;lo que llev\u00f3 a varias cadenas a aplicar<strong>&nbsp;ajustes en su estructura.<\/strong><\/p>\n\n\n\n<p>Entre las firmas que avanzaron con recortes se encuentran:<br>\u25aa\ufe0f ChangoM\u00e1s<br>\u25aa\ufe0f Carrefour<br>\u25aa\ufe0f La An\u00f3nima<br>\u25aa\ufe0f Libertad<br>\u25aa\ufe0f Vea y Easy (Cencosud)<\/p>\n\n\n\n<p>En provincias como San Juan, La Pampa y Misiones se registraron despidos y reducci\u00f3n de personal.<\/p>\n\n\n\n<p>Algunas empresas tambi\u00e9n avanzaron con el cierre de sucursales y espacios comerciales.<\/p>\n\n\n\n<h3 class=\"wp-block-heading\">Sobrevivientes<\/h3>\n\n\n\n<p>Dijo el ejecutivo, miembro de la familia fundadora de La An\u00f3nima: &#8220;<strong>Hoy a los supermercados nos est\u00e1 costando much\u00edsimo ser rentables. Somos sobrevivientes.&nbsp;<\/strong>Aunque mucha gente no lo debe creer, hoy,&nbsp;<strong>como cadena que trabaja en la formalidad, es muy dif\u00edcil&#8221;<\/strong>, afirm\u00f3.<\/p>\n\n\n\n<p>\u201cCuando compar\u00e1s en t\u00e9rminos relativos contra c\u00f3mo le va a&nbsp;<strong>los supermercados en Uruguay, en Chile, en Brasil, en M\u00e9xico,<\/strong>&nbsp;en el mundo, nos va muy mal\u201d, sentenci\u00f3.<\/p>\n\n\n\n<p>Perdieron el 25% en las unidades vendidas (desde leche hasta carne), sobre todo en ciudades como Santa Rosa, donde la&nbsp;<strong>retracci\u00f3n del consumo oblig\u00f3 a la empresa a recortar 56 puestos de trabajo entre comienzos de 2024 y fines de 2025<\/strong>.<\/p>\n\n\n\n<p>Pese a la expansi\u00f3n con nuevas sucursales en localidades como&nbsp;<strong>Reconquista, Resistencia, Fern\u00e1ndez Oro y San Patricio del Cha\u00f1ar<\/strong>, su facturaci\u00f3n cay\u00f3 en el ejercicio -4,22% interanual, que atribuye al&nbsp;<strong>freno del consumo,<\/strong>&nbsp;que impact\u00f3 directamente en el negocio de supermercados, responsable del 87,39% de la facturaci\u00f3n total.<\/p>\n\n\n\n<h3 class=\"wp-block-heading\">Reorganizaci\u00f3n<\/h3>\n\n\n\n<p>Otro tanto sucedi\u00f3 con&nbsp;<strong>Carrefour,&nbsp;<\/strong>que lleva varios meses en proceso de venta de la operaci\u00f3n del grupo franc\u00e9s controlante en Argentina, inici\u00f3&nbsp;<strong>un proceso de reorganizaci\u00f3n en algunas sucursales.<\/strong><\/p>\n\n\n\n<p>Tambi\u00e9n en&nbsp;<strong>La Pampa<\/strong>, el local de la avenida Spinetto habr\u00eda proyectado reducir su planta, que originalmente contaba con<strong>&nbsp;117 empleados, a una estructura estimada de entre 60 y 70 trabajadores.<\/strong><\/p>\n\n\n\n<p>Las fuentes sindicales advirtieron que el ajuste apunta a&nbsp;<strong>reducir costos fijos y adaptar las estructuras al nuevo nivel de ventas.<\/strong>&nbsp;<\/p>\n\n\n\n<p>La estrategia se replica en varias plazas del interior, donde el consumo muestra una contracci\u00f3n sostenida.<\/p>\n\n\n\n<h3 class=\"wp-block-heading\">Libertad y ChangoM\u00e1s<\/h3>\n\n\n\n<p>Entre los supermercados<strong>&nbsp;Libertad y ChangoM\u00e1s&nbsp;<\/strong>sumaron&nbsp;<strong>50 despidos<\/strong>, desde diciembre \u00faltimo.<\/p>\n\n\n\n<p>La cadena del grupo De Narv\u00e1ez,&nbsp;<strong>uno de los oferentes mejor posicionados para quedarse con el paquete de Carrefour en el pa\u00eds,&nbsp;<\/strong>se vio afectado por la crisis que aqueja al sector supermercadista.<\/p>\n\n\n\n<p>Hubo&nbsp;<strong>once telegramas de despido en la sucursal de la capital de San Juan<\/strong>&nbsp;que le llegaron a los&nbsp;<strong>mandos jer\u00e1rquicos de esta unidad de negocios&nbsp;<\/strong>que el grupo&nbsp;<strong>adquiri\u00f3 en 2020 a Walmart, con 92 bocas de expendio.<\/strong><\/p>\n\n\n\n<p>En ambos casos los gremios provinciales est\u00e1n trabajando para ver las condiciones en que se produjeron los&nbsp;<strong>despidos,<\/strong>&nbsp;ya que no se anunci\u00f3 si se pagar\u00e1 la indemnizaci\u00f3n, ni la forma. Por eso intervinieron las autoridades laborales.<\/p>\n\n\n\n<p>Y ese es s\u00f3lo el comienzo. Seg\u00fan estimaciones de fuentes mercantiles, se viene&nbsp;<strong>un nuevo plan de ajuste<\/strong>, m\u00e1s profundo que el iniciado en mayo del 2024, que&nbsp;<strong>podr\u00eda alcanzar las 300 bajas.<\/strong><\/p>\n\n\n\n<p>En aquella oportunidad, hab\u00edan sido desafectados por lo menos<strong>&nbsp;152 empleados de 8 sucursales de todo el pa\u00eds<\/strong>, medida que se atribuy\u00f3 a&nbsp;<strong>la \u201csituaci\u00f3n econ\u00f3mica general con ca\u00edda de las ventas\u201d.&nbsp;<\/strong><\/p>\n\n\n\n<p>Por ahora, los cesanteados son personal \u201ccon poca antig\u00fcedad, que<strong>&nbsp;reci\u00e9n hab\u00edan ingresado, en especial de l\u00edneas de cajas\u201d.<\/strong><\/p>\n\n\n\n<p>Todo este personal estaba bajo convenio. En cuanto al personal jer\u00e1rquico, al estar \u201cal l\u00edmite\u201d en cuanto a la cantidad de personal, el ajuste fue limitado, aunque hubo algunas bajas.<\/p>\n\n\n\n<p>La dirigencia gremial sigue de cerca el&nbsp;<strong>avance del nuevo plan de ajuste,<\/strong>&nbsp;que va contra lo prometido al llegar el empresario al frente de la cadena.&nbsp;<\/p>\n\n\n\n<h3 class=\"wp-block-heading\">Libertad, con epicentro en C\u00f3rdoba<\/h3>\n\n\n\n<p>Otra cadena en dificultades es la del&nbsp;<strong>hipermercado Libertad,<\/strong>&nbsp;cuyas acciones pertenecen el&nbsp;<strong>Grupo Calleja, una empresa familiar de El Salvador,<\/strong>&nbsp;que lo adquiri\u00f3 en una operaci\u00f3n finalizada a principios de 2024, tras&nbsp;<strong>ser parte del grupo franc\u00e9s Casino, que vendi\u00f3 sus activos en Sudam\u00e9rica.<\/strong><\/p>\n\n\n\n<p>Hace poco&nbsp;<strong>cerr\u00f3 el Fresh Market del shopping DOT de Buenos Aires,<\/strong>&nbsp;y se encuentra en proceso de venta.<\/p>\n\n\n\n<p><strong>Grupo Libertad naci\u00f3 en 1986<\/strong>&nbsp;como una empresa familiar y tres a\u00f1os despu\u00e9s inaugur\u00f3 su primer autoservicio en Cordoba.<\/p>\n\n\n\n<p>En 1998, los empresarios&nbsp;<strong>Tati Bugliotti y Miguel de Biasi<\/strong>&nbsp;-hoy due\u00f1o de la marca de bebidas Pritty- vendieron la cadena al&nbsp;<strong>grupo franc\u00e9s Casino.<\/strong>__IP__<\/p>\n\n\n\n<p>En 2015, la operaci\u00f3n argentina pas\u00f3 a ser gestionada por&nbsp;<strong>\u00c9xito, la filial colombiana de Casino,&nbsp;<\/strong>consolidando un bloque regional que integraba activos en varios pa\u00edses.&nbsp;<\/p>\n\n\n\n<p><a href=\"https:\/\/noticiasargentinas.com\/-agenciana_t6916e70a4551e78eb9423f59\">#AgenciaNA<\/a>&nbsp;<\/p>\n","protected":false},"excerpt":{"rendered":"<p>Las cadenas de supermercados&nbsp;La An\u00f3nima, Carrefour, ChangoM\u00e1s y Libertad&nbsp;comenzaron a&nbsp;reducir estructuras en distintas provincias,&nbsp;con especial incidencia en el&nbsp;interior del pa\u00eds,&nbsp;como respuesta a la ca\u00edda de ventas. &nbsp;El gerente general de&hellip; <\/p>\n","protected":false},"author":2,"featured_media":43988,"comment_status":"closed","ping_status":"closed","sticky":false,"template":"","format":"standard","meta":{"footnotes":""},"categories":[28,24],"tags":[],"class_list":["post-43987","post","type-post","status-publish","format-standard","has-post-thumbnail","hentry","category-destacada","category-provincia"],"_links":{"self":[{"href":"https:\/\/eenergetica.com.ar\/index.php\/wp-json\/wp\/v2\/posts\/43987","targetHints":{"allow":["GET"]}}],"collection":[{"href":"https:\/\/eenergetica.com.ar\/index.php\/wp-json\/wp\/v2\/posts"}],"about":[{"href":"https:\/\/eenergetica.com.ar\/index.php\/wp-json\/wp\/v2\/types\/post"}],"author":[{"embeddable":true,"href":"https:\/\/eenergetica.com.ar\/index.php\/wp-json\/wp\/v2\/users\/2"}],"replies":[{"embeddable":true,"href":"https:\/\/eenergetica.com.ar\/index.php\/wp-json\/wp\/v2\/comments?post=43987"}],"version-history":[{"count":1,"href":"https:\/\/eenergetica.com.ar\/index.php\/wp-json\/wp\/v2\/posts\/43987\/revisions"}],"predecessor-version":[{"id":43989,"href":"https:\/\/eenergetica.com.ar\/index.php\/wp-json\/wp\/v2\/posts\/43987\/revisions\/43989"}],"wp:featuredmedia":[{"embeddable":true,"href":"https:\/\/eenergetica.com.ar\/index.php\/wp-json\/wp\/v2\/media\/43988"}],"wp:attachment":[{"href":"https:\/\/eenergetica.com.ar\/index.php\/wp-json\/wp\/v2\/media?parent=43987"}],"wp:term":[{"taxonomy":"category","embeddable":true,"href":"https:\/\/eenergetica.com.ar\/index.php\/wp-json\/wp\/v2\/categories?post=43987"},{"taxonomy":"post_tag","embeddable":true,"href":"https:\/\/eenergetica.com.ar\/index.php\/wp-json\/wp\/v2\/tags?post=43987"}],"curies":[{"name":"wp","href":"https:\/\/api.w.org\/{rel}","templated":true}]}}