{"id":43975,"date":"2026-03-06T08:20:15","date_gmt":"2026-03-06T11:20:15","guid":{"rendered":"http:\/\/eenergetica.com.ar\/?p=43975"},"modified":"2026-03-06T08:20:16","modified_gmt":"2026-03-06T11:20:16","slug":"reforma-laboral-los-cambios-que-afectan-al-trabajador-y-que-el-gobierno-reglamento","status":"publish","type":"post","link":"https:\/\/eenergetica.com.ar\/index.php\/2026\/03\/06\/reforma-laboral-los-cambios-que-afectan-al-trabajador-y-que-el-gobierno-reglamento\/","title":{"rendered":"Reforma laboral: los cambios que afectan al trabajador y que el Gobierno reglament\u00f3"},"content":{"rendered":"\n<p>La Reforma Laboral impactar\u00e1 de lleno en las relaciones laborales, ya que introducir\u00e1 cambios en las vacaciones, horas extras, negociaciones colectivas y derecho de huelga.<\/p>\n\n\n\n<h4 class=\"wp-block-heading\"><strong>Vacaciones<\/strong><\/h4>\n\n\n\n<p>Los vacaciones se otorgar\u00e1n entre &nbsp;1 de octubre y el 30 de abril del a\u00f1o siguiente, pero podr\u00e1n no otorgarse en el verano ya que establece que 1 vez cada 3 a\u00f1os le corresponder\u00e1 al empleado en la temporada estival. Se podr\u00e1n fraccionar en plazos no menores a 7 d\u00edas..<\/p>\n\n\n\n<h4 class=\"wp-block-heading\"><strong>Banco de horas<\/strong><\/h4>\n\n\n\n<p>Las empresas no tendr\u00e1n obligaci\u00f3n de pagar a los empleados horas extras ya que habr\u00e1 un sistema de compensaci\u00f3n. Si un trabajador trabaja 12 horas en lugar de 8, se le podr\u00e1 dar 4 horas a compensar.<\/p>\n\n\n\n<p>La jornada m\u00e1xima ser\u00e1 de 12 horas (con 12 horas obligatorias de descanso) y esa extensi\u00f3n laboral ser\u00e1 compensada con la reducci\u00f3n de la jornada en otra fecha del calendario.<\/p>\n\n\n\n<h4 class=\"wp-block-heading\"><strong>Despidos<\/strong><\/h4>\n\n\n\n<p>Los despidos ser\u00e1n mas econ\u00f3micos para las empresas ya que no se computar\u00e1 el aguinaldo, vacaciones o premios, y solo se har\u00e1 en base al salario b\u00e1sico, y se tomar\u00e1 como base el salario promedio de la actividad.<\/p>\n\n\n\n<p>Las indemnizaciones se podr\u00e1n pagar en 12 cuotas en las empresas grandes y 18 en las pymes.<\/p>\n\n\n\n<h4 class=\"wp-block-heading\"><strong>Sentencias judiciales<\/strong><\/h4>\n\n\n\n<p>Las sentencias se pagar\u00e1n hasta 6 cuotas (12 cuotas en Pymes) mensuales consecutivas, ajustadas por el \u00cdndice de Precios al Consumidor (IPC) y una tasa de inter\u00e9s del 3% anual.<\/p>\n\n\n\n<p>La determinaci\u00f3n de los montos, de esta manera, ya que depender\u00e1 de la interpretaci\u00f3n de un juez.<\/p>\n\n\n\n<h4 class=\"wp-block-heading\"><strong>Sindicatos<\/strong><\/h4>\n\n\n\n<p>Se mantendr\u00e1 el aporte que le descuentan a los trabajadores para el sindicato con un tope del 2%, y el empleador se mantendr\u00e1 como agente de retenci\u00f3n como exig\u00eda la CGT.<\/p>\n\n\n\n<p>Las Asambleas requerir\u00e1n el aval de los empleadores y los sindicalistas solo tendr\u00e1n 10 d\u00edas al mes para desarrollar sus tareas en horario de trabajo.<\/p>\n\n\n\n<h4 class=\"wp-block-heading\"><strong>Ultraactividad<\/strong><\/h4>\n\n\n\n<p><strong>Los convenios colectivos con plazo vencido no mantendr\u00e1n sus efectos en el transcurso de tiempo hasta la firma de un nuevo<\/strong>&nbsp;acuerdo colectivo.&nbsp;<\/p>\n\n\n\n<p>Solo quedar\u00e1n vigente las normas referidas a las condiciones trabajo.<\/p>\n\n\n\n<h4 class=\"wp-block-heading\"><strong>Salario \u201cdin\u00e1mico\u201d<\/strong><\/h4>\n\n\n\n<p>Se permitir\u00e1 en la negociaci\u00f3n colectiva de actividad, rama, regi\u00f3n, acuerdo de empresa y\/o mediante acuerdo individual o decisi\u00f3n unilateral del empleador, incorporarse por encima de los salarios, otros componentes retributivos din\u00e1micos adicionales, transitorios, fijos o variables.<\/p>\n\n\n\n<h4 class=\"wp-block-heading\"><strong>Derecho a huelga<\/strong><\/h4>\n\n\n\n<p>Se restringe el derecho a huelga al declararse determinadas actividades como &#8220;servicios esenciales&#8221; (con la obligaci\u00f3n de garantizar una cobertura m\u00ednima del 75%) y \u201cservicios trascendentales\u201d (con la obligaci\u00f3n de garantizar una cobertura m\u00ednima del 50%).<\/p>\n\n\n\n<p>Servicios Esenciales<\/p>\n\n\n\n<p>Salud<\/p>\n\n\n\n<p>Educaci\u00f3n<\/p>\n\n\n\n<p>Agua Potable<\/p>\n\n\n\n<p>Energ\u00eda y gas<\/p>\n\n\n\n<p>transporte de caudales<\/p>\n\n\n\n<p>cuidados de menores<\/p>\n\n\n\n<p>SERVICIOS TRASCENDENTALES<\/p>\n\n\n\n<p>-Industria de medicamentos<\/p>\n\n\n\n<p>Insumos Hospitalarios<\/p>\n\n\n\n<p>Transporte de pasajeros&nbsp;<\/p>\n\n\n\n<p>Radio y Televisi\u00f3n<\/p>\n\n\n\n<p>Industria sider\u00fargica, aluminio, cementera o cualquier producci\u00f3n que no tenga interrupciones; y alimentaci\u00f3n.<\/p>\n\n\n\n<h4 class=\"wp-block-heading\">Bloqueos<\/h4>\n\n\n\n<p>Ser\u00e1n consideradas&nbsp;<strong>&#8220;infracciones muy graves&#8221;<\/strong>&nbsp;cuando se cumpla alguna de las siguientes hip\u00f3tesis:__IP__<\/p>\n\n\n\n<p>a. afectar la libertad de trabajo de quienes no adhieran a una medida de fuerza mediante actos y\/o hechos y\/o intimidaciones o amenazas;&nbsp;<\/p>\n\n\n\n<p><a href=\"https:\/\/noticiasargentinas.com\/-agenciana_t6916e70a4551e78eb9423f59\">#AgenciaNA<\/a>&nbsp;<\/p>\n","protected":false},"excerpt":{"rendered":"<p>La Reforma Laboral impactar\u00e1 de lleno en las relaciones laborales, ya que introducir\u00e1 cambios en las vacaciones, horas extras, negociaciones colectivas y derecho de huelga. Vacaciones Los vacaciones se otorgar\u00e1n&hellip; <\/p>\n","protected":false},"author":2,"featured_media":43976,"comment_status":"closed","ping_status":"closed","sticky":false,"template":"","format":"standard","meta":{"footnotes":""},"categories":[20],"tags":[],"class_list":["post-43975","post","type-post","status-publish","format-standard","has-post-thumbnail","hentry","category-politica"],"_links":{"self":[{"href":"https:\/\/eenergetica.com.ar\/index.php\/wp-json\/wp\/v2\/posts\/43975","targetHints":{"allow":["GET"]}}],"collection":[{"href":"https:\/\/eenergetica.com.ar\/index.php\/wp-json\/wp\/v2\/posts"}],"about":[{"href":"https:\/\/eenergetica.com.ar\/index.php\/wp-json\/wp\/v2\/types\/post"}],"author":[{"embeddable":true,"href":"https:\/\/eenergetica.com.ar\/index.php\/wp-json\/wp\/v2\/users\/2"}],"replies":[{"embeddable":true,"href":"https:\/\/eenergetica.com.ar\/index.php\/wp-json\/wp\/v2\/comments?post=43975"}],"version-history":[{"count":1,"href":"https:\/\/eenergetica.com.ar\/index.php\/wp-json\/wp\/v2\/posts\/43975\/revisions"}],"predecessor-version":[{"id":43977,"href":"https:\/\/eenergetica.com.ar\/index.php\/wp-json\/wp\/v2\/posts\/43975\/revisions\/43977"}],"wp:featuredmedia":[{"embeddable":true,"href":"https:\/\/eenergetica.com.ar\/index.php\/wp-json\/wp\/v2\/media\/43976"}],"wp:attachment":[{"href":"https:\/\/eenergetica.com.ar\/index.php\/wp-json\/wp\/v2\/media?parent=43975"}],"wp:term":[{"taxonomy":"category","embeddable":true,"href":"https:\/\/eenergetica.com.ar\/index.php\/wp-json\/wp\/v2\/categories?post=43975"},{"taxonomy":"post_tag","embeddable":true,"href":"https:\/\/eenergetica.com.ar\/index.php\/wp-json\/wp\/v2\/tags?post=43975"}],"curies":[{"name":"wp","href":"https:\/\/api.w.org\/{rel}","templated":true}]}}