{"id":43386,"date":"2026-02-04T16:37:04","date_gmt":"2026-02-04T19:37:04","guid":{"rendered":"http:\/\/eenergetica.com.ar\/?p=43386"},"modified":"2026-02-04T16:37:05","modified_gmt":"2026-02-04T19:37:05","slug":"aumento-el-subte-y-trasladarse-en-la-ciudad-es-casi-100-mas-caro-desde-febrero","status":"publish","type":"post","link":"https:\/\/eenergetica.com.ar\/index.php\/2026\/02\/04\/aumento-el-subte-y-trasladarse-en-la-ciudad-es-casi-100-mas-caro-desde-febrero\/","title":{"rendered":"Aument\u00f3 el subte y trasladarse en la Ciudad es casi $100 m\u00e1s caro desde febrero"},"content":{"rendered":"\n<p>El segundo mes del a\u00f1o 2026 se puso en marcha y los aumentos en los diferentes rubros acompa\u00f1an el inicio. Uno de ellos, importante para los vecinos de la&nbsp;<strong>Ciudad Aut\u00f3noma de Buenos Aires (CABA),<\/strong>&nbsp;es el transporte p\u00fablico de pasajeros que volvi\u00f3 a subir desde el domingo 1\u00b0 de febrero.&nbsp;<\/p>\n\n\n\n<p>Seg\u00fan supo la&nbsp;<a rel=\"noreferrer noopener\" href=\"https:\/\/es.wikipedia.org\/wiki\/Noticias_Argentinas\" target=\"_blank\"><strong>Agencia Noticias Argentinas<\/strong><\/a>,&nbsp;<strong>el aumento en el transporte p\u00fablico de pasajeros no solo se vio modificado en CABA sino tambi\u00e9n en la provincia de Buenos Aires<\/strong>, deprimiendo el bolsillo de millones de personas que cada d\u00eda toman trenes, colectivos, premetro y subte en toda el \u00c1rea Metropolitana de Buenos Aires (AMBA).&nbsp;<\/p>\n\n\n\n<p>Pero no es el \u00fanico, ya que&nbsp;<strong>el ajuste del&nbsp;<\/strong><a href=\"https:\/\/noticiasargentinas.com\/interes-general\/viajar-gratis-en-enero-2026--que-bancos-y-apps-ofrecen-reintegros-del-100--en-subte-y-colectivo_a697b8c36cbf033dd99a47c19\"><strong>subte<\/strong><\/a><strong>&nbsp;y los colectivos se suman a otros incrementos del mes<\/strong>&nbsp;y complican a\u00fan m\u00e1s a los ciudadanos de a pie, haciendo m\u00e1s grandes sus gastos cotidianos.<\/p>\n","protected":false},"excerpt":{"rendered":"<p>El segundo mes del a\u00f1o 2026 se puso en marcha y los aumentos en los diferentes rubros acompa\u00f1an el inicio. Uno de ellos, importante para los vecinos de la&nbsp;Ciudad Aut\u00f3noma&hellip; <\/p>\n","protected":false},"author":2,"featured_media":43387,"comment_status":"closed","ping_status":"closed","sticky":false,"template":"","format":"standard","meta":{"footnotes":""},"categories":[21],"tags":[],"class_list":["post-43386","post","type-post","status-publish","format-standard","has-post-thumbnail","hentry","category-economia"],"_links":{"self":[{"href":"https:\/\/eenergetica.com.ar\/index.php\/wp-json\/wp\/v2\/posts\/43386","targetHints":{"allow":["GET"]}}],"collection":[{"href":"https:\/\/eenergetica.com.ar\/index.php\/wp-json\/wp\/v2\/posts"}],"about":[{"href":"https:\/\/eenergetica.com.ar\/index.php\/wp-json\/wp\/v2\/types\/post"}],"author":[{"embeddable":true,"href":"https:\/\/eenergetica.com.ar\/index.php\/wp-json\/wp\/v2\/users\/2"}],"replies":[{"embeddable":true,"href":"https:\/\/eenergetica.com.ar\/index.php\/wp-json\/wp\/v2\/comments?post=43386"}],"version-history":[{"count":1,"href":"https:\/\/eenergetica.com.ar\/index.php\/wp-json\/wp\/v2\/posts\/43386\/revisions"}],"predecessor-version":[{"id":43388,"href":"https:\/\/eenergetica.com.ar\/index.php\/wp-json\/wp\/v2\/posts\/43386\/revisions\/43388"}],"wp:featuredmedia":[{"embeddable":true,"href":"https:\/\/eenergetica.com.ar\/index.php\/wp-json\/wp\/v2\/media\/43387"}],"wp:attachment":[{"href":"https:\/\/eenergetica.com.ar\/index.php\/wp-json\/wp\/v2\/media?parent=43386"}],"wp:term":[{"taxonomy":"category","embeddable":true,"href":"https:\/\/eenergetica.com.ar\/index.php\/wp-json\/wp\/v2\/categories?post=43386"},{"taxonomy":"post_tag","embeddable":true,"href":"https:\/\/eenergetica.com.ar\/index.php\/wp-json\/wp\/v2\/tags?post=43386"}],"curies":[{"name":"wp","href":"https:\/\/api.w.org\/{rel}","templated":true}]}}