{"id":43194,"date":"2026-01-27T08:07:36","date_gmt":"2026-01-27T11:07:36","guid":{"rendered":"http:\/\/eenergetica.com.ar\/?p=43194"},"modified":"2026-01-27T08:07:36","modified_gmt":"2026-01-27T11:07:36","slug":"el-gobierno-emitio-un-dnu-que-permite-a-militares-en-actividad-ocupar-cargos-en-el-ministerio-de-defensa","status":"publish","type":"post","link":"https:\/\/eenergetica.com.ar\/index.php\/2026\/01\/27\/el-gobierno-emitio-un-dnu-que-permite-a-militares-en-actividad-ocupar-cargos-en-el-ministerio-de-defensa\/","title":{"rendered":"El Gobierno emiti\u00f3 un DNU que permite a militares en actividad ocupar cargos en el Ministerio de Defensa"},"content":{"rendered":"\n<p><strong>El Gobierno modific\u00f3 la Ley 19.101 para habilitar al personal de las Fuerzas Armadas en actividad para cumplir funciones en el Ministerio de Defensa sin pasar a situaci\u00f3n de disponibilidad.<\/strong><\/p>\n\n\n\n<p>\u201c<strong>Esta decisi\u00f3n permite que el Ministerio cuente con los cuadros m\u00e1s calificados para la gesti\u00f3n de la defensa nacional, sin afectar la carrera profesional del personal militar\u201d,<\/strong>&nbsp;inform\u00f3 la cartera militar en un &nbsp;comunicado.<\/p>\n\n\n\n<p>\u201cHasta ahora, el pase a disponibilidad implicaba que el tiempo de servicio en el Ministerio no computara como servicio efectivo, lo que desalentaba la incorporaci\u00f3n de oficiales y suboficiales con experiencia y conocimiento especializado en funciones clave\u201d, se indic\u00f3 en el texto.<\/p>\n\n\n\n<p>La urgencia de la medida, instrumentada este lunes a trav\u00e9s de un DNU, responde a \u201cla necesidad operativa de cubrir puestos estrat\u00e9gicos con personal id\u00f3neo en \u00e1reas donde el conocimiento profesional acumulado es determinante\u201d.&nbsp;<\/p>\n\n\n\n<p>\u201cLa formaci\u00f3n y experiencia propias de la carrera militar resultan esenciales para la planificaci\u00f3n y conducci\u00f3n de la defensa nacional\u201d, indic\u00f3 a trav\u00e9s de un comunicado la cartera a cargo de&nbsp;<strong>Carlos Presti.<\/strong><\/p>\n\n\n\n<h2 class=\"wp-block-heading\"><strong>El DNU<\/strong><\/h2>\n\n\n\n<p>El decreto de necesidad y urgencia \u201cse inscribe en una pol\u00edtica de integraci\u00f3n entre personal civil y personal militar en actividad dentro del Ministerio, fortaleciendo la conducci\u00f3n del sistema de defensa\u201d.__IP__<\/p>\n\n\n\n<p>\u201cAsimismo,<strong>&nbsp;corrige una restricci\u00f3n que afectaba el principio de igualdad ante la ley<\/strong>, al limitar el acceso del personal militar a funciones para las que resulta plenamente id\u00f3neo\u201d, se agreg\u00f3.<\/p>\n\n\n\n<p><strong>La modificaci\u00f3n no introduce privilegios ni altera los aspectos sustanciales de la carrera militar y no ser\u00e1 aplicable a oficiales&nbsp;<\/strong>que hayan alcanzado los grados de teniente general, almirante o brigadier general, ni a quienes se hayan desempe\u00f1ado como jefe del Estado Mayor Conjunto o jefes de los Estados Mayores Generales de las Fuerzas Armadas, por tratarse de instancias que representan la culminaci\u00f3n de la carrera militar.&nbsp;<a href=\"https:\/\/noticiasargentinas.com\/-agenciana_t6916e70a4551e78eb9423f59\">#AgenciaNA<\/a>&nbsp;<\/p>\n","protected":false},"excerpt":{"rendered":"<p>El Gobierno modific\u00f3 la Ley 19.101 para habilitar al personal de las Fuerzas Armadas en actividad para cumplir funciones en el Ministerio de Defensa sin pasar a situaci\u00f3n de disponibilidad.&hellip; <\/p>\n","protected":false},"author":2,"featured_media":43195,"comment_status":"closed","ping_status":"closed","sticky":false,"template":"","format":"standard","meta":{"footnotes":""},"categories":[20],"tags":[],"class_list":["post-43194","post","type-post","status-publish","format-standard","has-post-thumbnail","hentry","category-politica"],"_links":{"self":[{"href":"https:\/\/eenergetica.com.ar\/index.php\/wp-json\/wp\/v2\/posts\/43194","targetHints":{"allow":["GET"]}}],"collection":[{"href":"https:\/\/eenergetica.com.ar\/index.php\/wp-json\/wp\/v2\/posts"}],"about":[{"href":"https:\/\/eenergetica.com.ar\/index.php\/wp-json\/wp\/v2\/types\/post"}],"author":[{"embeddable":true,"href":"https:\/\/eenergetica.com.ar\/index.php\/wp-json\/wp\/v2\/users\/2"}],"replies":[{"embeddable":true,"href":"https:\/\/eenergetica.com.ar\/index.php\/wp-json\/wp\/v2\/comments?post=43194"}],"version-history":[{"count":1,"href":"https:\/\/eenergetica.com.ar\/index.php\/wp-json\/wp\/v2\/posts\/43194\/revisions"}],"predecessor-version":[{"id":43196,"href":"https:\/\/eenergetica.com.ar\/index.php\/wp-json\/wp\/v2\/posts\/43194\/revisions\/43196"}],"wp:featuredmedia":[{"embeddable":true,"href":"https:\/\/eenergetica.com.ar\/index.php\/wp-json\/wp\/v2\/media\/43195"}],"wp:attachment":[{"href":"https:\/\/eenergetica.com.ar\/index.php\/wp-json\/wp\/v2\/media?parent=43194"}],"wp:term":[{"taxonomy":"category","embeddable":true,"href":"https:\/\/eenergetica.com.ar\/index.php\/wp-json\/wp\/v2\/categories?post=43194"},{"taxonomy":"post_tag","embeddable":true,"href":"https:\/\/eenergetica.com.ar\/index.php\/wp-json\/wp\/v2\/tags?post=43194"}],"curies":[{"name":"wp","href":"https:\/\/api.w.org\/{rel}","templated":true}]}}