{"id":43135,"date":"2026-01-23T13:33:09","date_gmt":"2026-01-23T16:33:09","guid":{"rendered":"https:\/\/eenergetica.com.ar\/?p=43135"},"modified":"2026-01-23T13:33:10","modified_gmt":"2026-01-23T16:33:10","slug":"cuando-brochero-convoca-fe-descanso-y-tradicion-en-el-corazon-de-las-sierras","status":"publish","type":"post","link":"https:\/\/eenergetica.com.ar\/index.php\/2026\/01\/23\/cuando-brochero-convoca-fe-descanso-y-tradicion-en-el-corazon-de-las-sierras\/","title":{"rendered":"Cuando Brochero convoca: fe, descanso y tradici\u00f3n en el coraz\u00f3n de las sierras"},"content":{"rendered":"\n<p>En el coraz\u00f3n de Traslasierra, la&nbsp;<strong>Semana Brocheriana<\/strong>&nbsp;vuelve a convocar a multitudes que llegan movidas por la fe, la tradici\u00f3n y el deseo de encuentro. M\u00e1s de 3.000 personas caminan cada a\u00f1o detr\u00e1s de la figura del&nbsp;<strong>Cura Brochero<\/strong>, que para muchos ya no es s\u00f3lo un referente religioso, sino tambi\u00e9n un s\u00edmbolo cultural y parte esencial de la identidad serrana.<\/p>\n\n\n\n<p>As\u00ed lo expres\u00f3<strong>&nbsp;Pablo Lasala,&nbsp;<\/strong>di\u00e1cono transitorio en Cruz del Eje, al se\u00f1alar que la Semana Brocheriana es, en s\u00ed misma, profundamente emotiva. &#8220;Son muchos a\u00f1os, una tradici\u00f3n enorme de que familias vengan en este tiempo a honrar al Cura Brochero&#8221;, cont\u00f3 en di\u00e1logo con&nbsp;<strong>AICA<\/strong>.<\/p>\n\n\n\n<p>Dentro de esos d\u00edas intensos, destac\u00f3 especialmente los momentos cercanos al 26 de enero, cuando se realiza la procesi\u00f3n de antorchas en la noche del 25 y la peregrinaci\u00f3n hasta la casa museo donde Brochero muri\u00f3. &#8220;Volver a conectar con esa piecita donde \u00e9l falleci\u00f3 es un momento espiritual muy fuerte&#8221;, asegur\u00f3.<\/p>\n\n\n\n<p>Lasala destac\u00f3 que, aunque la Semana Brocheriana es el punto m\u00e1s visible, el trabajo pastoral en Villa Cura Brochero se sostiene durante todo el a\u00f1o. Novenas, peregrinaciones y aniversarios mantienen una actividad constante que involucra a la comunidad del santuario y a numerosos equipos de servicio.<\/p>\n\n\n\n<p>El di\u00e1cono puso de relieve el papel de las servidoras que llegan desde otros lugares: personas que comenzaron como turistas, luego peregrinas y actualmente colaboran activamente en distintas tareas, desde la atenci\u00f3n a los fieles hasta la preparaci\u00f3n de estampas y alimentos.<\/p>\n","protected":false},"excerpt":{"rendered":"<p>En el coraz\u00f3n de Traslasierra, la&nbsp;Semana Brocheriana&nbsp;vuelve a convocar a multitudes que llegan movidas por la fe, la tradici\u00f3n y el deseo de encuentro. M\u00e1s de 3.000 personas caminan cada&hellip; <\/p>\n","protected":false},"author":2,"featured_media":43136,"comment_status":"closed","ping_status":"closed","sticky":false,"template":"","format":"standard","meta":{"footnotes":""},"categories":[22],"tags":[],"class_list":["post-43135","post","type-post","status-publish","format-standard","has-post-thumbnail","hentry","category-sociedad"],"_links":{"self":[{"href":"https:\/\/eenergetica.com.ar\/index.php\/wp-json\/wp\/v2\/posts\/43135","targetHints":{"allow":["GET"]}}],"collection":[{"href":"https:\/\/eenergetica.com.ar\/index.php\/wp-json\/wp\/v2\/posts"}],"about":[{"href":"https:\/\/eenergetica.com.ar\/index.php\/wp-json\/wp\/v2\/types\/post"}],"author":[{"embeddable":true,"href":"https:\/\/eenergetica.com.ar\/index.php\/wp-json\/wp\/v2\/users\/2"}],"replies":[{"embeddable":true,"href":"https:\/\/eenergetica.com.ar\/index.php\/wp-json\/wp\/v2\/comments?post=43135"}],"version-history":[{"count":1,"href":"https:\/\/eenergetica.com.ar\/index.php\/wp-json\/wp\/v2\/posts\/43135\/revisions"}],"predecessor-version":[{"id":43137,"href":"https:\/\/eenergetica.com.ar\/index.php\/wp-json\/wp\/v2\/posts\/43135\/revisions\/43137"}],"wp:featuredmedia":[{"embeddable":true,"href":"https:\/\/eenergetica.com.ar\/index.php\/wp-json\/wp\/v2\/media\/43136"}],"wp:attachment":[{"href":"https:\/\/eenergetica.com.ar\/index.php\/wp-json\/wp\/v2\/media?parent=43135"}],"wp:term":[{"taxonomy":"category","embeddable":true,"href":"https:\/\/eenergetica.com.ar\/index.php\/wp-json\/wp\/v2\/categories?post=43135"},{"taxonomy":"post_tag","embeddable":true,"href":"https:\/\/eenergetica.com.ar\/index.php\/wp-json\/wp\/v2\/tags?post=43135"}],"curies":[{"name":"wp","href":"https:\/\/api.w.org\/{rel}","templated":true}]}}