{"id":43125,"date":"2026-01-22T11:01:41","date_gmt":"2026-01-22T14:01:41","guid":{"rendered":"http:\/\/eenergetica.com.ar\/?p=43125"},"modified":"2026-01-22T11:01:41","modified_gmt":"2026-01-22T14:01:41","slug":"javier-milei-tenemos-esperanza-de-que-nahuel-gallo-pueda-estar-nuevamente-en-la-argentina","status":"publish","type":"post","link":"https:\/\/eenergetica.com.ar\/index.php\/2026\/01\/22\/javier-milei-tenemos-esperanza-de-que-nahuel-gallo-pueda-estar-nuevamente-en-la-argentina\/","title":{"rendered":"Javier Milei: \u201cTenemos esperanza de que Nahuel Gallo pueda estar nuevamente en la Argentina\u201d"},"content":{"rendered":"\n<p>El presidente&nbsp;<strong>Javier Milei&nbsp;<\/strong>se mostr\u00f3 optimista por las negociaciones que emprende Estados Unidos por los presos pol\u00edticos argentinos en Venezuela y confes\u00f3 que mantiene la esperanza por la liberaci\u00f3n del gendarme Nahuel Gallo.&nbsp;<\/p>\n\n\n\n<p>\u201cEstamos particularmente preocupados por la situaci\u00f3n de Nahuel Gallo, pero en la medida en la que vemos c\u00f3mo evoluciona positivamente la situaci\u00f3n tenemos esperanza de que Nahuel pueda volver a estar con nosotros en la Argentina\u201d, cont\u00f3 en declaraciones a la agencia Bloomberg desde Suiza.&nbsp;<\/p>\n\n\n\n<p>Seg\u00fan supo la&nbsp;<a rel=\"noreferrer noopener\" href=\"https:\/\/es.wikipedia.org\/wiki\/Noticias_Argentinas\" target=\"_blank\">Agencia Noticias Argentinas<\/a>, la administraci\u00f3n libertaria deleg\u00f3 la tarea negociadora a Estados Unidos, pa\u00eds que reclam\u00f3 en las \u00faltimas horas la liberaci\u00f3n de los detenidos, en especial de los argentinos.&nbsp;<\/p>\n\n\n\n<p>Asimismo, el Presidente destac\u00f3 lo que calific\u00f3 como \u201cla enorme tarea\u201d de su par de Estados Unidos, Donald Trump, y del secretario de Estado, Marco Rubio, en Venezuela y defini\u00f3 a Nicol\u00e1s Maduro como \u201cnarco tirano, dictador, asesino\u201d que se dedicaba a \u201cpropagar el terrorismo por toda la regi\u00f3n\u201d.<\/p>\n\n\n\n<p>\u201cMuy adecuado el plan que ha dise\u00f1ado el gobierno de Estados Unidos, que tiene tres etapas:&nbsp;<strong>la primera, estabilizaci\u00f3n; la reconstrucci\u00f3n y despu\u00e9s iniciar\u00e1 la transici\u00f3n hacia la democracia\u201d<\/strong>, describi\u00f3 el libertario, y sum\u00f3: \u201cNo ser\u00eda posible hacerlo de otra manera a como lo est\u00e1n haciendo ahora. El trabajo que est\u00e1 haciendo Estados Unidos es excelente.<strong>&nbsp;Est\u00e1 dando resultado. Se est\u00e1n liberando a los distintos presos pol\u00edticos\u201d.<\/strong><\/p>\n\n\n\n<p>Por su parte, plante\u00f3 que considera que lo que queda del r\u00e9gimen chavista en Venezuela fracasar\u00e1 y reiter\u00f3 que los planes de Estados Unidos representan \u201clo que se puede hacer en este momento\u201d. \u201cYa habr\u00e1 lugar, despu\u00e9s de la reconstrucci\u00f3n, para la transici\u00f3n democr\u00e1tica y se ver\u00e1 c\u00f3mo se va a avanzar\u201d, sostuvo.<\/p>\n\n\n\n<p>Desde Suiza, Javier Milei remarc\u00f3 su aprecio y valoraci\u00f3n a la l\u00edder de la oposici\u00f3n venezolana,&nbsp;<strong>Mar\u00eda Corina Machado<\/strong>, a la que defini\u00f3 como \u201cuna amiga y gran defensora de la libertad\u201d, y con quien admiti\u00f3 que mantiene contacto, pero no se priv\u00f3 de reafirmar su alineamiento con Trump. \u201cAl margen del aprecio y la valoraci\u00f3n que tengo de Mar\u00eda Corina, una amiga y gran defensora de la libertad, se necesita que este procedimiento sea exitoso. No sea cosa que por apurarse se terminen retrocediendo\u201d, concluy\u00f3.__IP__<\/p>\n\n\n\n<p>Por otra parte, insisti\u00f3 en destacar el v\u00ednculo comercial de la Argentina con China, y remarc\u00f3 su alineamiento ideol\u00f3gico con Estados Unidos. \u201cEstados Unidos comercializa con China. Para nosotros es un gran socio comercial e implica un mont\u00f3n de oportunidades para expandir mercados, eso no est\u00e1 en conflicto\u201d, afirm\u00f3, y complet\u00f3:&nbsp;<strong>\u201cCuando llega el momento geopol\u00edtico, no hay dudas d\u00f3nde est\u00e1 Argentina. Estados Unidos no lo tiene\u201d<\/strong>.<\/p>\n\n\n\n<p><strong>\u201cMi plan es abrirme a la Uni\u00f3n Europea, a China, a Estados Unidos. Quiero una econom\u00eda abierta y hacer de Argentina un pa\u00eds m\u00e1s abierto\u201d<\/strong>, concluy\u00f3.&nbsp;<a href=\"https:\/\/noticiasargentinas.com\/-agenciana_t6916e70a4551e78eb9423f59\">#AgenciaNA<\/a>&nbsp;<\/p>\n","protected":false},"excerpt":{"rendered":"<p>El presidente&nbsp;Javier Milei&nbsp;se mostr\u00f3 optimista por las negociaciones que emprende Estados Unidos por los presos pol\u00edticos argentinos en Venezuela y confes\u00f3 que mantiene la esperanza por la liberaci\u00f3n del gendarme&hellip; <\/p>\n","protected":false},"author":2,"featured_media":43126,"comment_status":"closed","ping_status":"closed","sticky":false,"template":"","format":"standard","meta":{"footnotes":""},"categories":[20],"tags":[],"class_list":["post-43125","post","type-post","status-publish","format-standard","has-post-thumbnail","hentry","category-politica"],"_links":{"self":[{"href":"https:\/\/eenergetica.com.ar\/index.php\/wp-json\/wp\/v2\/posts\/43125","targetHints":{"allow":["GET"]}}],"collection":[{"href":"https:\/\/eenergetica.com.ar\/index.php\/wp-json\/wp\/v2\/posts"}],"about":[{"href":"https:\/\/eenergetica.com.ar\/index.php\/wp-json\/wp\/v2\/types\/post"}],"author":[{"embeddable":true,"href":"https:\/\/eenergetica.com.ar\/index.php\/wp-json\/wp\/v2\/users\/2"}],"replies":[{"embeddable":true,"href":"https:\/\/eenergetica.com.ar\/index.php\/wp-json\/wp\/v2\/comments?post=43125"}],"version-history":[{"count":1,"href":"https:\/\/eenergetica.com.ar\/index.php\/wp-json\/wp\/v2\/posts\/43125\/revisions"}],"predecessor-version":[{"id":43127,"href":"https:\/\/eenergetica.com.ar\/index.php\/wp-json\/wp\/v2\/posts\/43125\/revisions\/43127"}],"wp:featuredmedia":[{"embeddable":true,"href":"https:\/\/eenergetica.com.ar\/index.php\/wp-json\/wp\/v2\/media\/43126"}],"wp:attachment":[{"href":"https:\/\/eenergetica.com.ar\/index.php\/wp-json\/wp\/v2\/media?parent=43125"}],"wp:term":[{"taxonomy":"category","embeddable":true,"href":"https:\/\/eenergetica.com.ar\/index.php\/wp-json\/wp\/v2\/categories?post=43125"},{"taxonomy":"post_tag","embeddable":true,"href":"https:\/\/eenergetica.com.ar\/index.php\/wp-json\/wp\/v2\/tags?post=43125"}],"curies":[{"name":"wp","href":"https:\/\/api.w.org\/{rel}","templated":true}]}}