{"id":43116,"date":"2026-01-22T10:54:31","date_gmt":"2026-01-22T13:54:31","guid":{"rendered":"http:\/\/eenergetica.com.ar\/?p=43116"},"modified":"2026-01-22T10:54:31","modified_gmt":"2026-01-22T13:54:31","slug":"incendios-en-chubut-aguardan-a-las-lluvias-para-sofocar-las-llamas","status":"publish","type":"post","link":"https:\/\/eenergetica.com.ar\/index.php\/2026\/01\/22\/incendios-en-chubut-aguardan-a-las-lluvias-para-sofocar-las-llamas\/","title":{"rendered":"Incendios en Chubut: aguardan a las lluvias para sofocar las llamas"},"content":{"rendered":"\n<p>Los&nbsp;<strong>incendios en Chubut no dan tregua<\/strong>&nbsp;y para este jueves se esperan<strong>&nbsp;lluvias y chaparrones&nbsp;<\/strong>que podr\u00edan ayudar a sofocar las llamas y los nuevos focos que comenzaron en las \u00faltimas horas, mientras que se estima que ya se quemaron&nbsp;<strong>m\u00e1s de 30 mil hect\u00e1reas en toda la provincia.<\/strong><\/p>\n\n\n\n<p>El Servicio Meteorol\u00f3gico Nacional (SMN) informa que hoy hay&nbsp;<strong>alerta amarilla por fuertes lluvias en Parque Nacional Los Alerces y zonas aleda\u00f1as<\/strong>, las cuales se mantendr\u00e1n toda la jornada.__IP__<\/p>\n\n\n\n<p>A su vez, luego de varios d\u00edas de temperaturas elevadas, se espera que durante una semana&nbsp;<strong>las m\u00e1ximas no superen los 23\u00b0<\/strong>, otro factor que permitir\u00e1 mitigar los incendios forestales, constat\u00f3 la&nbsp;<a rel=\"noreferrer noopener\" href=\"https:\/\/es.wikipedia.org\/wiki\/Noticias_Argentinas\" target=\"_blank\"><strong>Agencia Noticias Argentinas.&nbsp;<\/strong><\/a><\/p>\n\n\n\n<p>Durante el mi\u00e9rcoles las autoridades del Parque Nacional comunicaron que se trat\u00f3 de un d\u00eda con condiciones extremas debido a los fuertes vientos y las altas temperaturas:&nbsp;<strong>\u201cLos factores combinados de meteorolog\u00eda adversa y topograf\u00eda compleja generan condiciones cr\u00edticas con probabilidad de formaci\u00f3n de columnas convectivas y aparici\u00f3n de piro c\u00famulos, fen\u00f3meno que genera propagaci\u00f3n de nuevos focos activos\u201d.&nbsp;<\/strong><a href=\"https:\/\/noticiasargentinas.com\/-agenciana_t6916e70a4551e78eb9423f59\">#AgenciaNA<\/a>&nbsp;<\/p>\n","protected":false},"excerpt":{"rendered":"<p>Los&nbsp;incendios en Chubut no dan tregua&nbsp;y para este jueves se esperan&nbsp;lluvias y chaparrones&nbsp;que podr\u00edan ayudar a sofocar las llamas y los nuevos focos que comenzaron en las \u00faltimas horas, mientras&hellip; <\/p>\n","protected":false},"author":2,"featured_media":43117,"comment_status":"closed","ping_status":"closed","sticky":false,"template":"","format":"standard","meta":{"footnotes":""},"categories":[22],"tags":[],"class_list":["post-43116","post","type-post","status-publish","format-standard","has-post-thumbnail","hentry","category-sociedad"],"_links":{"self":[{"href":"https:\/\/eenergetica.com.ar\/index.php\/wp-json\/wp\/v2\/posts\/43116","targetHints":{"allow":["GET"]}}],"collection":[{"href":"https:\/\/eenergetica.com.ar\/index.php\/wp-json\/wp\/v2\/posts"}],"about":[{"href":"https:\/\/eenergetica.com.ar\/index.php\/wp-json\/wp\/v2\/types\/post"}],"author":[{"embeddable":true,"href":"https:\/\/eenergetica.com.ar\/index.php\/wp-json\/wp\/v2\/users\/2"}],"replies":[{"embeddable":true,"href":"https:\/\/eenergetica.com.ar\/index.php\/wp-json\/wp\/v2\/comments?post=43116"}],"version-history":[{"count":1,"href":"https:\/\/eenergetica.com.ar\/index.php\/wp-json\/wp\/v2\/posts\/43116\/revisions"}],"predecessor-version":[{"id":43118,"href":"https:\/\/eenergetica.com.ar\/index.php\/wp-json\/wp\/v2\/posts\/43116\/revisions\/43118"}],"wp:featuredmedia":[{"embeddable":true,"href":"https:\/\/eenergetica.com.ar\/index.php\/wp-json\/wp\/v2\/media\/43117"}],"wp:attachment":[{"href":"https:\/\/eenergetica.com.ar\/index.php\/wp-json\/wp\/v2\/media?parent=43116"}],"wp:term":[{"taxonomy":"category","embeddable":true,"href":"https:\/\/eenergetica.com.ar\/index.php\/wp-json\/wp\/v2\/categories?post=43116"},{"taxonomy":"post_tag","embeddable":true,"href":"https:\/\/eenergetica.com.ar\/index.php\/wp-json\/wp\/v2\/tags?post=43116"}],"curies":[{"name":"wp","href":"https:\/\/api.w.org\/{rel}","templated":true}]}}