{"id":43113,"date":"2026-01-22T10:50:07","date_gmt":"2026-01-22T13:50:07","guid":{"rendered":"http:\/\/eenergetica.com.ar\/?p=43113"},"modified":"2026-01-22T10:50:10","modified_gmt":"2026-01-22T13:50:10","slug":"la-familia-de-jeremias-monzon-pide-frenar-la-circulacion-del-video-del-crimen","status":"publish","type":"post","link":"https:\/\/eenergetica.com.ar\/index.php\/2026\/01\/22\/la-familia-de-jeremias-monzon-pide-frenar-la-circulacion-del-video-del-crimen\/","title":{"rendered":"La familia de Jerem\u00edas Monz\u00f3n pide frenar la circulaci\u00f3n del video del crimen"},"content":{"rendered":"\n<p>La familia de Jerem\u00edas Monz\u00f3n, el adolescente asesinado por tres menores en la provincia de Santa Fe a fines del 2025,&nbsp;<strong>pide frenar la circulaci\u00f3n del video del momento del crimen&nbsp;<\/strong>y, en las \u00faltimas horas, se inform\u00f3 que el archivo que est\u00e1 dentro de la causa, comenz\u00f3 a viralizarse por WhatsApp.<\/p>\n\n\n\n<p><strong>Bruno Rugna<\/strong>, abogado de los padres de Jerem\u00edas, inform\u00f3 que se ya dio inicio a una&nbsp;<strong>investigaci\u00f3n<\/strong>&nbsp;para saber&nbsp;<strong>c\u00f3mo es que el video comenz\u00f3 a viralizarse y qui\u00e9n es el responsable.<\/strong><\/p>\n\n\n\n<p>En los primeros d\u00edas de la causa las autoridades a cargo se\u00f1alaron que los acusados, dos de ellos punibles,&nbsp;<strong>grabaron el brutal ataque y homicidio<\/strong>. Ese video, que es analizado por las autoridades,&nbsp;<strong>comenz\u00f3 a circular en las \u00faltimas horas en diversos grupos de WhatsApp.<\/strong><\/p>\n\n\n\n<p><em><strong>\u201cEs dur\u00edsimo de ver. La gente no lo puede terminar de mirar y para la familia esto no termina nunca\u201d<\/strong><\/em>, manifest\u00f3 Rugna en di\u00e1logo con&nbsp;<em>Sol Play<\/em>.<\/p>\n\n\n\n<p>El abogado subray\u00f3 que&nbsp;<strong>no descartan ninguna hip\u00f3tesis<\/strong>&nbsp;respecto a que existe la posibilidad que&nbsp;<strong>el archivo haya sido dado a conocer por fuentes de la pesquisa.<\/strong><\/p>\n\n\n\n<p><em><strong>\u201cEstamos arbitrando los medios para identificar a la persona que realiz\u00f3 la filtraci\u00f3n y evaluar qu\u00e9 responsabilidad penal le podr\u00eda caber\u201d<\/strong><\/em>, expres\u00f3.<\/p>\n\n\n\n<p>Por el asesinato de Monz\u00f3n hay&nbsp;<strong>tres menores identificados<\/strong>, dos de ellos son punibles, al tener menos de 16 a\u00f1os, por lo que solo supieron la&nbsp;<strong>atribuci\u00f3n del hecho en su contra,&nbsp;<\/strong>seg\u00fan supo la&nbsp;<a rel=\"noreferrer noopener\" href=\"https:\/\/es.wikipedia.org\/wiki\/Noticias_Argentinas\" target=\"_blank\"><strong>Agencia Noticias Argentinas.<\/strong><\/a>__IP__<\/p>\n\n\n\n<p>Sin embargo, en la causa est\u00e1 acusada quien era la novia de la v\u00edctima, de 16 a\u00f1os, y que s\u00ed podr\u00e1 ser juzgada por la Justicia juvenil. Actualmente est\u00e1<strong>&nbsp;alojada en un centro especial de menores<\/strong>, de acuerdo a la resoluci\u00f3n del juez Sergio Carraro.<\/p>\n\n\n\n<p>La denuncia por la desaparici\u00f3n de Monz\u00f3n ocurri\u00f3 el 18 de diciembre y reci\u00e9n el 22 de ese mes su cuerpo fue hallado en una f\u00e1brica abandonada frente al estadio de Col\u00f3n de Santa Fe. La autopsia confirm\u00f3 que el adolescente presentaba&nbsp;<strong>23 pu\u00f1aladas.&nbsp;<\/strong><a href=\"https:\/\/noticiasargentinas.com\/-agenciana_t6916e70a4551e78eb9423f59\">#AgenciaNA<\/a>&nbsp;<\/p>\n","protected":false},"excerpt":{"rendered":"<p>La familia de Jerem\u00edas Monz\u00f3n, el adolescente asesinado por tres menores en la provincia de Santa Fe a fines del 2025,&nbsp;pide frenar la circulaci\u00f3n del video del momento del crimen&nbsp;y,&hellip; <\/p>\n","protected":false},"author":2,"featured_media":43114,"comment_status":"closed","ping_status":"closed","sticky":false,"template":"","format":"standard","meta":{"footnotes":""},"categories":[22],"tags":[],"class_list":["post-43113","post","type-post","status-publish","format-standard","has-post-thumbnail","hentry","category-sociedad"],"_links":{"self":[{"href":"https:\/\/eenergetica.com.ar\/index.php\/wp-json\/wp\/v2\/posts\/43113","targetHints":{"allow":["GET"]}}],"collection":[{"href":"https:\/\/eenergetica.com.ar\/index.php\/wp-json\/wp\/v2\/posts"}],"about":[{"href":"https:\/\/eenergetica.com.ar\/index.php\/wp-json\/wp\/v2\/types\/post"}],"author":[{"embeddable":true,"href":"https:\/\/eenergetica.com.ar\/index.php\/wp-json\/wp\/v2\/users\/2"}],"replies":[{"embeddable":true,"href":"https:\/\/eenergetica.com.ar\/index.php\/wp-json\/wp\/v2\/comments?post=43113"}],"version-history":[{"count":1,"href":"https:\/\/eenergetica.com.ar\/index.php\/wp-json\/wp\/v2\/posts\/43113\/revisions"}],"predecessor-version":[{"id":43115,"href":"https:\/\/eenergetica.com.ar\/index.php\/wp-json\/wp\/v2\/posts\/43113\/revisions\/43115"}],"wp:featuredmedia":[{"embeddable":true,"href":"https:\/\/eenergetica.com.ar\/index.php\/wp-json\/wp\/v2\/media\/43114"}],"wp:attachment":[{"href":"https:\/\/eenergetica.com.ar\/index.php\/wp-json\/wp\/v2\/media?parent=43113"}],"wp:term":[{"taxonomy":"category","embeddable":true,"href":"https:\/\/eenergetica.com.ar\/index.php\/wp-json\/wp\/v2\/categories?post=43113"},{"taxonomy":"post_tag","embeddable":true,"href":"https:\/\/eenergetica.com.ar\/index.php\/wp-json\/wp\/v2\/tags?post=43113"}],"curies":[{"name":"wp","href":"https:\/\/api.w.org\/{rel}","templated":true}]}}