{"id":43072,"date":"2026-01-21T10:16:05","date_gmt":"2026-01-21T13:16:05","guid":{"rendered":"https:\/\/eenergetica.com.ar\/?p=43072"},"modified":"2026-01-21T10:16:07","modified_gmt":"2026-01-21T13:16:07","slug":"europa-bloquea-temporalmente-el-pacto-mercosur-y-solicita-una-revision-legal-a-la-justicia","status":"publish","type":"post","link":"https:\/\/eenergetica.com.ar\/index.php\/2026\/01\/21\/europa-bloquea-temporalmente-el-pacto-mercosur-y-solicita-una-revision-legal-a-la-justicia\/","title":{"rendered":"Europa bloquea temporalmente el pacto Mercosur y solicita una revisi\u00f3n legal a la Justicia"},"content":{"rendered":"\n<p>&nbsp;El Parlamento Europeo fren\u00f3 el acuerdo de libre comercio con el Mercosur al dar paso a una consulta al Tribunal de Justicia.<\/p>\n\n\n\n<p>Con 334 votos a favor y 324 en contra,&nbsp;<strong>los legisladores europeos decidieron que sea la Justicia la que decida si el convenio firmado en Paraguay respeta los tratados del bloque de los 27 miembros.<\/strong><\/p>\n\n\n\n<p>Debido a las diferencias de criterio que exist\u00edan dentro de Europa sobre el acuerdo, el Consejo decidi\u00f3 buscar un atajo, que fue dividir el cap\u00edtulo arancelario del institucional, seg\u00fan supo&nbsp;<a rel=\"noreferrer noopener\" href=\"https:\/\/es.wikipedia.org\/wiki\/Noticias_Argentinas\" target=\"_blank\"><strong>Agencia Noticias Argentinas.<\/strong><\/a><\/p>\n\n\n\n<p>Francia fue uno de los pa\u00edses que m\u00e1s trabas puso para que esto sucediera y ahora el Parlamento habilit\u00f3 a la Justicia para que decida sobre esta cuesti\u00f3n.<\/p>\n\n\n\n<p>El fin de semana se firm\u00f3 en Asunci\u00f3n el acuerdo en lo que respecta a los aspectos formales, pero a\u00fan quedaban pendientes una serie de pasos institucionales a completar para que tenga plena vigencia.<\/p>\n\n\n\n<p>Ahora, uno de esos pasos se trab\u00f3 y puede demandar varios meses de negociaciones hasta tanto la justicia europea se expida.__IP__<\/p>\n\n\n\n<p>El presidente, Javier Milei, incluy\u00f3 la aprobaci\u00f3n del acuerdo en el llamado a sesiones extraordinarias del Congreso.<\/p>\n\n\n\n<p>El convenio debe ser aprobado por los parlamentos de los miembros plenos del Mercosur.&nbsp;<a href=\"https:\/\/noticiasargentinas.com\/-agenciana_t6916e70a4551e78eb9423f59\">#AgenciaNA<\/a>&nbsp;<\/p>\n","protected":false},"excerpt":{"rendered":"<p>&nbsp;El Parlamento Europeo fren\u00f3 el acuerdo de libre comercio con el Mercosur al dar paso a una consulta al Tribunal de Justicia. Con 334 votos a favor y 324 en&hellip; <\/p>\n","protected":false},"author":2,"featured_media":43073,"comment_status":"closed","ping_status":"closed","sticky":false,"template":"","format":"standard","meta":{"footnotes":""},"categories":[20],"tags":[],"class_list":["post-43072","post","type-post","status-publish","format-standard","has-post-thumbnail","hentry","category-politica"],"_links":{"self":[{"href":"https:\/\/eenergetica.com.ar\/index.php\/wp-json\/wp\/v2\/posts\/43072","targetHints":{"allow":["GET"]}}],"collection":[{"href":"https:\/\/eenergetica.com.ar\/index.php\/wp-json\/wp\/v2\/posts"}],"about":[{"href":"https:\/\/eenergetica.com.ar\/index.php\/wp-json\/wp\/v2\/types\/post"}],"author":[{"embeddable":true,"href":"https:\/\/eenergetica.com.ar\/index.php\/wp-json\/wp\/v2\/users\/2"}],"replies":[{"embeddable":true,"href":"https:\/\/eenergetica.com.ar\/index.php\/wp-json\/wp\/v2\/comments?post=43072"}],"version-history":[{"count":1,"href":"https:\/\/eenergetica.com.ar\/index.php\/wp-json\/wp\/v2\/posts\/43072\/revisions"}],"predecessor-version":[{"id":43074,"href":"https:\/\/eenergetica.com.ar\/index.php\/wp-json\/wp\/v2\/posts\/43072\/revisions\/43074"}],"wp:featuredmedia":[{"embeddable":true,"href":"https:\/\/eenergetica.com.ar\/index.php\/wp-json\/wp\/v2\/media\/43073"}],"wp:attachment":[{"href":"https:\/\/eenergetica.com.ar\/index.php\/wp-json\/wp\/v2\/media?parent=43072"}],"wp:term":[{"taxonomy":"category","embeddable":true,"href":"https:\/\/eenergetica.com.ar\/index.php\/wp-json\/wp\/v2\/categories?post=43072"},{"taxonomy":"post_tag","embeddable":true,"href":"https:\/\/eenergetica.com.ar\/index.php\/wp-json\/wp\/v2\/tags?post=43072"}],"curies":[{"name":"wp","href":"https:\/\/api.w.org\/{rel}","templated":true}]}}