{"id":43069,"date":"2026-01-21T10:07:42","date_gmt":"2026-01-21T13:07:42","guid":{"rendered":"https:\/\/eenergetica.com.ar\/?p=43069"},"modified":"2026-01-21T10:07:46","modified_gmt":"2026-01-21T13:07:46","slug":"sabores-bonaerenses-que-celebran-el-verano","status":"publish","type":"post","link":"https:\/\/eenergetica.com.ar\/index.php\/2026\/01\/21\/sabores-bonaerenses-que-celebran-el-verano\/","title":{"rendered":"SABORES BONAERENSES QUE CELEBRAN EL VERANO"},"content":{"rendered":"\n<p>Enero es tiempo de descanso, encuentros al aire libre y celebraciones que reflejan la identidad en cada destino de la provincia de Buenos Aires. Entre playas, pueblos y tradiciones que se renuevan, las fiestas populares invitan a compartir sabores, m\u00fasica y costumbres locales. En la segunda quincena del mes, la 12\u00b0 Fiesta Regional de la Empanada Costera, en Santa Elena y la 14\u00b0 Fiesta del Churro, en Villa Iris, se destacan en el calendario bonaerense.<\/p>\n\n\n\n<p><strong>La 12\u00b0 Fiesta Regional de la Empanada Costera<\/strong><\/p>\n\n\n\n<p>Con el mar como tel\u00f3n de fondo, la costa bonaerense emana aroma a masa dorada y rellenos sabrosos. Del 23 al 25 de enero, la localidad de Santa Elena, en el partido de Mar Chiquita, volver\u00e1 a ser el escenario de la Fiesta Regional de la Empanada Costera, uno de los encuentros gastron\u00f3micos m\u00e1s esperados de la temporada.<\/p>\n\n\n\n<p>Nacida a partir de una iniciativa vecinal y municipal, la celebraci\u00f3n pone en valor la identidad gastron\u00f3mica y tur\u00edstica de la zona. A\u00f1o tras a\u00f1o, una comisi\u00f3n de vecinos trabaja&nbsp; para sostener este evento popular que no solo convoca a turistas sino que beneficia a instituciones locales.<em>\u201cCon lo recaudado en el patio gastron\u00f3mico y en la feria de artesan\u00edas compramos materiales para las instituciones educativas y el polideportivo&#8221;, explica&nbsp;<\/em>&nbsp;Mat\u00edas Nicol\u00e1s Jara, delegado de Santa Elena.<\/p>\n\n\n\n<p>Durante tres jornadas, se pueden degustar empanadas fritas y al horno en m\u00faltiples variedades: desde las cl\u00e1sicas de carne, jam\u00f3n y queso o&nbsp; capresse, hasta opciones ex\u00f3ticas de morcilla, mondongo o mariscos y las regionales, como las salte\u00f1as y juje\u00f1as.<\/p>\n\n\n\n<p>Uno de los momentos m\u00e1s esperados es el concurso de la mejor empanada, donde cocineros y cocineras regionales&nbsp; compiten por el reconocimiento de tres exigentes jurados.&nbsp;<\/p>\n\n\n\n<p>Es el caso de Juan Pablo Latorraca, creador de la receta ganadora que sorprendi\u00f3 en la edici\u00f3n anterior: una variedad de matambre a la pizza.&nbsp;<em>\u201cEs una empanada que hacemos con el equipo solo para la fiesta\u201d,<\/em>&nbsp;cuenta el actual campe\u00f3n. La preparaci\u00f3n&nbsp; comienza con el tiernizado del matambre, que luego se cocina lentamente en&nbsp; una salsa de pizza casera -a base de cebolla y morr\u00f3n-, para&nbsp; que la carne absorba todo el sabor. Al momento del cierre&nbsp; se incorpora&nbsp; la muzzarella y finalmente se fr\u00ede, alcanzando un equilibrio justo entre crocancia y relleno jugoso.&nbsp;<\/p>\n\n\n\n<p>Con tapas industriales pero rellenos originales, el equipo apuesta a\u00f1o a a\u00f1o a marcar la diferencia con productos nuevos, reafirmando el esp\u00edritu creativo y popular que distingue a la Fiesta Regional.<em>\u201cEste a\u00f1o vamos hacer empanadas de pica\u00f1a ahumada, bondiola, chorizo a la pomarola y obviamente la campeona de matambre a la pizza\u201d<\/em>, agreg\u00f3 Juan Pablo.<\/p>\n\n\n\n<p>La celebraci\u00f3n&nbsp; se completa con una feria de artesan\u00edas de m\u00e1s de 150 puestos, una grilla musical de artistas regionales y nacionales y actividades recreativas para las infancias.<\/p>\n\n\n\n<p>Santa Elena invita a vivir tres d\u00edas en un encuentro donde la gastronom\u00eda, la m\u00fasica y la comunidad se dan la mano, reafirmando que en la costa bonaerense, el verano tambi\u00e9n se saborea.<\/p>\n\n\n\n<p><strong>La 14\u00b0 Fiesta del Churro<\/strong><\/p>\n\n\n\n<p>En el sudoeste bonaerense, Villa Iris, partido de Puan, se prepara para celebrar, el 31 de enero, la 14\u00b0 Fiesta del Churro, un encuentro que rinde homenaje a uno de los sabores m\u00e1s queridos de la tradici\u00f3n popular. La localidad se transforma&nbsp; para compartir una jornada donde el aroma a masa reci\u00e9n frita se funde con la m\u00fasica en vivo, feria de artesan\u00edas y actividades para toda la familia.<\/p>\n\n\n\n<p>La fiesta surgi\u00f3 en 2011 como una iniciativa de la Direcci\u00f3n de Turismo municipal con el objetivo de fortalecer el turismo y la econom\u00eda local.&nbsp;<em>\u201cSi bien fue motorizada desde el Estado, su crecimiento estuvo siempre sostenido por el compromiso colectivo de la comunidad, verdadero motor del festejo\u201d,&nbsp;<\/em>expresan desde las redes locales.<\/p>\n\n\n\n<p>Desde aquella primera edici\u00f3n, en la que se elaboraron 3.000 unidades, la producci\u00f3n creci\u00f3 hasta alcanzar los 15.000. La oferta incluye&nbsp; variantes dulces, saladas, simples o rellenas, consolidando este producto como un&nbsp; sello distintivo de Villa Iris. Tal es su relevancia,&nbsp; que el evento fu\u00e9&nbsp; declarado&nbsp; de Inter\u00e9s Tur\u00edstico Provincial.<\/p>\n\n\n\n<p><em>\u201cContamos con churros que vienen de Bah\u00eda Blanca, Jacinto Ramos y obviamente los locales. Para esta nueva edici\u00f3n llevamos elaboradas 600 docenas.\u201d&nbsp;<\/em>&nbsp;resalt\u00f3 la presidenta de la fiesta Paula Almuni.<\/p>\n\n\n\n<p>Durante la jornada, vecinos y visitantes pueden recorrer un colorido paseo de artesan\u00edas, disfrutar del patio de comidas gestionado por instituciones locales y participar de diversas propuestas recreativas y deportivas pensadas para todas las edades.&nbsp; Al caer el sol, la celebraci\u00f3n se traslada al escenario principal con la presentaci\u00f3n de artistas locales y regionales, danzas y m\u00fasica en vivo.&nbsp; El cierre llega con el tradicional ChurroFest, un baile al aire libre que invita a disfrutar hasta la madrugada.&nbsp;&nbsp;<\/p>\n\n\n\n<p>Consolidada como referente&nbsp; regional, la Fiesta del Churro celebra la identidad local y refuerza el valor de las fiestas populares como espacios de encuentro y desarrollo para los pueblos bonaerenses.<\/p>\n\n\n\n<p>Entre empanadas costeras y churros reci\u00e9n hechos, el verano en la Provincia Bonita Argentina se vive al ritmo de las fiestas populares;&nbsp; esas que nacen del trabajo colectivo, celebran la identidad local y abren las puertas de cada localidad a vecinos y visitantes. Santa Elena y Villa Iris, desde puntos distantes de la provincia, comparten un mismo esp\u00edritu: el de mesas largas, &nbsp; aromas que convocan y una comunidad que transforma la gastronom\u00eda en motivo de encuentro.<\/p>\n","protected":false},"excerpt":{"rendered":"<p>Enero es tiempo de descanso, encuentros al aire libre y celebraciones que reflejan la identidad en cada destino de la provincia de Buenos Aires. Entre playas, pueblos y tradiciones que&hellip; <\/p>\n","protected":false},"author":2,"featured_media":43070,"comment_status":"closed","ping_status":"closed","sticky":false,"template":"","format":"standard","meta":{"footnotes":""},"categories":[27],"tags":[],"class_list":["post-43069","post","type-post","status-publish","format-standard","has-post-thumbnail","hentry","category-turismo"],"_links":{"self":[{"href":"https:\/\/eenergetica.com.ar\/index.php\/wp-json\/wp\/v2\/posts\/43069","targetHints":{"allow":["GET"]}}],"collection":[{"href":"https:\/\/eenergetica.com.ar\/index.php\/wp-json\/wp\/v2\/posts"}],"about":[{"href":"https:\/\/eenergetica.com.ar\/index.php\/wp-json\/wp\/v2\/types\/post"}],"author":[{"embeddable":true,"href":"https:\/\/eenergetica.com.ar\/index.php\/wp-json\/wp\/v2\/users\/2"}],"replies":[{"embeddable":true,"href":"https:\/\/eenergetica.com.ar\/index.php\/wp-json\/wp\/v2\/comments?post=43069"}],"version-history":[{"count":1,"href":"https:\/\/eenergetica.com.ar\/index.php\/wp-json\/wp\/v2\/posts\/43069\/revisions"}],"predecessor-version":[{"id":43071,"href":"https:\/\/eenergetica.com.ar\/index.php\/wp-json\/wp\/v2\/posts\/43069\/revisions\/43071"}],"wp:featuredmedia":[{"embeddable":true,"href":"https:\/\/eenergetica.com.ar\/index.php\/wp-json\/wp\/v2\/media\/43070"}],"wp:attachment":[{"href":"https:\/\/eenergetica.com.ar\/index.php\/wp-json\/wp\/v2\/media?parent=43069"}],"wp:term":[{"taxonomy":"category","embeddable":true,"href":"https:\/\/eenergetica.com.ar\/index.php\/wp-json\/wp\/v2\/categories?post=43069"},{"taxonomy":"post_tag","embeddable":true,"href":"https:\/\/eenergetica.com.ar\/index.php\/wp-json\/wp\/v2\/tags?post=43069"}],"curies":[{"name":"wp","href":"https:\/\/api.w.org\/{rel}","templated":true}]}}