{"id":43051,"date":"2026-01-20T19:35:12","date_gmt":"2026-01-20T22:35:12","guid":{"rendered":"https:\/\/eenergetica.com.ar\/?p=43051"},"modified":"2026-01-20T19:35:13","modified_gmt":"2026-01-20T22:35:13","slug":"el-gobierno-es-optimista-con-la-reforma-laboral-y-santilli-se-reune-este-miercoles-con-figueroa","status":"publish","type":"post","link":"https:\/\/eenergetica.com.ar\/index.php\/2026\/01\/20\/el-gobierno-es-optimista-con-la-reforma-laboral-y-santilli-se-reune-este-miercoles-con-figueroa\/","title":{"rendered":"El Gobierno es optimista con la reforma laboral y Santilli se re\u00fane este mi\u00e9rcoles con Figueroa"},"content":{"rendered":"\n<p>El ministro del Interior,<strong>&nbsp;Diego Santilli<\/strong>, se reunir\u00e1 este mi\u00e9rcoles con el gobernador de Neuqu\u00e9n,<strong>&nbsp;Rolando Figueroa<\/strong>, como parte de las audiencias que viene manteniendo en las provincias para conseguir apoyos para la reforma laboral, una iniciativa sobre la que el Gobierno se muestra optimista de cara a su sanci\u00f3n en las sesiones extraordinarias de febrero.<\/p>\n\n\n\n<p>El encuentro entre Santilli y Figueroa tendr\u00e1 lugar a las 11 en la sede de la Gobernaci\u00f3n, indicaron fuentes oficiales a la&nbsp;<a rel=\"noreferrer noopener\" href=\"https:\/\/es.wikipedia.org\/wiki\/Noticias_Argentinas\" target=\"_blank\"><strong>Agencia Noticias Argentinas<\/strong><\/a>.<\/p>\n\n\n\n<p>En tanto, el ministro del Interior se reunir\u00e1 el jueves con el gobernador de Entre R\u00edos,&nbsp;<strong>Rogelio Frigerio<\/strong>, a quien lo une la militancia en el PRO.<\/p>\n\n\n\n<h2 class=\"wp-block-heading\">Confianza ciega<\/h2>\n\n\n\n<p>Seg\u00fan supo la&nbsp;<strong>Agencia Noticias Argentinas<\/strong>&nbsp;de una importante fuente con acceso al despacho presidencial, en la administraci\u00f3n libertaria aseguran tener el n\u00famero necesario para aprobar el proyecto que se tratar\u00e1 del 10 al 11 de febrero.<\/p>\n\n\n\n<p>Asimismo, descartan cambios en el articulado, aunque admiten que no tendr\u00edan problemas en implementar modificaciones siempre y cuando \u201cno alteren el esp\u00edritu de la norma\u201d.<\/p>\n\n\n\n<p>\u201cNo veo por qu\u00e9 los aliados no nos acompa\u00f1ar\u00edan. Todos se benefician con la reforma laboral\u201d, expres\u00f3 una importante fuente ante la A<strong>gencia Noticias Argentinas<\/strong>.<\/p>\n\n\n\n<p>En el Gobierno destacan adem\u00e1s que ya son cuatro los gobernadores que se manifestaron dispuestos a acompa\u00f1ar, en referencia a los mandatarios&nbsp;<strong>Marcelo Orrego<\/strong>, de San Juan;&nbsp;<strong>Leandro Zdero<\/strong>, de Chaco;&nbsp;<strong>Gustavo S\u00e1enz<\/strong>, de Salta, y<strong>&nbsp;Alfredo Cornejo<\/strong>, de Mendoza.<\/p>\n","protected":false},"excerpt":{"rendered":"<p>El ministro del Interior,&nbsp;Diego Santilli, se reunir\u00e1 este mi\u00e9rcoles con el gobernador de Neuqu\u00e9n,&nbsp;Rolando Figueroa, como parte de las audiencias que viene manteniendo en las provincias para conseguir apoyos para&hellip; <\/p>\n","protected":false},"author":2,"featured_media":43052,"comment_status":"closed","ping_status":"closed","sticky":false,"template":"","format":"standard","meta":{"footnotes":""},"categories":[20],"tags":[],"class_list":["post-43051","post","type-post","status-publish","format-standard","has-post-thumbnail","hentry","category-politica"],"_links":{"self":[{"href":"https:\/\/eenergetica.com.ar\/index.php\/wp-json\/wp\/v2\/posts\/43051","targetHints":{"allow":["GET"]}}],"collection":[{"href":"https:\/\/eenergetica.com.ar\/index.php\/wp-json\/wp\/v2\/posts"}],"about":[{"href":"https:\/\/eenergetica.com.ar\/index.php\/wp-json\/wp\/v2\/types\/post"}],"author":[{"embeddable":true,"href":"https:\/\/eenergetica.com.ar\/index.php\/wp-json\/wp\/v2\/users\/2"}],"replies":[{"embeddable":true,"href":"https:\/\/eenergetica.com.ar\/index.php\/wp-json\/wp\/v2\/comments?post=43051"}],"version-history":[{"count":1,"href":"https:\/\/eenergetica.com.ar\/index.php\/wp-json\/wp\/v2\/posts\/43051\/revisions"}],"predecessor-version":[{"id":43053,"href":"https:\/\/eenergetica.com.ar\/index.php\/wp-json\/wp\/v2\/posts\/43051\/revisions\/43053"}],"wp:featuredmedia":[{"embeddable":true,"href":"https:\/\/eenergetica.com.ar\/index.php\/wp-json\/wp\/v2\/media\/43052"}],"wp:attachment":[{"href":"https:\/\/eenergetica.com.ar\/index.php\/wp-json\/wp\/v2\/media?parent=43051"}],"wp:term":[{"taxonomy":"category","embeddable":true,"href":"https:\/\/eenergetica.com.ar\/index.php\/wp-json\/wp\/v2\/categories?post=43051"},{"taxonomy":"post_tag","embeddable":true,"href":"https:\/\/eenergetica.com.ar\/index.php\/wp-json\/wp\/v2\/tags?post=43051"}],"curies":[{"name":"wp","href":"https:\/\/api.w.org\/{rel}","templated":true}]}}