{"id":43045,"date":"2026-01-20T19:30:56","date_gmt":"2026-01-20T22:30:56","guid":{"rendered":"https:\/\/eenergetica.com.ar\/?p=43045"},"modified":"2026-01-20T19:30:57","modified_gmt":"2026-01-20T22:30:57","slug":"el-banco-central-compro-mas-reservas-y-alcanzo-un-nuevo-record-en-la-gestion-de-milei","status":"publish","type":"post","link":"https:\/\/eenergetica.com.ar\/index.php\/2026\/01\/20\/el-banco-central-compro-mas-reservas-y-alcanzo-un-nuevo-record-en-la-gestion-de-milei\/","title":{"rendered":"El Banco Central compr\u00f3 m\u00e1s reservas y alcanz\u00f3 un nuevo r\u00e9cord en la gesti\u00f3n de Milei"},"content":{"rendered":"\n<p>El&nbsp;<strong>Banco Central de la Rep\u00fablica Argentina&nbsp;<\/strong>(BCRA) contin\u00faa con la racha compradora de reservas y marca un nuevo r\u00e9cord. Este martes&nbsp;<strong>compr\u00f3 US$8 millones y cerr\u00f3 con US$44.874 millones.<\/strong><\/p>\n\n\n\n<p>Seg\u00fan supo la<strong>&nbsp;<\/strong><a rel=\"noreferrer noopener\" href=\"https:\/\/es.wikipedia.org\/wiki\/Noticias_Argentinas\" target=\"_blank\"><strong>Agencia Noticias Argentinas<\/strong><\/a>,&nbsp;<strong>el BCRA lleva comprado US$716 millones<\/strong>&nbsp;desde que se&nbsp;<a href=\"https:\/\/noticiasargentinas.com\/economia\/el-banco-central-anuncio-que-las-bandas-de-flotacion-se-actualizaran-por-inflacion-desde-enero_a69405604aa09ddc6a06412c3\">puso en marcha el nuevo programa monetario<\/a>.<\/p>\n\n\n\n<p>En concreto, la compra de d\u00f3lares que realiz\u00f3 hoy&nbsp;<strong>se ubic\u00f3 como la de menor volumen<\/strong>&nbsp;desde que inici\u00f3 la adquisici\u00f3n de divisas.&nbsp;<\/p>\n\n\n\n<p>Y es que desde que comenz\u00f3 la&nbsp;<a href=\"https:\/\/noticiasargentinas.com\/economia\/santiago-bausili---compramos-mas-dolares-que-ninguna-otra-administracion-_a69407365aa09ddc6a0675f69\">\u201cfase 4\u201d<\/a>, la cual fue anunciada por el presidente del Banco Central&nbsp;<strong>Santiago Bausili<\/strong>, la entidad financiera adquiri\u00f3&nbsp;<strong>US$716 millones&nbsp;<\/strong>en las \u00faltimas doce ruedas&nbsp;<strong>y consigui\u00f3 un nuevo r\u00e9cord.<\/strong><\/p>\n\n\n\n<p><strong>Marc\u00f3 el mejor nivel desde hace cuatro a\u00f1os, cuando las reservas se posicionaban en US$45.169 millones en septiembre.&nbsp;<\/strong>Tambi\u00e9n alcanz\u00f3 el m\u00e1ximo nivel desde que inici\u00f3 la gesti\u00f3n de Javier Milei.<\/p>\n","protected":false},"excerpt":{"rendered":"<p>El&nbsp;Banco Central de la Rep\u00fablica Argentina&nbsp;(BCRA) contin\u00faa con la racha compradora de reservas y marca un nuevo r\u00e9cord. Este martes&nbsp;compr\u00f3 US$8 millones y cerr\u00f3 con US$44.874 millones. Seg\u00fan supo la&nbsp;Agencia&hellip; <\/p>\n","protected":false},"author":2,"featured_media":43046,"comment_status":"closed","ping_status":"closed","sticky":false,"template":"","format":"standard","meta":{"footnotes":""},"categories":[28,20],"tags":[],"class_list":["post-43045","post","type-post","status-publish","format-standard","has-post-thumbnail","hentry","category-destacada","category-politica"],"_links":{"self":[{"href":"https:\/\/eenergetica.com.ar\/index.php\/wp-json\/wp\/v2\/posts\/43045","targetHints":{"allow":["GET"]}}],"collection":[{"href":"https:\/\/eenergetica.com.ar\/index.php\/wp-json\/wp\/v2\/posts"}],"about":[{"href":"https:\/\/eenergetica.com.ar\/index.php\/wp-json\/wp\/v2\/types\/post"}],"author":[{"embeddable":true,"href":"https:\/\/eenergetica.com.ar\/index.php\/wp-json\/wp\/v2\/users\/2"}],"replies":[{"embeddable":true,"href":"https:\/\/eenergetica.com.ar\/index.php\/wp-json\/wp\/v2\/comments?post=43045"}],"version-history":[{"count":1,"href":"https:\/\/eenergetica.com.ar\/index.php\/wp-json\/wp\/v2\/posts\/43045\/revisions"}],"predecessor-version":[{"id":43047,"href":"https:\/\/eenergetica.com.ar\/index.php\/wp-json\/wp\/v2\/posts\/43045\/revisions\/43047"}],"wp:featuredmedia":[{"embeddable":true,"href":"https:\/\/eenergetica.com.ar\/index.php\/wp-json\/wp\/v2\/media\/43046"}],"wp:attachment":[{"href":"https:\/\/eenergetica.com.ar\/index.php\/wp-json\/wp\/v2\/media?parent=43045"}],"wp:term":[{"taxonomy":"category","embeddable":true,"href":"https:\/\/eenergetica.com.ar\/index.php\/wp-json\/wp\/v2\/categories?post=43045"},{"taxonomy":"post_tag","embeddable":true,"href":"https:\/\/eenergetica.com.ar\/index.php\/wp-json\/wp\/v2\/tags?post=43045"}],"curies":[{"name":"wp","href":"https:\/\/api.w.org\/{rel}","templated":true}]}}