{"id":42968,"date":"2026-01-02T05:00:00","date_gmt":"2026-01-02T08:00:00","guid":{"rendered":"http:\/\/eenergetica.com.ar\/?p=42968"},"modified":"2026-01-01T17:02:04","modified_gmt":"2026-01-01T20:02:04","slug":"el-balance-negro-de-despidos-suspensiones-y-cierres-de-empresas-629-conflictos-laborales-en-todo-el-pais","status":"publish","type":"post","link":"https:\/\/eenergetica.com.ar\/index.php\/2026\/01\/02\/el-balance-negro-de-despidos-suspensiones-y-cierres-de-empresas-629-conflictos-laborales-en-todo-el-pais\/","title":{"rendered":"El balance negro de despidos, suspensiones y cierres de empresas: 629 conflictos laborales en todo el pa\u00eds"},"content":{"rendered":"\n<p><a href=\"https:\/\/noticiasargentinas.com\/economia\/ya-trump-y-milei-calmaron-la-especulacion-cambiaria--pero-los-despidos-siguen-y-siguen_a68dafd3749307a079e62b6ac\">Un promedio de<strong>&nbsp;81 despidos por d\u00eda durante dos a\u00f1os consecutivos<\/strong><\/a>&nbsp;se registr\u00f3 en el&nbsp;<strong>sector p\u00fablico nacional<\/strong>&nbsp;entre noviembre de 2023 y noviembre de 2025: fueron&nbsp;<strong>61.569 puestos de trabajo en total.<\/strong><\/p>\n\n\n\n<p>No fueron los \u00fanicos que pagaron el pato del ajuste que viene realizando el&nbsp;<strong>Gobierno de Javier Milei<\/strong>: en el primer a\u00f1o y medio de Milei,<strong>&nbsp;cerraron 17.063 empresas m\u00e1s de las que abrieron en Argentina,<\/strong>&nbsp;lo que equivale a&nbsp;<strong>28 por d\u00eda,<\/strong>&nbsp;con un&nbsp;<strong>saldo negativo de 236.845 empleos.<\/strong><\/p>\n\n\n\n<p>Entre<strong>&nbsp;p\u00fablicos y privados&nbsp;<\/strong>suman<strong>&nbsp;300 mil trabajadores&nbsp;<\/strong>sacrificados en el&nbsp;<strong>altar de la motosierra,&nbsp;<\/strong>de acuerdo con informes del Centro de Econom\u00eda Pol\u00edtica Argentina, a partir de datos de la Superintendencia de Riesgos del Trabajo (SRT), procesados por la&nbsp;<a rel=\"noreferrer noopener\" href=\"https:\/\/es.wikipedia.org\/wiki\/Noticias_Argentinas\" target=\"_blank\">Agencia Noticias Argentinas.<\/a><\/p>\n\n\n\n<p>Las actividades m\u00e1s golpeadas han sido&nbsp;<strong>la construcci\u00f3n y la industria manufacturera<\/strong>.&nbsp;<\/p>\n\n\n\n<p>Tras sufrir un derrumbe en 2024 por la&nbsp;<strong>paralizaci\u00f3n de la obra p\u00fablica y la recesi\u00f3n derivada de un gran recorte del gasto estatal<\/strong>, estos sectores todav\u00eda se mantienen entre un 22% y un 9% respectivamente por debajo del promedio de 2023.<\/p>\n\n\n\n<h3 class=\"wp-block-heading\">El ajuste contin\u00faa<\/h3>\n\n\n\n<p>Lejos de tratarse de un proceso cerrado,&nbsp;<strong>sindicatos estatales advierten que el ajuste podr\u00eda profundizarse en las pr\u00f3ximas semanas.&nbsp;<\/strong><\/p>\n\n\n\n<p>Incluso, no descartan&nbsp;<strong>una nueva ola de cesant\u00edas luego de fin de a\u00f1o<\/strong>, lo que refuerza la sensaci\u00f3n de incertidumbre permanente para miles de trabajadores.<\/p>\n\n\n\n<p>El&nbsp;<strong>ajuste libertario<\/strong>&nbsp;no afect\u00f3 a todas las \u00e1reas por igual y los m\u00e1s perjudicados, de acuerdo al an\u00e1lisis del CEPA, fueron los organismos descentralizados seguidos por las empresas p\u00fablicas.<\/p>\n\n\n\n<p>El caso m\u00e1s impactante es el del&nbsp;<strong>Correo Argentino<\/strong>&nbsp;donde se destruyeron 5.232 puestos de trabajo.&nbsp;<strong>Operadora Ferroviaria S.E.<\/strong>&nbsp;no se qued\u00f3 atr\u00e1s llegando a las 3.526 cesant\u00edas y&nbsp;<strong>Banco Naci\u00f3n<\/strong>&nbsp;complet\u00f3 el podio de despidos con 2.128.<\/p>\n\n\n\n<p>En el \u00e1mbito de la&nbsp;<strong>Administraci\u00f3n P\u00fablica Nacional<\/strong>&nbsp;(APN), que incluye organismos desconcentrados y descentralizados, el caso m\u00e1s significativo en t\u00e9rminos absolutos es el de la&nbsp;<strong>ARCA,<\/strong>&nbsp;con 3.260 puestos de trabajo eliminados.&nbsp;<\/p>\n\n\n\n<p>Le siguen la&nbsp;<strong>CONICET,&nbsp;<\/strong>con 2.080 despidos, y la&nbsp;<strong>ANSES,<\/strong>&nbsp;con una reducci\u00f3n de 1.609 trabajadores.<\/p>\n\n\n\n<p>En t\u00e9rminos proporcionales, el recorte m\u00e1s severo se produjo en el&nbsp;<strong>Consejo Nacional de Coordinaci\u00f3n de Pol\u00edticas Sociales,&nbsp;<\/strong>que perdi\u00f3 el 64\u202f% de su planta de personal.&nbsp;<\/p>\n\n\n\n<p>En segundo lugar, se ubica la&nbsp;<strong>Junta de Seguridad en el Transporte (<\/strong>JST), con una reducci\u00f3n del 47\u202f%, y en tercer lugar el<strong>&nbsp;Instituto Nacional de Asociativismo y Econom\u00eda Social (INAES)<\/strong>, que sufri\u00f3 un recorte del 44% de su dotaci\u00f3n.<\/p>\n\n\n\n<h3 class=\"wp-block-heading\">Mapa federal de conflictos<\/h3>\n\n\n\n<p>El Centro de Econom\u00eda Pol\u00edtica Argentina (CEPA) public\u00f3, asimismo, un&nbsp;<strong>mapa federal<\/strong>&nbsp;que contiene los&nbsp;<strong>629 conflictos laborales y cierres de empresas relevados entre 2024 y 2025 por jurisdicci\u00f3n.<\/strong><\/p>\n\n\n\n<p>La&nbsp;<strong>provincia de Buenos Aires figura con m\u00e1s, 168,<\/strong>&nbsp;seguida por&nbsp;<strong>Santa Fe con 65,<\/strong>&nbsp;entre<strong>&nbsp;despidos, suspensiones, cierres, crisis, quiebras, retiros voluntarios y riesgo de venta.<\/strong><\/p>\n\n\n\n<p>Nombres como<strong>&nbsp;Sancor, Vicent\u00edn, Ver\u00f3nica, Vasalli, Tenaris, Ac\u00edndar, Swift, Cargill&nbsp;<\/strong>y otros de renombre se extienden por toda la bota santafesina. En territorio bonaerense predominan las Pymes.<\/p>\n","protected":false},"excerpt":{"rendered":"<p>Un promedio de&nbsp;81 despidos por d\u00eda durante dos a\u00f1os consecutivos&nbsp;se registr\u00f3 en el&nbsp;sector p\u00fablico nacional&nbsp;entre noviembre de 2023 y noviembre de 2025: fueron&nbsp;61.569 puestos de trabajo en total. No fueron&hellip; <\/p>\n","protected":false},"author":2,"featured_media":42969,"comment_status":"closed","ping_status":"closed","sticky":false,"template":"","format":"standard","meta":{"footnotes":""},"categories":[28,21],"tags":[],"class_list":["post-42968","post","type-post","status-publish","format-standard","has-post-thumbnail","hentry","category-destacada","category-economia"],"_links":{"self":[{"href":"https:\/\/eenergetica.com.ar\/index.php\/wp-json\/wp\/v2\/posts\/42968","targetHints":{"allow":["GET"]}}],"collection":[{"href":"https:\/\/eenergetica.com.ar\/index.php\/wp-json\/wp\/v2\/posts"}],"about":[{"href":"https:\/\/eenergetica.com.ar\/index.php\/wp-json\/wp\/v2\/types\/post"}],"author":[{"embeddable":true,"href":"https:\/\/eenergetica.com.ar\/index.php\/wp-json\/wp\/v2\/users\/2"}],"replies":[{"embeddable":true,"href":"https:\/\/eenergetica.com.ar\/index.php\/wp-json\/wp\/v2\/comments?post=42968"}],"version-history":[{"count":1,"href":"https:\/\/eenergetica.com.ar\/index.php\/wp-json\/wp\/v2\/posts\/42968\/revisions"}],"predecessor-version":[{"id":42970,"href":"https:\/\/eenergetica.com.ar\/index.php\/wp-json\/wp\/v2\/posts\/42968\/revisions\/42970"}],"wp:featuredmedia":[{"embeddable":true,"href":"https:\/\/eenergetica.com.ar\/index.php\/wp-json\/wp\/v2\/media\/42969"}],"wp:attachment":[{"href":"https:\/\/eenergetica.com.ar\/index.php\/wp-json\/wp\/v2\/media?parent=42968"}],"wp:term":[{"taxonomy":"category","embeddable":true,"href":"https:\/\/eenergetica.com.ar\/index.php\/wp-json\/wp\/v2\/categories?post=42968"},{"taxonomy":"post_tag","embeddable":true,"href":"https:\/\/eenergetica.com.ar\/index.php\/wp-json\/wp\/v2\/tags?post=42968"}],"curies":[{"name":"wp","href":"https:\/\/api.w.org\/{rel}","templated":true}]}}